{"id":497108,"date":"2021-04-14T13:40:54","date_gmt":"2021-04-14T17:40:54","guid":{"rendered":"https:\/\/diarioelpopular.com\/?p=497108"},"modified":"2021-04-14T13:40:54","modified_gmt":"2021-04-14T17:40:54","slug":"argentina-casi-sin-vacunas-solo-salir-a-trabajar","status":"publish","type":"post","link":"https:\/\/diarioelpopular.com\/index.php\/2021\/04\/14\/argentina-casi-sin-vacunas-solo-salir-a-trabajar\/","title":{"rendered":"Argentina, casi sin vacunas, &#8220;solo salir a trabajar&#8221;"},"content":{"rendered":"<div id=\"attachment_497109\" style=\"width: 310px\" class=\"wp-caption alignnone\"><img loading=\"lazy\" decoding=\"async\" aria-describedby=\"caption-attachment-497109\" class=\"size-medium wp-image-497109\" src=\"https:\/\/diarioelpopular.com\/wp-content\/uploads\/2021\/04\/6e6c7a1853bc3c58cdd7158363b57b39-300x200.jpg\" alt=\"\" width=\"300\" height=\"200\" srcset=\"https:\/\/diarioelpopular.com\/wp-content\/uploads\/2021\/04\/6e6c7a1853bc3c58cdd7158363b57b39-300x200.jpg 300w, https:\/\/diarioelpopular.com\/wp-content\/uploads\/2021\/04\/6e6c7a1853bc3c58cdd7158363b57b39-110x73.jpg 110w, https:\/\/diarioelpopular.com\/wp-content\/uploads\/2021\/04\/6e6c7a1853bc3c58cdd7158363b57b39.jpg 476w\" sizes=\"auto, (max-width: 300px) 100vw, 300px\" \/><p id=\"caption-attachment-497109\" class=\"wp-caption-text\"><em>Funcionarios argentinos recibiendo vacunas en febrero pasado.<\/em><br \/><em>(foto: ANSA)<\/em><\/p><\/div>\n<p><em><strong>BUENOS AIRES 14 ABR &#8211;<\/strong><\/em> La ministra de Salud argentina, Carla Vizzotti, pidi\u00f3 este mi\u00e9rcoles que la gente solo salga &#8220;a trabajar, a realizar las actividades indispensables, a llevar a los chicos a la escuela&#8221;, y postergue &#8220;lo postergable, los festejos, los cumplea\u00f1os, las reuniones con amigos&#8221;, en medio de la carencia de dosis para continuar la campa\u00f1a de vacunaci\u00f3n en el pa\u00eds.<br \/>\nVizzotti record\u00f3 a &#8220;todo el arco pol\u00edtico que no es momento de generar m\u00e1s tensiones&#8221;, ante las cr\u00edticas por las nuevas restricciones anunciadas la semana pasada, aunque a\u00fan no se decidi\u00f3 una reducci\u00f3n de la presencialidad en las escuelas.<br \/>\nLa Argentina enfrenta una situaci\u00f3n cr\u00edtica en materia de ocupaci\u00f3n de camas de terapia intensiva y un r\u00e1pido aumento de contagios, que el martes llegaron a 27.000.<br \/>\nEl gobierno entretanto no inform\u00f3 detalles sobre la llegada de nuevas vacunas y no hay fecha para la recepci\u00f3n de un pr\u00f3ximo lote que permita continuar las vacunaciones.<br \/>\nSeg\u00fan fuentes de prensa distritos muy poblados, como la Ciudad de Buenos Aires y C\u00f3rdoba, tendr\u00e1n que suspender la vacunaci\u00f3n si no llegan nuevas vacunas, y el propio gobierno nacional admiti\u00f3 que puede haber distritos sin nuevas dosis en los pr\u00f3ximos d\u00edas.<br \/>\nHasta se distribuyeron m\u00e1s de siete millones de dosis y se aplicaron m\u00e1s de cinco millones.<br \/>\nMientras tanto, el Ejecutivo encabezado por Alberto Fern\u00e1ndez analiza nuevas restricciones a la circulaci\u00f3n, que probablemente se dar\u00e1n a conocer en los pr\u00f3ximos d\u00edas.<\/p>\n","protected":false},"excerpt":{"rendered":"<p>BUENOS AIRES 14 ABR &#8211; La ministra de Salud argentina, Carla Vizzotti, pidi\u00f3 este mi\u00e9rcoles que la gente solo salga &#8220;a trabajar, a realizar las&hellip;<\/p>\n","protected":false},"author":99,"featured_media":497109,"comment_status":"open","ping_status":"open","sticky":false,"template":"","format":"standard","meta":{"footnotes":""},"categories":[23],"tags":[],"class_list":["post-497108","post","type-post","status-publish","format-standard","has-post-thumbnail","hentry","category-latinoamerica"],"_links":{"self":[{"href":"https:\/\/diarioelpopular.com\/index.php\/wp-json\/wp\/v2\/posts\/497108","targetHints":{"allow":["GET"]}}],"collection":[{"href":"https:\/\/diarioelpopular.com\/index.php\/wp-json\/wp\/v2\/posts"}],"about":[{"href":"https:\/\/diarioelpopular.com\/index.php\/wp-json\/wp\/v2\/types\/post"}],"author":[{"embeddable":true,"href":"https:\/\/diarioelpopular.com\/index.php\/wp-json\/wp\/v2\/users\/99"}],"replies":[{"embeddable":true,"href":"https:\/\/diarioelpopular.com\/index.php\/wp-json\/wp\/v2\/comments?post=497108"}],"version-history":[{"count":1,"href":"https:\/\/diarioelpopular.com\/index.php\/wp-json\/wp\/v2\/posts\/497108\/revisions"}],"predecessor-version":[{"id":497110,"href":"https:\/\/diarioelpopular.com\/index.php\/wp-json\/wp\/v2\/posts\/497108\/revisions\/497110"}],"wp:featuredmedia":[{"embeddable":true,"href":"https:\/\/diarioelpopular.com\/index.php\/wp-json\/wp\/v2\/media\/497109"}],"wp:attachment":[{"href":"https:\/\/diarioelpopular.com\/index.php\/wp-json\/wp\/v2\/media?parent=497108"}],"wp:term":[{"taxonomy":"category","embeddable":true,"href":"https:\/\/diarioelpopular.com\/index.php\/wp-json\/wp\/v2\/categories?post=497108"},{"taxonomy":"post_tag","embeddable":true,"href":"https:\/\/diarioelpopular.com\/index.php\/wp-json\/wp\/v2\/tags?post=497108"}],"curies":[{"name":"wp","href":"https:\/\/api.w.org\/{rel}","templated":true}]}}