{"id":497130,"date":"2021-04-15T12:01:58","date_gmt":"2021-04-15T16:01:58","guid":{"rendered":"https:\/\/diarioelpopular.com\/?p=497130"},"modified":"2021-04-15T12:01:58","modified_gmt":"2021-04-15T16:01:58","slug":"nuevas-variantes-tienen-de-rodillas-a-chile","status":"publish","type":"post","link":"https:\/\/diarioelpopular.com\/index.php\/2021\/04\/15\/nuevas-variantes-tienen-de-rodillas-a-chile\/","title":{"rendered":"Nuevas variantes tienen &#8220;de rodillas&#8221; a Chile"},"content":{"rendered":"<div id=\"attachment_497131\" style=\"width: 160px\" class=\"wp-caption alignnone\"><img loading=\"lazy\" decoding=\"async\" aria-describedby=\"caption-attachment-497131\" class=\"size-thumbnail wp-image-497131\" src=\"https:\/\/diarioelpopular.com\/wp-content\/uploads\/2021\/04\/38db35f43ac534be6777d8d2cfcce039-150x150.jpg\" alt=\"\" width=\"150\" height=\"150\" \/><p id=\"caption-attachment-497131\" class=\"wp-caption-text\"><em>Vacunaci\u00f3n en Chile contra el coronavirus (foto: ANSA)<\/em><\/p><\/div>\n<h4><em><strong>Bi\u00f3logo computacional advierte, al 30 abril no habr\u00e1 camas UCI<\/strong><\/em><\/h4>\n<p><em><strong>SANTIAGO DE CHILE, 15 APR &#8211;<\/strong> <\/em>&#8220;Estamos de rodillas&#8221;, asever\u00f3 a ANSA el bi\u00f3logo computacional chileno Tom\u00e1s P\u00e9rez-Acle, al graficar la situaci\u00f3n de la pandemia en Chile con una explosi\u00f3n de contagios en abril y una ocupaci\u00f3n al 97% de las camas cr\u00edticas que tienen colapsado al sistema sanitario.<br \/>\nFundador del primer laboratorio de supercomputadores del pa\u00eds, explic\u00f3 que pese a la &#8220;campa\u00f1a exitos\u00edsima de vacunaci\u00f3n, muy r\u00e1pida y muy buena, con todo el segmento mayor de 60 a\u00f1os vacunado con las dos dosis&#8221;, al &#8220;30 de abril se nos acaban las camas cr\u00edticas&#8221;.<br \/>\nConsultado sobre c\u00f3mo Chile deriv\u00f3 en una situaci\u00f3n tan catastr\u00f3fica, record\u00f3 que la comunidad cient\u00edfica alert\u00f3 a las autoridades a fines de diciembre pasado que la edad de las personas infectadas estaba traslad\u00e1ndose hacia las m\u00e1s j\u00f3venes, entre 20 y 49 a\u00f1os, a diferencia de la primera ola en que se concentr\u00f3 en los adultos mayores.<br \/>\nSegundo, gente m\u00e1s joven estaba requiriendo hospitalizaci\u00f3n en las Unidades de Cuidado Intensivo (UCI) &#8220;y aquellos que se complican permanecen m\u00e1s tiempo provoc\u00e1ndose una baja rotaci\u00f3n de camas cr\u00edticas&#8221;.<br \/>\nTercero, gente m\u00e1s joven estaba muriendo y, cuarto, alta tasa de movilidad por el relajo que se produjo en las vacaciones, pero &#8220;principalmente por la dispersi\u00f3n de las nuevas variantes del virus&#8221;.<br \/>\n&#8220;La \u00fanica forma de explicar el cuadro actual de Chile -al alcanzar 9.000 contagios diarios el jueves pasado- es un 20% atribuible al exceso de movilidad, pero el 80% es por la dispersi\u00f3n de la variante P1 de Brasil&#8221;, subray\u00f3.<br \/>\nInvitado al Festival de Ciencia Puerto Ideas, Antofagasta 2021, se\u00f1al\u00f3 que las variantes que desarrollan los virus &#8220;son m\u00e1s infecciosas y demoran m\u00e1s tiempo en superar el cuadro viral&#8221;, es decir, requieren cuarentenas superiores a los 11 o 14 d\u00edas y m\u00e1s bien son de 20 a 21 d\u00edas.<br \/>\nExplic\u00f3 que en enero apareci\u00f3 en Manaos (Brasil) la P1 en una condici\u00f3n de infecci\u00f3n muy grande porque hab\u00edan apostado a la inmunidad de reba\u00f1o natural (sin vacuna, sino por contagio).<br \/>\nLa variante P1, apunt\u00f3, &#8220;tiene todo lo malo de la variante inglesa y de la sudafricana&#8221;.<br \/>\n&#8220;Eso es lo que tiene de cabeza a todos los que tienen contacto con Brasil, como Uruguay, Argentina y Chile&#8221;. Mencion\u00f3 que de los internados en dos importantes cl\u00ednicas de Santiago, el 60% de los pacientes Covid ten\u00edan la variable P1.<br \/>\nLas autoridades sanitarias chilenas han apostado a tener una inmunidad reba\u00f1o al 30 de junio, pero advierte P\u00e9rez Acle que la vacuna Sinovac -con la cual se ha vacunado a la mayor\u00eda de la poblaci\u00f3n- en las variantes nuevas cae al 10% en evitar la infecci\u00f3n y a un 50% reduce la enfermedad grave, &#8220;es lo que demuestra el trabajo de campo en Manaos&#8221;.<br \/>\n&#8220;Aunque se vacune al 100% de la poblaci\u00f3n no vas a lograr inmunidad de reba\u00f1o porque la mitad de la ciudadan\u00eda se te puede morir porque no evita la enfermedad grave&#8221;, asever\u00f3.<br \/>\nEl experto proyect\u00f3 que entre la tercera y cuarta semana de abril se tendr\u00e1 el pico de esta nueva ola con 10.000 a 12.000 infectados diarios probables, aunque no descarta que pueda producirse hoy.<br \/>\nEn este escenario es partidario de posponer las elecciones de candidatos a la convenci\u00f3n constituyente, alcaldes, concejales y gobernadores, ya postergadas para el 15 y 16 de mayo.<br \/>\nComparti\u00f3 que &#8220;la poblaci\u00f3n est\u00e1 muy ansiosa, yo tambi\u00e9n quiero un cambio del contrato social, pero no podemos arriesgar la salud de la gente, si se puede postergar en un mes&#8221;.<br \/>\nDestac\u00f3 por \u00faltimo que hay un buen dato y es que ya va a haber una buena cantidad de personas con dos dosis de vacunas, porque en eso es categ\u00f3rico, &#8220;la peor vacuna es la que no se pone&#8221;.<\/p>\n","protected":false},"excerpt":{"rendered":"<p>Bi\u00f3logo computacional advierte, al 30 abril no habr\u00e1 camas UCI SANTIAGO DE CHILE, 15 APR &#8211; &#8220;Estamos de rodillas&#8221;, asever\u00f3 a ANSA el bi\u00f3logo computacional&hellip;<\/p>\n","protected":false},"author":99,"featured_media":497131,"comment_status":"open","ping_status":"open","sticky":false,"template":"","format":"standard","meta":{"footnotes":""},"categories":[23],"tags":[],"class_list":["post-497130","post","type-post","status-publish","format-standard","has-post-thumbnail","hentry","category-latinoamerica"],"_links":{"self":[{"href":"https:\/\/diarioelpopular.com\/index.php\/wp-json\/wp\/v2\/posts\/497130","targetHints":{"allow":["GET"]}}],"collection":[{"href":"https:\/\/diarioelpopular.com\/index.php\/wp-json\/wp\/v2\/posts"}],"about":[{"href":"https:\/\/diarioelpopular.com\/index.php\/wp-json\/wp\/v2\/types\/post"}],"author":[{"embeddable":true,"href":"https:\/\/diarioelpopular.com\/index.php\/wp-json\/wp\/v2\/users\/99"}],"replies":[{"embeddable":true,"href":"https:\/\/diarioelpopular.com\/index.php\/wp-json\/wp\/v2\/comments?post=497130"}],"version-history":[{"count":1,"href":"https:\/\/diarioelpopular.com\/index.php\/wp-json\/wp\/v2\/posts\/497130\/revisions"}],"predecessor-version":[{"id":497132,"href":"https:\/\/diarioelpopular.com\/index.php\/wp-json\/wp\/v2\/posts\/497130\/revisions\/497132"}],"wp:featuredmedia":[{"embeddable":true,"href":"https:\/\/diarioelpopular.com\/index.php\/wp-json\/wp\/v2\/media\/497131"}],"wp:attachment":[{"href":"https:\/\/diarioelpopular.com\/index.php\/wp-json\/wp\/v2\/media?parent=497130"}],"wp:term":[{"taxonomy":"category","embeddable":true,"href":"https:\/\/diarioelpopular.com\/index.php\/wp-json\/wp\/v2\/categories?post=497130"},{"taxonomy":"post_tag","embeddable":true,"href":"https:\/\/diarioelpopular.com\/index.php\/wp-json\/wp\/v2\/tags?post=497130"}],"curies":[{"name":"wp","href":"https:\/\/api.w.org\/{rel}","templated":true}]}}