{"id":497148,"date":"2021-04-15T12:13:51","date_gmt":"2021-04-15T16:13:51","guid":{"rendered":"https:\/\/diarioelpopular.com\/?p=497148"},"modified":"2021-04-15T12:13:51","modified_gmt":"2021-04-15T16:13:51","slug":"maestros-protestan-en-argentina-para-exigir-que-se-suspendan-las-clases-presenciales-por-aumento-de-casos-covid-19","status":"publish","type":"post","link":"https:\/\/diarioelpopular.com\/index.php\/2021\/04\/15\/maestros-protestan-en-argentina-para-exigir-que-se-suspendan-las-clases-presenciales-por-aumento-de-casos-covid-19\/","title":{"rendered":"Maestros protestan en Argentina para exigir que se suspendan las clases presenciales por aumento de casos covid-19"},"content":{"rendered":"<div id=\"attachment_497149\" style=\"width: 310px\" class=\"wp-caption alignnone\"><img loading=\"lazy\" decoding=\"async\" aria-describedby=\"caption-attachment-497149\" class=\"size-medium wp-image-497149\" src=\"https:\/\/diarioelpopular.com\/wp-content\/uploads\/2021\/04\/protestan_en_Argentina-300x200.jpg\" alt=\"\" width=\"300\" height=\"200\" srcset=\"https:\/\/diarioelpopular.com\/wp-content\/uploads\/2021\/04\/protestan_en_Argentina-300x200.jpg 300w, https:\/\/diarioelpopular.com\/wp-content\/uploads\/2021\/04\/protestan_en_Argentina-636x424.jpg 636w, https:\/\/diarioelpopular.com\/wp-content\/uploads\/2021\/04\/protestan_en_Argentina-109x73.jpg 109w, https:\/\/diarioelpopular.com\/wp-content\/uploads\/2021\/04\/protestan_en_Argentina.jpg 700w\" sizes=\"auto, (max-width: 300px) 100vw, 300px\" \/><p id=\"caption-attachment-497149\" class=\"wp-caption-text\"><em>Los docentes de la capital, Buenos Aires, son los impulsores de la medida.<\/em><\/p><\/div>\n<p>Este mi\u00e9rcoles los profesores de escuelas de Buenos Aires, Argentina, realizaron un cese de actividades y encabezaron movilizaciones para reclamar el fin de la presencialidad en las aulas debido al aumento de los contagios de coronavirus en las \u00faltimas semanas.<\/p>\n<p><strong><em>\u201cNosotros estamos exigiendo la suspensi\u00f3n de la presencialidad en la escuelas dado el grav\u00edsimo incremento de contagios. Estamos pidiendo vacunaci\u00f3n para toda la poblaci\u00f3n, pero espec\u00edficamente para el personal docente y no docente que trabaja en las escuelas\u201d<\/em><\/strong>, se\u00f1al\u00f3 Mar\u00eda Isabel Grau, secretaria de prensa de la Asociaci\u00f3n Docente de Ense\u00f1anza Media y Superior (Ademys), organizaci\u00f3n que convoc\u00f3 la protesta y que congrega a unos 3.000 trabajadores de la educaci\u00f3n.<\/p>\n<p>El reclamo incluye tambi\u00e9n &#8220;equipos y conectividad gratuita para las familias de la comunidad educativa&#8221;.<\/p>\n<p><strong><em>&#8220;Y que haya un ingreso de emergencia para las familias trabajadoras que lo necesitan, dado que la suspensi\u00f3n de la presencialidad seguramente implicar\u00e1 dificultades en t\u00e9rminos de trabajo para muchas familias&#8221;<\/em><\/strong>, agreg\u00f3 Grau.<\/p>\n<p>Adem\u00e1s del cese de actividades, convocaron una &#8220;movilizaci\u00f3n en caravana educativa de autos&#8221; desde el Congreso nacional hasta la sede del Ministerio de Educaci\u00f3n.<\/p>\n<p>La protesta estuvo apoyada por el sindicato de Uni\u00f3n de Trabajadores de la Educaci\u00f3n (UTE), que cuenta con cerca de 15.000 afiliados y que tambi\u00e9n exige el fin de las clases presenciales en zonas de alta transmisi\u00f3n viral.<\/p>\n<p>El ministro de Educaci\u00f3n, Nicol\u00e1s Trotta, descart\u00f3 un cierre total de las escuelas, si bien dej\u00f3 abierta la puerta a posibles restricciones en las zonas m\u00e1s afectadas.<\/p>\n<p>&#8220;Si tiene que haber una disminuci\u00f3n de presencialidad por la segunda ola, no deber\u00eda implicar la suspensi\u00f3n absoluta, puede restringirse en zonas que presenten mayor complejidad como aporte a la baja en la circulaci\u00f3n, siempre considerando la menor unidad geogr\u00e1fica posible&#8221;, public\u00f3 en su perfil de Twitter.<\/p>\n<p>Trotta agreg\u00f3 que <strong><em>&#8220;en este escenario de complejidad, las restricciones deben estar vinculadas a los \u00e1mbitos sociales no protocolarizados que se desarrollan fuera de la escuela&#8221;<\/em><\/strong>.<\/p>\n<p>Las clases presenciales en Buenos Aires, al igual que en el resto de pa\u00eds, se suspendieron con el inicio de la pandemia el 16 de marzo de 2020, 4 d\u00edas antes del comienzo de la cuarentena, y tras casi todo un curso de educaci\u00f3n a distancia la presencialidad se retom\u00f3 con el inicio del actual periodo lectivo el 17 de febrero.<\/p>\n<p>Argentina transita desde hace semanas un aumento en la cifra diaria de contagios, que las autoridades calificaron de segunda ola y que ya provoc\u00f3 un primer paquete de medidas por parte del Gobierno, que incluyen un toque de queda a la circulaci\u00f3n entre las 00:00 y las 06:00 horas y el uso exclusivo de transporte p\u00fablico para el personal esencial, que tambi\u00e9n podr\u00e1n utilizar alumnos y docentes.<\/p>\n<p>Seg\u00fan las cifras oficiales, en Argentina se han reportado 2.579.000 contagios y 58.174 fallecimientos.<\/p>\n","protected":false},"excerpt":{"rendered":"<p>Este mi\u00e9rcoles los profesores de escuelas de Buenos Aires, Argentina, realizaron un cese de actividades y encabezaron movilizaciones para reclamar el fin de la presencialidad&hellip;<\/p>\n","protected":false},"author":99,"featured_media":497149,"comment_status":"open","ping_status":"open","sticky":false,"template":"","format":"standard","meta":{"footnotes":""},"categories":[23],"tags":[],"class_list":["post-497148","post","type-post","status-publish","format-standard","has-post-thumbnail","hentry","category-latinoamerica"],"_links":{"self":[{"href":"https:\/\/diarioelpopular.com\/index.php\/wp-json\/wp\/v2\/posts\/497148","targetHints":{"allow":["GET"]}}],"collection":[{"href":"https:\/\/diarioelpopular.com\/index.php\/wp-json\/wp\/v2\/posts"}],"about":[{"href":"https:\/\/diarioelpopular.com\/index.php\/wp-json\/wp\/v2\/types\/post"}],"author":[{"embeddable":true,"href":"https:\/\/diarioelpopular.com\/index.php\/wp-json\/wp\/v2\/users\/99"}],"replies":[{"embeddable":true,"href":"https:\/\/diarioelpopular.com\/index.php\/wp-json\/wp\/v2\/comments?post=497148"}],"version-history":[{"count":1,"href":"https:\/\/diarioelpopular.com\/index.php\/wp-json\/wp\/v2\/posts\/497148\/revisions"}],"predecessor-version":[{"id":497150,"href":"https:\/\/diarioelpopular.com\/index.php\/wp-json\/wp\/v2\/posts\/497148\/revisions\/497150"}],"wp:featuredmedia":[{"embeddable":true,"href":"https:\/\/diarioelpopular.com\/index.php\/wp-json\/wp\/v2\/media\/497149"}],"wp:attachment":[{"href":"https:\/\/diarioelpopular.com\/index.php\/wp-json\/wp\/v2\/media?parent=497148"}],"wp:term":[{"taxonomy":"category","embeddable":true,"href":"https:\/\/diarioelpopular.com\/index.php\/wp-json\/wp\/v2\/categories?post=497148"},{"taxonomy":"post_tag","embeddable":true,"href":"https:\/\/diarioelpopular.com\/index.php\/wp-json\/wp\/v2\/tags?post=497148"}],"curies":[{"name":"wp","href":"https:\/\/api.w.org\/{rel}","templated":true}]}}