{"id":497165,"date":"2021-04-16T12:33:03","date_gmt":"2021-04-16T16:33:03","guid":{"rendered":"https:\/\/diarioelpopular.com\/?p=497165"},"modified":"2021-04-16T12:33:03","modified_gmt":"2021-04-16T16:33:03","slug":"maestros-de-mexico-seran-vacunados-entre-el-20-de-abril-y-el-de-28-de-mayo","status":"publish","type":"post","link":"https:\/\/diarioelpopular.com\/index.php\/2021\/04\/16\/maestros-de-mexico-seran-vacunados-entre-el-20-de-abril-y-el-de-28-de-mayo\/","title":{"rendered":"Maestros de M\u00e9xico ser\u00e1n vacunados entre el 20 de abril y el de 28 de mayo"},"content":{"rendered":"<h4><img loading=\"lazy\" decoding=\"async\" class=\"alignnone size-medium wp-image-497166\" src=\"https:\/\/diarioelpopular.com\/wp-content\/uploads\/2021\/04\/Screen-Shot-2021-04-16-at-12.32.33-PM-266x300.png\" alt=\"\" width=\"266\" height=\"300\" srcset=\"https:\/\/diarioelpopular.com\/wp-content\/uploads\/2021\/04\/Screen-Shot-2021-04-16-at-12.32.33-PM-266x300.png 266w, https:\/\/diarioelpopular.com\/wp-content\/uploads\/2021\/04\/Screen-Shot-2021-04-16-at-12.32.33-PM-65x73.png 65w, https:\/\/diarioelpopular.com\/wp-content\/uploads\/2021\/04\/Screen-Shot-2021-04-16-at-12.32.33-PM.png 318w\" sizes=\"auto, (max-width: 266px) 100vw, 266px\" \/><\/h4>\n<h4><em><strong>Hugo L\u00f3pez-Gatell inform\u00f3 que la vacunaci\u00f3n contra COVID-19 a los maestros en M\u00e9xico iniciar\u00e1 el 20 de abril y terminar\u00e1 el 28 abril.<\/strong><\/em><\/h4>\n<p>Este viernes, el Gobierno de M\u00e9xico anunci\u00f3 su plan de\u00a0vacunaci\u00f3n contra COVID-19 de los 3,03 millones de\u00a0maestros, que iniciar\u00e1 el 20 de abril y concluir\u00e1 el 28 de mayo con el f\u00e1rmaco chino CanSino para facilitar el retorno presencial a las escuelas.<\/p>\n<p>\u201cPara el personal educativo hemos elegido la vacuna CanSino, que ofrece varias ventajas\u201d, anunci\u00f3 el zar del Gobierno contra el coronavirus, Hugo L\u00f3pez-Gatell, quien se\u00f1al\u00f3 que solo requiere una dosis, tiene \u201cuna eficacia muy alta\u201d y \u201cno requiere de ultracongelaci\u00f3n\u201d.<\/p>\n<p>En la conferencia matutina del presidente, Andr\u00e9s Manuel L\u00f3pez Obrador, el epidemi\u00f3logo precis\u00f3 el calendario de vacunaci\u00f3n de los maestros, que ser\u00e1 distribuido\u00a0en bloques de acuerdo con el nivel de riesgo en cada entidad.<\/p>\n<p>&nbsp;<\/p>\n","protected":false},"excerpt":{"rendered":"<p>Hugo L\u00f3pez-Gatell inform\u00f3 que la vacunaci\u00f3n contra COVID-19 a los maestros en M\u00e9xico iniciar\u00e1 el 20 de abril y terminar\u00e1 el 28 abril. Este viernes,&hellip;<\/p>\n","protected":false},"author":99,"featured_media":497166,"comment_status":"open","ping_status":"open","sticky":false,"template":"","format":"standard","meta":{"footnotes":""},"categories":[23],"tags":[],"class_list":["post-497165","post","type-post","status-publish","format-standard","has-post-thumbnail","hentry","category-latinoamerica"],"_links":{"self":[{"href":"https:\/\/diarioelpopular.com\/index.php\/wp-json\/wp\/v2\/posts\/497165","targetHints":{"allow":["GET"]}}],"collection":[{"href":"https:\/\/diarioelpopular.com\/index.php\/wp-json\/wp\/v2\/posts"}],"about":[{"href":"https:\/\/diarioelpopular.com\/index.php\/wp-json\/wp\/v2\/types\/post"}],"author":[{"embeddable":true,"href":"https:\/\/diarioelpopular.com\/index.php\/wp-json\/wp\/v2\/users\/99"}],"replies":[{"embeddable":true,"href":"https:\/\/diarioelpopular.com\/index.php\/wp-json\/wp\/v2\/comments?post=497165"}],"version-history":[{"count":1,"href":"https:\/\/diarioelpopular.com\/index.php\/wp-json\/wp\/v2\/posts\/497165\/revisions"}],"predecessor-version":[{"id":497167,"href":"https:\/\/diarioelpopular.com\/index.php\/wp-json\/wp\/v2\/posts\/497165\/revisions\/497167"}],"wp:featuredmedia":[{"embeddable":true,"href":"https:\/\/diarioelpopular.com\/index.php\/wp-json\/wp\/v2\/media\/497166"}],"wp:attachment":[{"href":"https:\/\/diarioelpopular.com\/index.php\/wp-json\/wp\/v2\/media?parent=497165"}],"wp:term":[{"taxonomy":"category","embeddable":true,"href":"https:\/\/diarioelpopular.com\/index.php\/wp-json\/wp\/v2\/categories?post=497165"},{"taxonomy":"post_tag","embeddable":true,"href":"https:\/\/diarioelpopular.com\/index.php\/wp-json\/wp\/v2\/tags?post=497165"}],"curies":[{"name":"wp","href":"https:\/\/api.w.org\/{rel}","templated":true}]}}