{"id":497175,"date":"2021-04-17T12:00:29","date_gmt":"2021-04-17T16:00:29","guid":{"rendered":"https:\/\/diarioelpopular.com\/?p=497175"},"modified":"2021-04-17T12:00:29","modified_gmt":"2021-04-17T16:00:29","slug":"cinco-ciudades-de-colombia-bloqueadas","status":"publish","type":"post","link":"https:\/\/diarioelpopular.com\/index.php\/2021\/04\/17\/cinco-ciudades-de-colombia-bloqueadas\/","title":{"rendered":"Cinco ciudades de Colombia bloqueadas"},"content":{"rendered":"<div id=\"attachment_497176\" style=\"width: 310px\" class=\"wp-caption alignnone\"><img loading=\"lazy\" decoding=\"async\" aria-describedby=\"caption-attachment-497176\" class=\"size-medium wp-image-497176\" src=\"https:\/\/diarioelpopular.com\/wp-content\/uploads\/2021\/04\/c16f9fce6a89c32773748e1b9e8dcb37-300x200.jpg\" alt=\"\" width=\"300\" height=\"200\" srcset=\"https:\/\/diarioelpopular.com\/wp-content\/uploads\/2021\/04\/c16f9fce6a89c32773748e1b9e8dcb37-300x200.jpg 300w, https:\/\/diarioelpopular.com\/wp-content\/uploads\/2021\/04\/c16f9fce6a89c32773748e1b9e8dcb37-110x73.jpg 110w, https:\/\/diarioelpopular.com\/wp-content\/uploads\/2021\/04\/c16f9fce6a89c32773748e1b9e8dcb37.jpg 476w\" sizes=\"auto, (max-width: 300px) 100vw, 300px\" \/><p id=\"caption-attachment-497176\" class=\"wp-caption-text\"><em>Los contagios se multiplican en varias ciudades colombianas<\/em><\/p><\/div>\n<h4><em><strong>Se trata de Bogot\u00e1, Medell\u00edn, Barranquilla, Santa Marta y Cali<\/strong><\/em><\/h4>\n<p><em><strong>BOGOTA 17 ABR &#8211;<\/strong><\/em> Con Cali, la principal ciudad colombiana sobre el Pac\u00edfico, son cinco las capitales de ese pa\u00eds que decretaron cuarentena general durante este fin de semana a consecuencia de la tercera ola de la pandemia, que dispar\u00f3 los niveles de ocupaci\u00f3n de las Unidades de Cuidado Intensivo (UCI).<br \/>\nJorge Iv\u00e1n Ospina, alcalde de Cali, explic\u00f3 que la decisi\u00f3n del encierro de la ciudad desde ma\u00f1ana y hasta el lunes obedece al 92% de ocupaci\u00f3n de las UCI.<br \/>\nOspina recalc\u00f3 que la determinaci\u00f3n busca desalentar &#8220;las reuniones familiares, los colectivos de personas que se agrupan para ver por televisi\u00f3n f\u00fatbol y los eventos sociales de fin de semana&#8221;, que son -seg\u00fan \u00e9l- los focos de la contaminaci\u00f3n de esa urbe de unos 2,2 millones de habitantes.<br \/>\n&#8220;Las mayores tasas de contagios est\u00e1n en el seno intrafamiliar de los n\u00facleos extendidos&#8221;, agreg\u00f3 el alcalde de Cali, quien es m\u00e9dico.<br \/>\nOspina es uno de los pocos en el pa\u00eds que descree que el tercer pico de la pandemia por el que atraviesa Colombia provoque los niveles de contagio y muerte de los dos anteriores.<br \/>\nPara el mandatario regional, tanto la vacunaci\u00f3n como la &#8220;inmunidad&#8221; que adquirieron quienes superaron la enfermedad son razones para estimar que &#8220;este tercer pico sea m\u00e1s dif\u00edcil que los anteriores&#8221;.<br \/>\nAdem\u00e1s de Cali, las otras ciudades que decretaron cuarentena general fueron Bogot\u00e1, Medell\u00edn, Barranquilla y Santa Marta, cuyos niveles de ocupaci\u00f3n de UCI est\u00e1n por encima de las tasas del resto del pa\u00eds.<br \/>\nEn la capital la orden de encierro empez\u00f3 hoy, lo mismo que en Medell\u00edn, lo que desat\u00f3 la molestia de los comerciantes que reclaman una apertura total o parcial de sus locales, al advertir que est\u00e1n en quiebra.<br \/>\nVarios de esos comerciantes cortaron este viernes algunas v\u00edas principales de la ciudad y amenazaron con abrir sus locales, en un acto de desobediencia civil.<br \/>\n&#8220;Quien abra su establecimiento no estando autorizado tendr\u00e1 un comparendo (sanci\u00f3n econ\u00f3mica, NDR)&#8221;,advirti\u00f3 Luis Ernesto G\u00f3mez, secretario de Gobierno de Bogot\u00e1.<br \/>\nSeg\u00fan los datos diarios que divulga el ministerio de Salud, hasta la v\u00edspera el pa\u00eds ten\u00eda confirmados un total de 2.602.719 positivos y 67.199 v\u00edctimas mortales de la enfermedad.<\/p>\n","protected":false},"excerpt":{"rendered":"<p>Se trata de Bogot\u00e1, Medell\u00edn, Barranquilla, Santa Marta y Cali BOGOTA 17 ABR &#8211; Con Cali, la principal ciudad colombiana sobre el Pac\u00edfico, son cinco&hellip;<\/p>\n","protected":false},"author":99,"featured_media":497176,"comment_status":"open","ping_status":"open","sticky":false,"template":"","format":"standard","meta":{"footnotes":""},"categories":[23],"tags":[],"class_list":["post-497175","post","type-post","status-publish","format-standard","has-post-thumbnail","hentry","category-latinoamerica"],"_links":{"self":[{"href":"https:\/\/diarioelpopular.com\/index.php\/wp-json\/wp\/v2\/posts\/497175","targetHints":{"allow":["GET"]}}],"collection":[{"href":"https:\/\/diarioelpopular.com\/index.php\/wp-json\/wp\/v2\/posts"}],"about":[{"href":"https:\/\/diarioelpopular.com\/index.php\/wp-json\/wp\/v2\/types\/post"}],"author":[{"embeddable":true,"href":"https:\/\/diarioelpopular.com\/index.php\/wp-json\/wp\/v2\/users\/99"}],"replies":[{"embeddable":true,"href":"https:\/\/diarioelpopular.com\/index.php\/wp-json\/wp\/v2\/comments?post=497175"}],"version-history":[{"count":1,"href":"https:\/\/diarioelpopular.com\/index.php\/wp-json\/wp\/v2\/posts\/497175\/revisions"}],"predecessor-version":[{"id":497177,"href":"https:\/\/diarioelpopular.com\/index.php\/wp-json\/wp\/v2\/posts\/497175\/revisions\/497177"}],"wp:featuredmedia":[{"embeddable":true,"href":"https:\/\/diarioelpopular.com\/index.php\/wp-json\/wp\/v2\/media\/497176"}],"wp:attachment":[{"href":"https:\/\/diarioelpopular.com\/index.php\/wp-json\/wp\/v2\/media?parent=497175"}],"wp:term":[{"taxonomy":"category","embeddable":true,"href":"https:\/\/diarioelpopular.com\/index.php\/wp-json\/wp\/v2\/categories?post=497175"},{"taxonomy":"post_tag","embeddable":true,"href":"https:\/\/diarioelpopular.com\/index.php\/wp-json\/wp\/v2\/tags?post=497175"}],"curies":[{"name":"wp","href":"https:\/\/api.w.org\/{rel}","templated":true}]}}