{"id":497181,"date":"2021-04-17T12:05:01","date_gmt":"2021-04-17T16:05:01","guid":{"rendered":"https:\/\/diarioelpopular.com\/?p=497181"},"modified":"2021-04-17T12:05:01","modified_gmt":"2021-04-17T16:05:01","slug":"puja-politica-por-las-clases-en-argentina","status":"publish","type":"post","link":"https:\/\/diarioelpopular.com\/index.php\/2021\/04\/17\/puja-politica-por-las-clases-en-argentina\/","title":{"rendered":"Puja pol\u00edtica por las clases en Argentina"},"content":{"rendered":"<div id=\"attachment_497182\" style=\"width: 310px\" class=\"wp-caption alignnone\"><img loading=\"lazy\" decoding=\"async\" aria-describedby=\"caption-attachment-497182\" class=\"size-medium wp-image-497182\" src=\"https:\/\/diarioelpopular.com\/wp-content\/uploads\/2021\/04\/673d42b7ac9387c39de82380d6da6d0e-300x200.jpg\" alt=\"\" width=\"300\" height=\"200\" srcset=\"https:\/\/diarioelpopular.com\/wp-content\/uploads\/2021\/04\/673d42b7ac9387c39de82380d6da6d0e-300x200.jpg 300w, https:\/\/diarioelpopular.com\/wp-content\/uploads\/2021\/04\/673d42b7ac9387c39de82380d6da6d0e-110x73.jpg 110w, https:\/\/diarioelpopular.com\/wp-content\/uploads\/2021\/04\/673d42b7ac9387c39de82380d6da6d0e.jpg 476w\" sizes=\"auto, (max-width: 300px) 100vw, 300px\" \/><p id=\"caption-attachment-497182\" class=\"wp-caption-text\"><em>Un decreto presidencial cierra las aulas por 15 d\u00edas en Buenos Aires, que se resiste a acatar<\/em><\/p><\/div>\n<h4><em><strong>Buenos Aires contra el presidente. A la Corte por cierres<\/strong><\/em><\/h4>\n<p><em><strong>BUENOS AIRES 17 ABR &#8211;<\/strong><\/em>\u00a0Este es un fin de semana de tensiones pol\u00edticas y judiciales en Argentina, en medio del incremento de los contagios de Covid-19, con el gobierno de la Ciudad de Buenos Aires en dura discrepancia con la administraci\u00f3n nacional, al punto de recurrir a la Corte Suprema para que se anule un decreto de restricciones y suspensi\u00f3n de clases.<br \/>\nTras reunirse con el presidente Alberto Fern\u00e1ndez (peronismo, centro-izquierda), el jefe de Gobierno de la capital argentina, Horacio Rodr\u00edguez Larreta (PRO, centro-derecha), reiter\u00f3 hoy que continuar\u00e1 trabajando durante el fin de semana para que los alumnos est\u00e9n el lunes en las aulas.<br \/>\nLareta dijo que le enviar\u00e1 informaci\u00f3n y documentaci\u00f3n cient\u00edfica al presidente para que revea su decisi\u00f3n. La ciudad sostiene que los alumnos en las aulas no generan un riesgo de contagio, porque se cumplen burbujas de distanciamiento y se controla a docentes y personal auxiliar.<br \/>\nPero Fern\u00e1ndez y su equipo argumentan que las reuniones de las madres y padres al llevar a los peque\u00f1os a los colegios, los traslados hacia las escuelas y el riesgo de que los ni\u00f1os porten el virus a sus casas potencia la expansi\u00f3n del Covid-19.<br \/>\n&#8220;Esta pandemia hay que gestionarla con evidencia y con datos, por eso quiero detenerme en dos comentarios que el presidente hizo en su conferencia de prensa, con datos que son inexactos. El primero tiene que ver con las vacunas. Yo repito lo que dije: hoy estamos viviendo esta situaci\u00f3n porque el Gobierno nacional no cumpli\u00f3 con las vacunas que prometi\u00f3&#8221;, atac\u00f3 Larreta, en un a\u00f1o de legislativas en Argentina.<br \/>\n&#8220;Dijeron (el gobierno nacional, NDR) que en diciembre iban a haber 20 millones de vacunas y hoy solo hay 7 millones de vacunas en el pa\u00eds y, en la Ciudad, ya ma\u00f1ana nos quedamos sin dosis para seguir vacunando a los grupos de riesgo. Si hubiesen cumplido, hoy la situaci\u00f3n ser\u00eda muy distinta&#8221;, dispar\u00f3 luego.<br \/>\n&#8220;Entiendo la preocupaci\u00f3n del Jefe de Gobierno de Buenos Aires, y la comparto, pero yo tengo una responsabilidad y la voy a hacer cumplir&#8221;, replic\u00f3 Fern\u00e1ndez al ratificar las medidas anunciadas para restringir la circulaci\u00f3n en el Aarea Metropolitana de Buenos Aires (AMBA), incluida la vuelta a la virtualidad en las escuelas por dos semanas (hasta el 30 de abril).<br \/>\nLas restricciones &#8220;no son antojadizas y tienen que ver con el rigor de las estad\u00edsticas&#8221;, dijo el mandatario. &#8220;No voy a dejar que el descuido arrastre al conjunto social a una pandemia que a todos nos duele. Desde que volvieron las clases la curva ascendi\u00f3 precipitadamente&#8221;, insisti\u00f3.<br \/>\nUn mes atr\u00e1s, Argentina acumulaba unos 45.498 casos de contagios semanales, mientras que la semana pasada la cifra se triplic\u00f3 a 122.468, seg\u00fan datos del ministerio de Salud, un incremento que impulsan sobre todo Buenos Aires y su periferia.<br \/>\n&#8220;Fern\u00e1ndez y Larreta protagonizaron una cumbre \u00e1spera, sin acuerdos institucionales, que tuvo como saldo una fr\u00e1gil tregua pol\u00edtica que est\u00e1 a merced de la segunda ola del Covid-19&#8221;, escribi\u00f3 el portal Infobae.<br \/>\n&#8220;A m\u00ed, la rebeli\u00f3n no. En el estado de derecho las leyes se cumplen, \u00bfde acuerdo?&#8221;, a\u00f1adi\u00f3 Fern\u00e1ndez, en referencia a los anuncios de los gremios y asociaciones gastron\u00f3micas que dijeron que no acatar\u00e1n el decreto que obliga a cerrar sus negocios durante dos semanas a las 19.<br \/>\nDiez minutos antes de entrar a la reuni\u00f3n con Fern\u00e1ndez, Rodr\u00edguez Larreta present\u00f3 una demanda ante la Corte para garantizar las clases presenciales. La Ciudad inici\u00f3 una acci\u00f3n declarativa de inconstitucionalidad para que se le impida al Estado Nacional llevar adelante &#8220;cualquier acto que implique poner en ejecuci\u00f3n el decreto cuestionado&#8221;. Apunta solo a la decisi\u00f3n sobre las escuelas.<br \/>\nSeg\u00fan la presentaci\u00f3n, el decreto presidencial viola la autonom\u00eda de la Ciudad e implica una virtual intervenci\u00f3n federal. Un dilema sobre el que deber\u00e1 expedirse la Corte, aunque de cara al lunes, padres, estudiantes y docentes a\u00fan no saben qu\u00e9 pasar\u00e1.<br \/>\nFuentes del tribunal de alzada han deslizado que no est\u00e1 previsto un &#8220;tr\u00e1mite expr\u00e9s y r\u00e1pido&#8221; para tratar esa presentaci\u00f3n aunque los acontecimientos son din\u00e1micos y van cambiando a cada minuto.<br \/>\nEs que en los plazos judiciales hay un m\u00ednimo de tiempo que insume el armado del expediente interno, el giro al Procurador General de la Naci\u00f3n, la circulaci\u00f3n por las vocal\u00edas de los cinco miembros para tener una definici\u00f3n. Incluso, el planteo de Buenos Aires podr\u00eda tornarse abstracto, ya que el decreto tiene una vigencia de tan solo dos semanas.<br \/>\nSeg\u00fan Infobae, expertos juristas descartan una reuni\u00f3n urgente entre los miembros de la Corte (son cinco en Argentina).<br \/>\nPero podr\u00eda intervenir un juez de primera instancia en la cuesti\u00f3n, ya que Buenos Aires y la oposici\u00f3n est\u00e1n tambi\u00e9n preparando amparos individuales desde distintas escuelas.<br \/>\nAs\u00ed, mientras se lucha contra el virus en franca expansi\u00f3n, con el riesgo de saturaci\u00f3n hospitalaria, arden las redes sociales respaldando a unos y otros, con un show medi\u00e1tico en continuado y chicanas y pujas pol\u00edticas interminables. La fat\u00eddica &#8220;grieta&#8221; dela que tanto se habla en Argentina.<br \/>\nEn ese aquelarre, el riesgo de muerte, en un pa\u00eds con su econom\u00eda arrasada, es un fantasma al acecho.<\/p>\n","protected":false},"excerpt":{"rendered":"<p>Buenos Aires contra el presidente. A la Corte por cierres BUENOS AIRES 17 ABR &#8211;\u00a0Este es un fin de semana de tensiones pol\u00edticas y judiciales&hellip;<\/p>\n","protected":false},"author":99,"featured_media":497182,"comment_status":"open","ping_status":"open","sticky":false,"template":"","format":"standard","meta":{"footnotes":""},"categories":[23],"tags":[],"class_list":["post-497181","post","type-post","status-publish","format-standard","has-post-thumbnail","hentry","category-latinoamerica"],"_links":{"self":[{"href":"https:\/\/diarioelpopular.com\/index.php\/wp-json\/wp\/v2\/posts\/497181","targetHints":{"allow":["GET"]}}],"collection":[{"href":"https:\/\/diarioelpopular.com\/index.php\/wp-json\/wp\/v2\/posts"}],"about":[{"href":"https:\/\/diarioelpopular.com\/index.php\/wp-json\/wp\/v2\/types\/post"}],"author":[{"embeddable":true,"href":"https:\/\/diarioelpopular.com\/index.php\/wp-json\/wp\/v2\/users\/99"}],"replies":[{"embeddable":true,"href":"https:\/\/diarioelpopular.com\/index.php\/wp-json\/wp\/v2\/comments?post=497181"}],"version-history":[{"count":1,"href":"https:\/\/diarioelpopular.com\/index.php\/wp-json\/wp\/v2\/posts\/497181\/revisions"}],"predecessor-version":[{"id":497183,"href":"https:\/\/diarioelpopular.com\/index.php\/wp-json\/wp\/v2\/posts\/497181\/revisions\/497183"}],"wp:featuredmedia":[{"embeddable":true,"href":"https:\/\/diarioelpopular.com\/index.php\/wp-json\/wp\/v2\/media\/497182"}],"wp:attachment":[{"href":"https:\/\/diarioelpopular.com\/index.php\/wp-json\/wp\/v2\/media?parent=497181"}],"wp:term":[{"taxonomy":"category","embeddable":true,"href":"https:\/\/diarioelpopular.com\/index.php\/wp-json\/wp\/v2\/categories?post=497181"},{"taxonomy":"post_tag","embeddable":true,"href":"https:\/\/diarioelpopular.com\/index.php\/wp-json\/wp\/v2\/tags?post=497181"}],"curies":[{"name":"wp","href":"https:\/\/api.w.org\/{rel}","templated":true}]}}