{"id":497210,"date":"2021-04-18T13:34:17","date_gmt":"2021-04-18T17:34:17","guid":{"rendered":"https:\/\/diarioelpopular.com\/?p=497210"},"modified":"2021-04-18T13:34:17","modified_gmt":"2021-04-18T17:34:17","slug":"el-oficialismo-lidera-las-encuestas","status":"publish","type":"post","link":"https:\/\/diarioelpopular.com\/index.php\/2021\/04\/18\/el-oficialismo-lidera-las-encuestas\/","title":{"rendered":"El oficialismo lidera las encuestas"},"content":{"rendered":"<div id=\"attachment_497211\" style=\"width: 310px\" class=\"wp-caption alignnone\"><img loading=\"lazy\" decoding=\"async\" aria-describedby=\"caption-attachment-497211\" class=\"size-medium wp-image-497211\" src=\"https:\/\/diarioelpopular.com\/wp-content\/uploads\/2021\/04\/535727e2d24c2d7d932247d34e64f6f1-300x200.jpg\" alt=\"\" width=\"300\" height=\"200\" srcset=\"https:\/\/diarioelpopular.com\/wp-content\/uploads\/2021\/04\/535727e2d24c2d7d932247d34e64f6f1-300x200.jpg 300w, https:\/\/diarioelpopular.com\/wp-content\/uploads\/2021\/04\/535727e2d24c2d7d932247d34e64f6f1-110x73.jpg 110w, https:\/\/diarioelpopular.com\/wp-content\/uploads\/2021\/04\/535727e2d24c2d7d932247d34e64f6f1.jpg 476w\" sizes=\"auto, (max-width: 300px) 100vw, 300px\" \/><p id=\"caption-attachment-497211\" class=\"wp-caption-text\"><em>Andr\u00e9s L\u00f3pez Obrador, presidente de M\u00e9xico<\/em><\/p><\/div>\n<h4><em><strong>Elecciones intermedias. Respaldo menor al que recibe Obrador<\/strong><\/em><\/h4>\n<p><em><strong>CIUDAD DE MEXICO, 18 APR &#8211;<\/strong><\/em> El gobernante Movimiento de Regeneraci\u00f3n Nacional (Morena, izquierda) de M\u00e9xico acapara el 45% de las intenciones de voto de cara a las elecciones intermedias del 6 de junio pr\u00f3ximo para renovar las 500 bancas de la C\u00e1mara de Diputados.<br \/>\nSe trata de un apoyo de m\u00e1s del doble de las preferencias de las dos grandes fuerzas de la oposici\u00f3n, el Partido Revolucionario Institucional (PRI, centro), que s\u00f3lo cuenta con el favor del 18% de los votantes potenciales y del Partido Acci\u00f3n Nacional (PAN, derecha), que aglutina el 17% de los sufragios posibles.<br \/>\nAs\u00ed lo revela una encuesta del diario capitalino Reforma, que midi\u00f3 s\u00f3lo los posibles resultados de las elecciones para renovar la C\u00e1mara Baja, pero no incluy\u00f3 otros cargos en disputa, de casi 21.000, como las 15 de las 32 gobernaciones del pa\u00eds.<br \/>\nSe trata de las elecciones m\u00e1s concurridas en la historia de M\u00e9xico, a las que han sido convocados cerca de 95 millones de personas, cinco millones que en los comicios presidenciales de 2018.<br \/>\nEn la lista de prioridades en la mente de las personas a la hora de votar, los ciudadanos colocan por encima de todo (45%) a la econom\u00eda, despu\u00e9s a la inseguridad (33%) y al final el manejo de la pandemia (19%), de acuerdo con el estudio.<br \/>\nLa mayor\u00eda de los mexicanos interrogados (56%) consider\u00f3 que &#8220;las cosas no est\u00e1n tan mal&#8221; como para regresar a los reg\u00edmenes anteriores del PRI (que gobern\u00f3 a M\u00e9xico entre 1929 y 2000 y luego entre 2012 y 2018) y el PAN (que lo hizo entre 2000 y 2012) y s\u00f3lo 31% piensa que &#8220;est\u00e1bamos mejor antes&#8221; de la llegada al poder del presidente Andr\u00e9s L\u00f3pez Obrador.<br \/>\nEl respaldo a Morena contrasta tambi\u00e9n con el alto nivel de aprobaci\u00f3n del mandatario que asciende a 63%, de acuerdo con la compulsa, un aumento de 2 puntos respecto al trimestre anterior, aunque 15 puntos debajo de como inici\u00f3 su gesti\u00f3n.<br \/>\nSeg\u00fan el sondeo, el 49% de los mexicanos considera que es mejor que Morena conserve el control de la C\u00e1mara Baja, contra 38% que piensa lo contrario, es decir, que es m\u00e1s positivo que la oposici\u00f3n domine este \u00f3rgano legislativo.<br \/>\nEl nivel de aprobaci\u00f3n general de L\u00f3pez Obrador es mayor al otorgado a la forma en que el gobierno lleva las riendas de la lucha contra la pandemia de Covid-19.<br \/>\nAs\u00ed, s\u00f3lo el 58% favorece la gesti\u00f3n contra la crisis sanitaria (aunque sorprendentemente dos puntos arriba del trimestre anterior y 6 puntos por encima de hace dos trimestres), mientras que 39% la rechaza.<br \/>\nParad\u00f3jicamente, a la pregunta de si el gobierno &#8220;tiene bajo control la situaci\u00f3n del coronavirus en M\u00e9xico&#8221;, el 52% considera que no (contra 61% del trimestre previo) y el 42% responde que s\u00ed (10 puntos arriba que en diciembre pasado).<br \/>\nEn el ranking que valora la forma en que el presidente ha lidiado con los distintos problemas de la agenda p\u00fablica, los programas sociales son los mejor calificados (49% a favor, 29% en contra), y el combate el crimen los peores (27% a favor y 49% en contra).<br \/>\nEn los primeros lugares entre los temas en los que L\u00f3pez Obrador ha tenido un mejor desempe\u00f1o figuran educaci\u00f3n (46% de opiniones positivas), Salud (45%), combate a la pobreza (42%) y pandemia del coronavirus (41%).<br \/>\nEl peor manejo incluye despu\u00e9s de la lucha contra el crimen organizado a la econom\u00eda (32% a favor, 46% en contra), seguridad (35% y 44%), combate a la corrupci\u00f3n (36% y 41%) y movimiento feminista (37% y 26%).<br \/>\nEn el \u00e1mbito de la econom\u00eda, el 47% de los integrantes de la muestra considera que la situaci\u00f3n &#8220;ha empeorado), contra 25% que opina lo contrario y 27% que estima que sigue igual.<br \/>\nA la hora de definir responsables de que este sector vital se mantenga en condiciones precarias, el 56% no tiene dudas de que es la pandemia de Covid-19, mientras que el 29% lo atribuye a L\u00f3pez Obrador y 10% al gobernador de su estado.<br \/>\nOtro aspecto que llama la atenci\u00f3n del sondeo del diario capitalino es que el 40% de los mexicanos piensa que su situaci\u00f3n permanece igual que hace un a\u00f1o, mientras que el 39% estima que se encuentra peor y s\u00f3lo 20% considera que igual.<\/p>\n","protected":false},"excerpt":{"rendered":"<p>Elecciones intermedias. Respaldo menor al que recibe Obrador CIUDAD DE MEXICO, 18 APR &#8211; El gobernante Movimiento de Regeneraci\u00f3n Nacional (Morena, izquierda) de M\u00e9xico acapara&hellip;<\/p>\n","protected":false},"author":99,"featured_media":497211,"comment_status":"open","ping_status":"open","sticky":false,"template":"","format":"standard","meta":{"footnotes":""},"categories":[23],"tags":[],"class_list":["post-497210","post","type-post","status-publish","format-standard","has-post-thumbnail","hentry","category-latinoamerica"],"_links":{"self":[{"href":"https:\/\/diarioelpopular.com\/index.php\/wp-json\/wp\/v2\/posts\/497210","targetHints":{"allow":["GET"]}}],"collection":[{"href":"https:\/\/diarioelpopular.com\/index.php\/wp-json\/wp\/v2\/posts"}],"about":[{"href":"https:\/\/diarioelpopular.com\/index.php\/wp-json\/wp\/v2\/types\/post"}],"author":[{"embeddable":true,"href":"https:\/\/diarioelpopular.com\/index.php\/wp-json\/wp\/v2\/users\/99"}],"replies":[{"embeddable":true,"href":"https:\/\/diarioelpopular.com\/index.php\/wp-json\/wp\/v2\/comments?post=497210"}],"version-history":[{"count":1,"href":"https:\/\/diarioelpopular.com\/index.php\/wp-json\/wp\/v2\/posts\/497210\/revisions"}],"predecessor-version":[{"id":497212,"href":"https:\/\/diarioelpopular.com\/index.php\/wp-json\/wp\/v2\/posts\/497210\/revisions\/497212"}],"wp:featuredmedia":[{"embeddable":true,"href":"https:\/\/diarioelpopular.com\/index.php\/wp-json\/wp\/v2\/media\/497211"}],"wp:attachment":[{"href":"https:\/\/diarioelpopular.com\/index.php\/wp-json\/wp\/v2\/media?parent=497210"}],"wp:term":[{"taxonomy":"category","embeddable":true,"href":"https:\/\/diarioelpopular.com\/index.php\/wp-json\/wp\/v2\/categories?post=497210"},{"taxonomy":"post_tag","embeddable":true,"href":"https:\/\/diarioelpopular.com\/index.php\/wp-json\/wp\/v2\/tags?post=497210"}],"curies":[{"name":"wp","href":"https:\/\/api.w.org\/{rel}","templated":true}]}}