{"id":497213,"date":"2021-04-18T13:36:09","date_gmt":"2021-04-18T17:36:09","guid":{"rendered":"https:\/\/diarioelpopular.com\/?p=497213"},"modified":"2021-04-18T13:36:09","modified_gmt":"2021-04-18T17:36:09","slug":"chile-hace-esfuerzos-y-busca-estabilizar","status":"publish","type":"post","link":"https:\/\/diarioelpopular.com\/index.php\/2021\/04\/18\/chile-hace-esfuerzos-y-busca-estabilizar\/","title":{"rendered":"Chile hace esfuerzos y busca estabilizar"},"content":{"rendered":"<div id=\"attachment_497214\" style=\"width: 310px\" class=\"wp-caption alignnone\"><img loading=\"lazy\" decoding=\"async\" aria-describedby=\"caption-attachment-497214\" class=\"size-medium wp-image-497214\" src=\"https:\/\/diarioelpopular.com\/wp-content\/uploads\/2021\/04\/1460e234537b6a85bca379d1f889f689-300x200.jpg\" alt=\"\" width=\"300\" height=\"200\" srcset=\"https:\/\/diarioelpopular.com\/wp-content\/uploads\/2021\/04\/1460e234537b6a85bca379d1f889f689-300x200.jpg 300w, https:\/\/diarioelpopular.com\/wp-content\/uploads\/2021\/04\/1460e234537b6a85bca379d1f889f689-110x73.jpg 110w, https:\/\/diarioelpopular.com\/wp-content\/uploads\/2021\/04\/1460e234537b6a85bca379d1f889f689.jpg 476w\" sizes=\"auto, (max-width: 300px) 100vw, 300px\" \/><p id=\"caption-attachment-497214\" class=\"wp-caption-text\"><em>Postal de Santiago en pandemia. Calles desiertas y temor<\/em><\/p><\/div>\n<h4><em><strong>Alertan que menores de 50 a\u00f1os no se est\u00e1n vacunando<\/strong><\/em><\/h4>\n<p><em><strong>SANTIAGO DE CHILE, 18 APR &#8211;<\/strong><\/em> Chile realiza esfuerzos por estabilizar los contagios de Covid-19, y este fin de semana report\u00f3 por tercera jornada consecutiva por sobre los 7.000 contagios, distantes de los que podr\u00edan haber sido el pico de la pandemia con 9.171 casos, el viernes 9 de abril, m\u00e1ximo r\u00e9cord en 14 meses.<br \/>\nPese a ser un n\u00famero menor al de hace 7 d\u00edas, se trata del tercer s\u00e1bado con m\u00e1s contagios, 7.796 casos en las \u00faltimas 24 horas. As\u00ed, ya van 1.117.348 personas contagiadas desde la llegada del virus al pa\u00eds, de los cuales 45.965 de ellos son pacientes activos, menor tambi\u00e9n al reportado en la jornada de ayer de 46.492.<br \/>\nConsultado el ministro de Salud, Enrique Paris, respondi\u00f3 que a\u00fan no es posible determinar si ya se alcanz\u00f3 el peak de la pandemia.<br \/>\n&#8220;Durante la semana que est\u00e1 terminando este fin de semana se ha logrado una disminuci\u00f3n, estamos en alrededor de los 7.000 casos, pero nosotros no estamos tranquilos con eso, tenemos que ver en forma retrospectiva, como lo dijimos antes una vez, que haya transcurrido el tiempo, si ese fue o no el peak de presencia viral&#8221;, dijo Paris en la conferencia del balance de casos.<br \/>\nNo obstante, enfatiz\u00f3 que &#8220;afortunadamente estamos en un estado de estabilizaci\u00f3n, hoy d\u00eda por primera vez el informe muestra incluso una disminuci\u00f3n de menos del 1% que no lo quisimos decir, pero estamos en un estado de estabilizaci\u00f3n, sin embargo, eso no significa que hemos derrotado a la pandemia, lo del peak lo vamos a ver en forma retrospectiva y tenemos que seguir trabajando y tenemos que seguir luchando contra este virus&#8221;.<br \/>\nEn tanto, el subsecretario de Redes Asistenciales, Alberto Dougnac, destac\u00f3 que en esta semana se pudieron convertir 407 camas cr\u00edticas adicionales llegando a 4.357, de las que 3.308 est\u00e1n ocupadas por pacientes Covid, de ellos 2.855 con ventilaci\u00f3n mec\u00e1nica.<br \/>\nLas \u00faltimas cifras representan, no obstante, una nueva alza, toda vez que superan el r\u00e9cord de ayer de 3.277 internados con 2.838 con apoyo de ventilaci\u00f3n.<br \/>\nDougnac relev\u00f3 que nuevamente a la baja muestran los pacientes mayores de 70 a\u00f1os (representan el 19% del total) en las Unidades de Cuidados Intensivos (UCI); aquellos entre 60-69 descienden a 47%; los menores de 59 siguen en alza sostenida y hoy se ubican en 24%.<br \/>\nInform\u00f3 tambi\u00e9n que la estad\u00eda promedio se ha reducido en comparaci\u00f3n a la primera ola del a\u00f1o pasado de 16,8 a 16,3 d\u00edas.<br \/>\nPor desglose, los pacientes entre 60-68 a\u00f1os est\u00e1n 18 d\u00edas en las Unidades de Cuidados Intensivos mientras los menores de 39 a\u00f1os est\u00e1n menos tiempo, 13 d\u00edas.<br \/>\nAclar\u00f3 que esta baja &#8220;no resulta de una mayor mortalidad sino a la experiencia en el manejo de la epidemia&#8221;.<br \/>\nRespecto de los fallecidos, hoy se lament\u00f3 la muerte de 132 personas a causa del virus, lo que eleva a 25.055 las v\u00edctimas de la pandemia confirmadas por laboratorio.<br \/>\nEn las \u00faltimas 24 horas, se procesaron 72.806 ex\u00e1menes de PCR a nivel nacional.<br \/>\nEn el informe de hoy, la subsecretaria de salud, Paula Daza, alert\u00f3 que los grupos etarios de menor edad no est\u00e1n cumpliendo con el calendario de vacunaci\u00f3n, &#8220;son los que menos han cumplido con la vacunaci\u00f3n&#8221;.<br \/>\nDetall\u00f3 que un 85% de la poblaci\u00f3n mayor a 65 a\u00f1os se encuentra inmunizada; un 76% los de entre 50 a 59; mientras solo un 65% de los de entre 48 a 49 a\u00f1os se han vacunado esta semana.<br \/>\n&#8220;Es tan importante que este grupo etario acuda a los vacunatorios porque como hemos visto en los estudios, necesitamos estar todos vacunados&#8221;, exhort\u00f3 la autoridad.<br \/>\nEl ministro Paris explic\u00f3 que no hay una falta en los stocks de vacuna que explique el retraso en este grupo, aunque se trata de una poblaci\u00f3n de 900.000 personas, mayor al de los de 70 u 80 a\u00f1os. Al d\u00eda de hoy , hay 7.723.592 personas vacunadas, de las cuales, 5.407.671 completaron el proceso. La poblaci\u00f3n objetivo para alcanzar la inmunidad reba\u00f1o es de 15 millones de personas.<\/p>\n","protected":false},"excerpt":{"rendered":"<p>Alertan que menores de 50 a\u00f1os no se est\u00e1n vacunando SANTIAGO DE CHILE, 18 APR &#8211; Chile realiza esfuerzos por estabilizar los contagios de Covid-19,&hellip;<\/p>\n","protected":false},"author":99,"featured_media":497214,"comment_status":"open","ping_status":"open","sticky":false,"template":"","format":"standard","meta":{"footnotes":""},"categories":[23],"tags":[],"class_list":["post-497213","post","type-post","status-publish","format-standard","has-post-thumbnail","hentry","category-latinoamerica"],"_links":{"self":[{"href":"https:\/\/diarioelpopular.com\/index.php\/wp-json\/wp\/v2\/posts\/497213","targetHints":{"allow":["GET"]}}],"collection":[{"href":"https:\/\/diarioelpopular.com\/index.php\/wp-json\/wp\/v2\/posts"}],"about":[{"href":"https:\/\/diarioelpopular.com\/index.php\/wp-json\/wp\/v2\/types\/post"}],"author":[{"embeddable":true,"href":"https:\/\/diarioelpopular.com\/index.php\/wp-json\/wp\/v2\/users\/99"}],"replies":[{"embeddable":true,"href":"https:\/\/diarioelpopular.com\/index.php\/wp-json\/wp\/v2\/comments?post=497213"}],"version-history":[{"count":1,"href":"https:\/\/diarioelpopular.com\/index.php\/wp-json\/wp\/v2\/posts\/497213\/revisions"}],"predecessor-version":[{"id":497215,"href":"https:\/\/diarioelpopular.com\/index.php\/wp-json\/wp\/v2\/posts\/497213\/revisions\/497215"}],"wp:featuredmedia":[{"embeddable":true,"href":"https:\/\/diarioelpopular.com\/index.php\/wp-json\/wp\/v2\/media\/497214"}],"wp:attachment":[{"href":"https:\/\/diarioelpopular.com\/index.php\/wp-json\/wp\/v2\/media?parent=497213"}],"wp:term":[{"taxonomy":"category","embeddable":true,"href":"https:\/\/diarioelpopular.com\/index.php\/wp-json\/wp\/v2\/categories?post=497213"},{"taxonomy":"post_tag","embeddable":true,"href":"https:\/\/diarioelpopular.com\/index.php\/wp-json\/wp\/v2\/tags?post=497213"}],"curies":[{"name":"wp","href":"https:\/\/api.w.org\/{rel}","templated":true}]}}