{"id":497227,"date":"2021-04-19T10:56:31","date_gmt":"2021-04-19T14:56:31","guid":{"rendered":"https:\/\/diarioelpopular.com\/?p=497227"},"modified":"2021-04-19T10:56:31","modified_gmt":"2021-04-19T14:56:31","slug":"justicia-a-favor-de-clases-en-buenos-aires-rechaza-dnu","status":"publish","type":"post","link":"https:\/\/diarioelpopular.com\/index.php\/2021\/04\/19\/justicia-a-favor-de-clases-en-buenos-aires-rechaza-dnu\/","title":{"rendered":"Justicia a favor de clases en Buenos Aires,rechaza DNU"},"content":{"rendered":"<div id=\"attachment_497228\" style=\"width: 160px\" class=\"wp-caption alignnone\"><img loading=\"lazy\" decoding=\"async\" aria-describedby=\"caption-attachment-497228\" class=\"size-thumbnail wp-image-497228\" src=\"https:\/\/diarioelpopular.com\/wp-content\/uploads\/2021\/04\/c31c13034533bf7618f40aa1a9ed598f-150x150.jpg\" alt=\"\" width=\"150\" height=\"150\" \/><p id=\"caption-attachment-497228\" class=\"wp-caption-text\"><em>Justicia a favor de clases en Buenos Aires,rechaza DNU<\/em><br \/><em>(foto: EPA)<\/em><\/p><\/div>\n<h4><em><strong>Magistrados proh\u00edben decreto de presidente Fern\u00e1ndez<\/strong><\/em><\/h4>\n<p><em><strong>BUENOS AIRES 19 ABR &#8211;<\/strong><\/em> Tras la decisi\u00f3n del presidente de Argentina, Alberto Fern\u00e1ndez, de suspender las clases presenciales por 15 d\u00edas, entre otras cosas, como consecuencia del aumento de contagios de Covid-19, la justicia fall\u00f3 a favor de que los estudiantes de la ciudad de Buenos Aires regresaran a las aulas este lunes prohibiendo as\u00ed el Decreto de Necesidad y Urgencia (DNU) que hab\u00eda firmado el mandatario.<br \/>\n&#8220;Ma\u00f1ana hay clases presenciales en la Ciudad&#8221;, afirm\u00f3 este domingo en conferencia de prensa el jefe de Gobierno de la Ciudad de Buenos Aires, Horacio Rodr\u00edguez Larreta, poco despu\u00e9s del dictamente de la justicia que dispuso que no cierren las escuelas en la capital argentina.<br \/>\nLa prohibici\u00f3n del dictado de clases presenciales alcanzaba a 2.359 unidades educativas que agrupan a una poblaci\u00f3n de 600.000 alumnos.<br \/>\n&#8220;Somos conscientes del enorme da\u00f1o que generaron las escuelas cerradas el a\u00f1o pasado&#8221;, resalt\u00f3 Larreta, al tiempo que admiti\u00f3 que &#8220;los casos est\u00e1n aumentando, pero no nos podemos quedar en educaci\u00f3n o salud&#8221;.<br \/>\n&#8220;Los datos son contundentes&#8221;, reconoci\u00f3 el jefe de gobierno de la ciudad, pero aclar\u00f3 que &#8220;las clases presenciales no aumentan los contagios&#8221;.<br \/>\nSin embargo el funcionario, que es opositor al gobierno nacional, explic\u00f3 que se desplegar\u00e1 un amplio operativo para ordenar el ingreso y la salida en los colegios y pidi\u00f3 a la ciudadan\u00eda a extremar todos los cuidados, como as\u00ed tambi\u00e9n cumplir con los protocolos y reducir el uso del transporte p\u00fablico.<br \/>\n&#8220;Le pido a todos los que quieren defender las clases presenciales que no se re\u00fanan&#8221;, afirm\u00f3.<br \/>\nPor otra parte, Larreta comunic\u00f3 que en el caso de la educaci\u00f3n para adultos s\u00ed pasar\u00e1n a la virtualidad, lo que alcanza a cerca de 120.000 personas.<br \/>\nLa C\u00e1mara de Apelaciones en lo Contencioso Administrativo, Tributario y de Relaciones de Consumo de la ciudad de Buenos Aires orden\u00f3 habilitar este lunes las clases presenciales en la Ciudad de Buenos Aires, en detrimento del DNU que public\u00f3 el gobierno nacional el \u00faltimo viernes.<br \/>\nLa decisi\u00f3n del presidente argentino hab\u00eda generado la reacci\u00f3n inmediata del gobierno de la ciudad de Buenos Aires, que se hab\u00eda comprometido a mantener la presencialidad pese a la complicaci\u00f3n del escenario sanitario por el creciente n\u00famero de contagios de coronavirus.<br \/>\nFern\u00e1ndez adem\u00e1s de suspender las clases presenciales por 15 d\u00edas, decret\u00f3 una serie de restricciones y la limitaci\u00f3n a la circulaci\u00f3n durante la noche y que comenz\u00f3 a regir desde el pasado viernes en todo el Area Metropolitana de Buenos Aires (AMBA, capital y sus suburbios), con el fin de tratar de aplacar la segunda ola de coronavirus.<br \/>\nLos amparos contra el DNU del mandatario hab\u00edan sido presentados por un grupo de docentes nucleados en la ONG Abramos las Escuelas y el espacio Centro de Estudios de Pol\u00edticas P\u00fablicas.<br \/>\nPor otra parte, tras conocer el fallo de la justicia, el presidente Fern\u00e1ndez critic\u00f3 la resoluci\u00f3n y asegur\u00f3 que los magistrados &#8220;est\u00e1n tomando medidas que son del exclusivo resorte de la Justicia Federal&#8221;.<br \/>\n&#8220;No estamos dictando medidas de pol\u00edtica educativa. Son medidas de pol\u00edtica sanitaria en una pandemia. Por eso la Ciudad fue directo a la Corte Suprema de Justicia de la Naci\u00f3n&#8221;, dijo el mandatario en declaraciones a El Destape.<br \/>\nEn tanto los sindicatos que nuclean a los educadores (ATE Capital y UTE-CTERA) convocaron a un paro docente para este lunes.<\/p>\n","protected":false},"excerpt":{"rendered":"<p>Magistrados proh\u00edben decreto de presidente Fern\u00e1ndez BUENOS AIRES 19 ABR &#8211; Tras la decisi\u00f3n del presidente de Argentina, Alberto Fern\u00e1ndez, de suspender las clases presenciales&hellip;<\/p>\n","protected":false},"author":99,"featured_media":497228,"comment_status":"open","ping_status":"open","sticky":false,"template":"","format":"standard","meta":{"footnotes":""},"categories":[23],"tags":[],"class_list":["post-497227","post","type-post","status-publish","format-standard","has-post-thumbnail","hentry","category-latinoamerica"],"_links":{"self":[{"href":"https:\/\/diarioelpopular.com\/index.php\/wp-json\/wp\/v2\/posts\/497227","targetHints":{"allow":["GET"]}}],"collection":[{"href":"https:\/\/diarioelpopular.com\/index.php\/wp-json\/wp\/v2\/posts"}],"about":[{"href":"https:\/\/diarioelpopular.com\/index.php\/wp-json\/wp\/v2\/types\/post"}],"author":[{"embeddable":true,"href":"https:\/\/diarioelpopular.com\/index.php\/wp-json\/wp\/v2\/users\/99"}],"replies":[{"embeddable":true,"href":"https:\/\/diarioelpopular.com\/index.php\/wp-json\/wp\/v2\/comments?post=497227"}],"version-history":[{"count":1,"href":"https:\/\/diarioelpopular.com\/index.php\/wp-json\/wp\/v2\/posts\/497227\/revisions"}],"predecessor-version":[{"id":497229,"href":"https:\/\/diarioelpopular.com\/index.php\/wp-json\/wp\/v2\/posts\/497227\/revisions\/497229"}],"wp:featuredmedia":[{"embeddable":true,"href":"https:\/\/diarioelpopular.com\/index.php\/wp-json\/wp\/v2\/media\/497228"}],"wp:attachment":[{"href":"https:\/\/diarioelpopular.com\/index.php\/wp-json\/wp\/v2\/media?parent=497227"}],"wp:term":[{"taxonomy":"category","embeddable":true,"href":"https:\/\/diarioelpopular.com\/index.php\/wp-json\/wp\/v2\/categories?post=497227"},{"taxonomy":"post_tag","embeddable":true,"href":"https:\/\/diarioelpopular.com\/index.php\/wp-json\/wp\/v2\/tags?post=497227"}],"curies":[{"name":"wp","href":"https:\/\/api.w.org\/{rel}","templated":true}]}}