{"id":497230,"date":"2021-04-19T10:59:02","date_gmt":"2021-04-19T14:59:02","guid":{"rendered":"https:\/\/diarioelpopular.com\/?p=497230"},"modified":"2021-04-19T10:59:02","modified_gmt":"2021-04-19T14:59:02","slug":"las-elecciones-de-peru-disparador-de-casos","status":"publish","type":"post","link":"https:\/\/diarioelpopular.com\/index.php\/2021\/04\/19\/las-elecciones-de-peru-disparador-de-casos\/","title":{"rendered":"Las elecciones de Per\u00fa, disparador de casos"},"content":{"rendered":"<div id=\"attachment_497231\" style=\"width: 160px\" class=\"wp-caption alignnone\"><img loading=\"lazy\" decoding=\"async\" aria-describedby=\"caption-attachment-497231\" class=\"size-thumbnail wp-image-497231\" src=\"https:\/\/diarioelpopular.com\/wp-content\/uploads\/2021\/04\/8ddf5c8d47bcf3fbfa129c83c01be2c6-150x150.jpg\" alt=\"\" width=\"150\" height=\"150\" \/><p id=\"caption-attachment-497231\" class=\"wp-caption-text\"><em>Las recientes elecciones generales en Per\u00fa, que son de asistencia obligatoria, potenciaron los contagios. Y encima se viene un balotaje.<\/em><br \/><em>(foto: ANSA)<\/em><\/p><\/div>\n<h4><em><strong>Ministerio informa 75 mil muertos totales, pueden ser el triple<\/strong><\/em><\/h4>\n<p><em><strong>LIMA, 19 APR &#8211;<\/strong> <\/em>El n\u00famero de muertes por Covid-19 en Per\u00fa super\u00f3 la cifra de 400 en 24 horas por primera vez, pocos d\u00edas despu\u00e9s de las elecciones que el gobierno no ten\u00eda intenci\u00f3n de posponer a pesar de la pandemia y con el pa\u00eds fuertemente afectado por la variante brasile\u00f1a.<br \/>\nEn las \u00faltimas 24 horas, seg\u00fan el ministerio de Salud, se han registrado 433 muertes, lo que eleva la cifra total de muertos a 57.230 en 13 meses.<br \/>\nAyer hubo 7.131 nuevas infecciones, lo que eleva el total a 1.704.757. En Per\u00fa, un pa\u00eds de 33 millones de habitantes, el 10 de abril se hab\u00eda registrado el mayor n\u00famero de muertos hasta el momento, con 384 muertes.<br \/>\nEmpero, la cifra oficial de decesos es apenas una parte de lo registrado en el Sistema Inform\u00e1tico Nacional de Defunciones (Sinadef), que a la fecha suma un total acumulado de 153.436 fallecimientos por el Covid-19, alert\u00f3 el diario El Comercio.<br \/>\nDe esos decesos, el ministerio de Salud ha confirmado 57.230 hasta ayer, es decir, solo el 37% est\u00e1 incluido en el registro oficial de muertos por la pandemia. El 63% restante son v\u00edctimas sospechosas y compatibles de la infecci\u00f3n, cuyas causas de muerte a\u00fan deben ser aclaradas por las autoridades pese a ser personas registradas en el Sinadef como decesos por el virus.<br \/>\nEl Comercio revel\u00f3 que, durante el primer trimestre del 2021, apenas uno de cada cuatro fallecimientos (28%) por Covid-19 incluido en el Sinadef era finalmente oficializado por el Estado. La diferencia es evidente si se compara con el cuarto trimestre del 2020: entre octubre y diciembre \u00faltimo, los fallecidos confirmados representaban s\u00f3lo el 56% del total.<br \/>\nEl pa\u00eds se enfrenta actualmente a una segunda ola de epidemia que est\u00e1 llevando a los hospitales al l\u00edmite de su capacidad. Actualmente hay alrededor de 15.000 pacientes hospitalizados, incluidos m\u00e1s de 2.600 en cuidados intensivos.<br \/>\nAdem\u00e1s, falta ox\u00edgeno y la campa\u00f1a de vacunaci\u00f3n avanza muy lentamente.<br \/>\nLas medidas de confinamiento hab\u00edan sido suspendidas para llevar a cabo la campa\u00f1a electoral y las elecciones del 11 de abril.<br \/>\nEn Per\u00fa, la votaci\u00f3n es obligatoria y las autoridades hab\u00edan descartado el aplazamiento de las elecciones. En las semanas previas a la primera ronda, los candidatos, 18 en total, realizaron manifestaciones frente a varios cientos de personas.<br \/>\nEl 25 de abril se restablecer\u00e1 el encierro dominical obligatorio en Lima y en 41 de las 196 provincias peruanas, principalmente en la regi\u00f3n andina y en la costa del Pac\u00edfico.<br \/>\nLa votaci\u00f3n entre los dos candidatos que ganaron la primera vuelta, Pedro Castillo, candidato de la izquierda radical, y Keiko Fujimori, representante de la derecha populista, se enfrentar\u00e1n en la segunda vuelta el pr\u00f3ximo 6 de junio.<\/p>\n","protected":false},"excerpt":{"rendered":"<p>Ministerio informa 75 mil muertos totales, pueden ser el triple LIMA, 19 APR &#8211; El n\u00famero de muertes por Covid-19 en Per\u00fa super\u00f3 la cifra&hellip;<\/p>\n","protected":false},"author":99,"featured_media":497231,"comment_status":"open","ping_status":"open","sticky":false,"template":"","format":"standard","meta":{"footnotes":""},"categories":[23],"tags":[],"class_list":["post-497230","post","type-post","status-publish","format-standard","has-post-thumbnail","hentry","category-latinoamerica"],"_links":{"self":[{"href":"https:\/\/diarioelpopular.com\/index.php\/wp-json\/wp\/v2\/posts\/497230","targetHints":{"allow":["GET"]}}],"collection":[{"href":"https:\/\/diarioelpopular.com\/index.php\/wp-json\/wp\/v2\/posts"}],"about":[{"href":"https:\/\/diarioelpopular.com\/index.php\/wp-json\/wp\/v2\/types\/post"}],"author":[{"embeddable":true,"href":"https:\/\/diarioelpopular.com\/index.php\/wp-json\/wp\/v2\/users\/99"}],"replies":[{"embeddable":true,"href":"https:\/\/diarioelpopular.com\/index.php\/wp-json\/wp\/v2\/comments?post=497230"}],"version-history":[{"count":1,"href":"https:\/\/diarioelpopular.com\/index.php\/wp-json\/wp\/v2\/posts\/497230\/revisions"}],"predecessor-version":[{"id":497232,"href":"https:\/\/diarioelpopular.com\/index.php\/wp-json\/wp\/v2\/posts\/497230\/revisions\/497232"}],"wp:featuredmedia":[{"embeddable":true,"href":"https:\/\/diarioelpopular.com\/index.php\/wp-json\/wp\/v2\/media\/497231"}],"wp:attachment":[{"href":"https:\/\/diarioelpopular.com\/index.php\/wp-json\/wp\/v2\/media?parent=497230"}],"wp:term":[{"taxonomy":"category","embeddable":true,"href":"https:\/\/diarioelpopular.com\/index.php\/wp-json\/wp\/v2\/categories?post=497230"},{"taxonomy":"post_tag","embeddable":true,"href":"https:\/\/diarioelpopular.com\/index.php\/wp-json\/wp\/v2\/tags?post=497230"}],"curies":[{"name":"wp","href":"https:\/\/api.w.org\/{rel}","templated":true}]}}