{"id":497248,"date":"2021-04-20T11:16:56","date_gmt":"2021-04-20T15:16:56","guid":{"rendered":"https:\/\/diarioelpopular.com\/?p=497248"},"modified":"2021-04-20T11:18:43","modified_gmt":"2021-04-20T15:18:43","slug":"se-presento-el-presupuesto-federal-ya-hay-voces-para-cambios","status":"publish","type":"post","link":"https:\/\/diarioelpopular.com\/index.php\/2021\/04\/20\/se-presento-el-presupuesto-federal-ya-hay-voces-para-cambios\/","title":{"rendered":"Se present\u00f3 el presupuesto federal, ya hay voces para cambios"},"content":{"rendered":"<div id=\"attachment_497249\" style=\"width: 646px\" class=\"wp-caption alignnone\"><img loading=\"lazy\" decoding=\"async\" aria-describedby=\"caption-attachment-497249\" class=\"size-custom-full-size wp-image-497249\" src=\"https:\/\/diarioelpopular.com\/wp-content\/uploads\/2021\/04\/Screen-Shot-2021-04-20-at-10.59.13-AM-636x363.png\" alt=\"\" width=\"636\" height=\"363\" srcset=\"https:\/\/diarioelpopular.com\/wp-content\/uploads\/2021\/04\/Screen-Shot-2021-04-20-at-10.59.13-AM-636x363.png 636w, https:\/\/diarioelpopular.com\/wp-content\/uploads\/2021\/04\/Screen-Shot-2021-04-20-at-10.59.13-AM-300x171.png 300w, https:\/\/diarioelpopular.com\/wp-content\/uploads\/2021\/04\/Screen-Shot-2021-04-20-at-10.59.13-AM-128x73.png 128w, https:\/\/diarioelpopular.com\/wp-content\/uploads\/2021\/04\/Screen-Shot-2021-04-20-at-10.59.13-AM.png 707w\" sizes=\"auto, (max-width: 636px) 100vw, 636px\" \/><p id=\"caption-attachment-497249\" class=\"wp-caption-text\"><em>La ministra de Finanzas, Chrystia Freeland, present\u00f3 este lunes el presupuesto federal de 2021.<\/em><\/p><\/div>\n<p><em>Actualizado martes 20 de abril de 2021 10:48 a.m.<\/em><\/p>\n<p><em><strong>&#8211; Los partidos de la oposici\u00f3n tendr\u00e1n la oportunidad este martes de proponer una reescritura del enorme presupuesto del gobierno federal para la pandemia.<\/strong><\/em><\/p>\n<p><em><strong>&#8211; Ontario reporta 3.469 nuevos casos de COVID-19, 22 muertes<\/strong><\/em><\/p>\n<p><em><strong>OTTAWA.-<\/strong>\u00a0\u00a0<\/em>El debate sobre el presupuesto emitido este lunes comienza este martes en la C\u00e1mara de los Comunes.<\/p>\n<p>Como oposici\u00f3n oficial, los conservadores propondr\u00e1n una enmienda al presupuesto y el Bloque Quebecois, como tercer partido m\u00e1s grande, propondr\u00e1 una subenmienda.<\/p>\n<p>Ambos tienen la intenci\u00f3n de aprovechar la oportunidad para dise\u00f1ar un plan econ\u00f3mico m\u00e1s a su gusto.<\/p>\n<p>El l\u00edder conservador Erin O&#8217;Toole ha se\u00f1alado que su partido propondr\u00e1 su propio plan de recuperaci\u00f3n econ\u00f3mica, mientras que el l\u00edder del bloque Yves-Francois Blanchet ha indicado que su partido intentar\u00e1 corregir lo que ve como dos &#8220;omisiones inaceptables&#8221; en el presupuesto: el fracaso para acceder a la demanda de los premiers de $ 28 mil millones adicionales cada a\u00f1o en pagos de transferencia de atenci\u00f3n m\u00e9dica y la falta de proporcionar mayores beneficios de seguridad para la vejez para todas las personas mayores.<\/p>\n<p><img loading=\"lazy\" decoding=\"async\" class=\"alignnone size-thumbnail wp-image-497250\" src=\"https:\/\/diarioelpopular.com\/wp-content\/uploads\/2021\/04\/Screen-Shot-2021-04-20-at-10.57.26-AM-150x150.png\" alt=\"\" width=\"150\" height=\"150\" \/><\/p>\n<p>Las votaciones sobre la enmienda y la subenmienda llegar\u00e1n m\u00e1s adelante en la semana y, dependiendo de su redacci\u00f3n, podr\u00edan considerarse una prueba de confianza en el gobierno liberal minoritario de Justin Trudeau.<\/p>\n<p>Sin embargo, con el l\u00edder del NDP Jagmeet Singh prometiendo que su partido no har\u00e1 nada para desencadenar una elecci\u00f3n en medio de la tercera ola mortal de COVID-19, hay pocas posibilidades de que el gobierno caiga.<\/p>\n<p>O&#8217;Toole dijo que la promesa del NDP de apoyar al gobierno en los votos presupuestarios libera a su partido &#8220;para mostrar realmente cu\u00e1nto ha fallado el se\u00f1or Trudeau, proponer algunas enmiendas que podamos asegurar el apoyo de otros partidos. &#8221;<\/p>\n<p>&#8220;Los conservadores propondr\u00e1n enmiendas y nuestras propias pol\u00edticas porque creemos que esto es incre\u00edblemente corto&#8221;, agreg\u00f3.<\/p>\n<p>Entre otras cosas, O&#8217;Toole indic\u00f3 que incluir\u00eda una alternativa al plan central del presupuesto para invertir $ 30 mil millones durante cinco a\u00f1os, y $ 8,3 mil millones al a\u00f1o a partir de entonces, para crear un programa nacional de cuidado infantil y aprendizaje temprano asequible.<\/p>\n<p>Los conservadores, dijo, prefieren un enfoque que permita a los padres tomar sus propias decisiones sobre el cuidado de sus hijos. Eso podr\u00eda significar aumentar el subsidio infantil de Canad\u00e1, en lugar de invertir en cuidado infantil.<\/p>\n<p>O&#8217;Toole tambi\u00e9n critic\u00f3 el gasto &#8220;fuera de control&#8221; del presupuesto _ poco m\u00e1s de $ 100 mil millones en nuevos gastos para estimular la recuperaci\u00f3n econ\u00f3mica, adem\u00e1s de un d\u00e9ficit sin precedentes de $ 354 mil millones en el a\u00f1o fiscal 2020-21.<\/p>\n<p>El presupuesto, predijo, conducir\u00e1 a &#8220;costos de vivienda disparados, impuestos m\u00e1s altos, un riesgo creciente de inflaci\u00f3n y dejar\u00e1 atr\u00e1s a millones de canadienses&#8221;.<\/p>\n<p>El l\u00edder del bloque, Yves-Francois Blanchet, no fue tan negativo. Acogi\u00f3 con satisfacci\u00f3n la decisi\u00f3n del gobierno de endeudarse fuertemente para estimular el crecimiento econ\u00f3mico.<\/p>\n<p>Pero dijo que es &#8220;inexplicable en un presupuesto de esta magnitud que no haya un aumento en las transferencias de salud y el abandono total de las personas mayores&#8221;.<\/p>\n<p>En realidad, el presupuesto promete un aumento del 10 por ciento en la seguridad de la vejez para los canadienses de 75 a\u00f1os o m\u00e1s. Pero el Bloque quiere que ese aumento se aplique a todas las personas mayores a partir de los 65 a\u00f1os.<\/p>\n<p>El Bloque tambi\u00e9n quiere que Ottawa acceda a las demandas de los premiers de un aumento de $ 28 mil millones al a\u00f1o en transferencias sanitarias incondicionales a las provincias.<\/p>\n<p>&#8220;Vamos a actuar y proponer una enmienda al presupuesto para llevar a cabo estas dos medidas esenciales&#8221;, dijo Blanchet en un comunicado este lunes.<\/p>\n<p>Tanto O&#8217;Toole como Blanchet dijeron que sus partidos est\u00e1n dispuestos a votar en contra del presupuesto, pero no estaba claro si las enmiendas propuestas por cualquiera de los partidos incluir\u00e1n una declaraci\u00f3n expl\u00edcita de desconfianza en el gobierno.<\/p>\n<p>Mientras los partidos de la oposici\u00f3n proponen sus propias soluciones presupuestarias, Trudeau y su ministra de finanzas, Chrystia Freeland, lanzar\u00e1n una iniciativa de corte completo para vender el presupuesto, tal como est\u00e1 escrito, a los canadienses.<\/p>\n<p><img loading=\"lazy\" decoding=\"async\" class=\"alignnone size-custom-full-size wp-image-497251\" src=\"https:\/\/diarioelpopular.com\/wp-content\/uploads\/2021\/04\/Screen-Shot-2021-04-20-at-10.56.39-AM-636x287.png\" alt=\"\" width=\"636\" height=\"287\" srcset=\"https:\/\/diarioelpopular.com\/wp-content\/uploads\/2021\/04\/Screen-Shot-2021-04-20-at-10.56.39-AM.png 636w, https:\/\/diarioelpopular.com\/wp-content\/uploads\/2021\/04\/Screen-Shot-2021-04-20-at-10.56.39-AM-300x135.png 300w, https:\/\/diarioelpopular.com\/wp-content\/uploads\/2021\/04\/Screen-Shot-2021-04-20-at-10.56.39-AM-146x66.png 146w\" sizes=\"auto, (max-width: 636px) 100vw, 636px\" \/><\/p>\n<p>La pareja llevar\u00e1 a cabo una conferencia de prensa conjunta y m\u00e1s tarde en el d\u00eda que Trudeau tiene programado visitar virtualmente una empresa mediana en Quebec para destacar las medidas del presupuesto para ayudar a las peque\u00f1as y medianas empresas.<\/p>\n<p>A partir de este mi\u00e9rcoles, todos los ministros del gabinete ser\u00e1n puestos en servicio, organizando eventos y dando discursos en sus regiones para ensalzar las virtudes del presupuesto en estrategias pol\u00edticas en miras a las pr\u00f3ximas eleccciones. Comenzar\u00e1n con un enfoque en la iniciativa de cuidado infantil y se concentrar\u00e1n en otros temas del presupuesto en los d\u00edas siguientes.<\/p>\n<p>&nbsp;<\/p>\n<p><em><strong>Ontario reporta 3.469 nuevos casos de COVID-19, 22 muertes<\/strong><\/em><\/p>\n<p><em>Actualizado martes 20 de abril de 2021 10:50 a.m.<\/em><\/p>\n<p><em><strong>TORONTO.-<\/strong> <\/em>Ontario report\u00f3 3.469 nuevos casos de COVID-19 este martes. El total provincial acumulado asciende ahora a 424.911.<\/p>\n<p>El recuento de casos es m\u00e1s bajo que el del lunes, en el que se registraron 4.447 nuevas infecciones. El domingo se registraron 4.250 casos nuevos. Es el primer d\u00eda de una semana que los casos no superaron los 4.000.<\/p>\n<p>Seg\u00fan el informe de este martes, se registraron 1.074 casos en Toronto, 775 en la regi\u00f3n de Peel, 406 en la regi\u00f3n de York, 197 en Ottawa y 256 en la regi\u00f3n de Durham.<\/p>\n<p>Todas las dem\u00e1s unidades de salud p\u00fablica locales notificaron menos de 175 casos nuevos en el informe provincial.<\/p>\n<p>El n\u00famero de muertos en la provincia ha aumentado a 7.757, ya que se registraron 22 muertes m\u00e1s.<\/p>\n<p>Mientras tanto, se inform\u00f3 que 374,213 residentes de Ontario se hab\u00edan recuperado de COVID-19, que es aproximadamente el 88 por ciento de los casos conocidos. Los casos resueltos aumentaron en 3.369 desde el d\u00eda anterior.<\/p>\n<p>Ontario inform\u00f3 que un r\u00e9cord de 2,360 personas est\u00e1n hospitalizadas con COVID-19 (158 m\u00e1s que el d\u00eda anterior) con un m\u00e1ximo hist\u00f3rico de 773 pacientes en unidades de cuidados intensivos (18 m\u00e1s) y 537 pacientes en UCI con ventilador (m\u00e1s de 21).<\/p>\n<p>Los casos activos en Ontario ahora ascienden a 42,941, m\u00e1s que el d\u00eda anterior cuando estaba en 42,863. En el pico de la oleada de coronavirus de la segunda ola en enero, los casos activos llegaron a poco m\u00e1s de 30.000.<\/p>\n<p>El gobierno dijo que se procesaron 40.596 pruebas en las \u00faltimas 24 horas. Actualmente hay una acumulaci\u00f3n de 29.217 pruebas en espera de resultados. Se han completado un total de 13,616,626 pruebas desde el inicio de la pandemia.<\/p>\n<p>La positividad de la prueba del martes fue del 10 por ciento. Esa cifra es inferior a la del lunes en el 10,5 por ciento, y est\u00e1 por debajo de la semana pasada cuando fue del 10,3 por ciento.<\/p>\n<p>A partir de las 8 p.m. el lunes se han administrado un total de 3.995.187 dosis de la vacuna COVID-19. Eso marca un aumento de 90,409 vacunas en el \u00faltimo d\u00eda. Hay 347.597 personas completamente vacunadas con dos dosis.<\/p>\n<p>Sin embargo, el gobierno de Ontario dijo que debido a los problemas de interrupci\u00f3n de Rogers el lunes, algunas cl\u00ednicas de vacunas se vieron obligadas a realizar informes en papel.<\/p>\n<p>&#8220;Como resultado, las cifras de vacunas reportadas hoy [martes] son \u200b\u200buna subestimaci\u00f3n de las dosis totales administradas el d\u00eda anterior&#8221;, se lee en un comunicado de la oficina del ministerio de salud.<\/p>\n<p>El viernes, los funcionarios de Ontario publicaron datos de modelos que indicaban que la \u00fanica forma de aplanar la curva era una orden de quedarse en casa durante seis semanas y administrar al menos 100.000 dosis al d\u00eda.<\/p>\n<p>Pfizer-BioNTech, Moderna, Oxford-AstraZeneca y Johnson and Johnson son las vacunas aprobadas actualmente en Canad\u00e1. Las primeras tres requieren dos inyecciones administradas con varias semanas de diferencia, mientras que la cuarta requiere solo una. Las vacunas J &amp; J a\u00fan no han llegado a Canad\u00e1.<\/p>\n<p><em><strong>Variantes preocupantes en Ontario<\/strong><\/em><\/p>\n<p>Los funcionarios han enumerado datos desglosados \u200b\u200bpara los nuevos COV (variantes de inter\u00e9s) detectados hasta ahora en la provincia, que consisten en B.1.1.7 (detectado por primera vez en el Reino Unido), B.1.351 (detectado por primera vez en Sud\u00e1frica), P .1 (detectada por primera vez en Brasil), as\u00ed como mutaciones que no tienen un linaje determinado.<\/p>\n<p>El VOC B.1.1.7 es actualmente la cepa conocida dominante en 39,276 casos variantes, que ha aumentado en 2,697 desde el d\u00eda anterior, 105 casos variantes B.1.351 que ha aumentado en uno, y 211 casos variantes P.1 que no ha cambiado. .<\/p>\n","protected":false},"excerpt":{"rendered":"<p>Actualizado martes 20 de abril de 2021 10:48 a.m. &#8211; Los partidos de la oposici\u00f3n tendr\u00e1n la oportunidad este martes de proponer una reescritura del&hellip;<\/p>\n","protected":false},"author":99,"featured_media":497249,"comment_status":"open","ping_status":"open","sticky":false,"template":"","format":"standard","meta":{"footnotes":""},"categories":[21,11191],"tags":[],"class_list":["post-497248","post","type-post","status-publish","format-standard","has-post-thumbnail","hentry","category-canada","category-top-news"],"_links":{"self":[{"href":"https:\/\/diarioelpopular.com\/index.php\/wp-json\/wp\/v2\/posts\/497248","targetHints":{"allow":["GET"]}}],"collection":[{"href":"https:\/\/diarioelpopular.com\/index.php\/wp-json\/wp\/v2\/posts"}],"about":[{"href":"https:\/\/diarioelpopular.com\/index.php\/wp-json\/wp\/v2\/types\/post"}],"author":[{"embeddable":true,"href":"https:\/\/diarioelpopular.com\/index.php\/wp-json\/wp\/v2\/users\/99"}],"replies":[{"embeddable":true,"href":"https:\/\/diarioelpopular.com\/index.php\/wp-json\/wp\/v2\/comments?post=497248"}],"version-history":[{"count":2,"href":"https:\/\/diarioelpopular.com\/index.php\/wp-json\/wp\/v2\/posts\/497248\/revisions"}],"predecessor-version":[{"id":497255,"href":"https:\/\/diarioelpopular.com\/index.php\/wp-json\/wp\/v2\/posts\/497248\/revisions\/497255"}],"wp:featuredmedia":[{"embeddable":true,"href":"https:\/\/diarioelpopular.com\/index.php\/wp-json\/wp\/v2\/media\/497249"}],"wp:attachment":[{"href":"https:\/\/diarioelpopular.com\/index.php\/wp-json\/wp\/v2\/media?parent=497248"}],"wp:term":[{"taxonomy":"category","embeddable":true,"href":"https:\/\/diarioelpopular.com\/index.php\/wp-json\/wp\/v2\/categories?post=497248"},{"taxonomy":"post_tag","embeddable":true,"href":"https:\/\/diarioelpopular.com\/index.php\/wp-json\/wp\/v2\/tags?post=497248"}],"curies":[{"name":"wp","href":"https:\/\/api.w.org\/{rel}","templated":true}]}}