{"id":497262,"date":"2021-04-20T11:37:07","date_gmt":"2021-04-20T15:37:07","guid":{"rendered":"https:\/\/diarioelpopular.com\/?p=497262"},"modified":"2021-04-20T11:37:07","modified_gmt":"2021-04-20T15:37:07","slug":"unicef-pide-ayuda-para-atender-el-gran-incremento-de-migrantes-en-mexico-con-destino-a-estados-unidos","status":"publish","type":"post","link":"https:\/\/diarioelpopular.com\/index.php\/2021\/04\/20\/unicef-pide-ayuda-para-atender-el-gran-incremento-de-migrantes-en-mexico-con-destino-a-estados-unidos\/","title":{"rendered":"Unicef pide ayuda para atender el gran incremento de migrantes en M\u00e9xico con destino a Estados Unidos"},"content":{"rendered":"<div id=\"attachment_497263\" style=\"width: 646px\" class=\"wp-caption alignnone\"><img loading=\"lazy\" decoding=\"async\" aria-describedby=\"caption-attachment-497263\" class=\"size-custom-full-size wp-image-497263\" src=\"https:\/\/diarioelpopular.com\/wp-content\/uploads\/2021\/04\/migrantes-636x423.jpg\" alt=\"\" width=\"636\" height=\"423\" srcset=\"https:\/\/diarioelpopular.com\/wp-content\/uploads\/2021\/04\/migrantes-636x423.jpg 636w, https:\/\/diarioelpopular.com\/wp-content\/uploads\/2021\/04\/migrantes-300x200.jpg 300w, https:\/\/diarioelpopular.com\/wp-content\/uploads\/2021\/04\/migrantes-110x73.jpg 110w, https:\/\/diarioelpopular.com\/wp-content\/uploads\/2021\/04\/migrantes.jpg 700w\" sizes=\"auto, (max-width: 636px) 100vw, 636px\" \/><p id=\"caption-attachment-497263\" class=\"wp-caption-text\"><em>Actualmente hay una crisis en el paso entre ambos pa\u00edses, especialmente por la llegada de miles de menores edad solos.<\/em><\/p><\/div>\n<p><em><strong>En la frontera entre Mexico y Estados Unidos se vive un problema por el aumento de la llegada de inmigrantes en el primer trimestre de 2021.<\/strong><\/em><\/p>\n<p>En medio de esto, Unicef indic\u00f3 que en los \u00faltimos tres meses se ha multiplicado por nueve el n\u00famero de menores de edad migrantes en M\u00e9xico.<\/p>\n<p>Por ello, la organizaci\u00f3n pidi\u00f3 \u201cuna r\u00e1pida expansi\u00f3n de las instalaciones de acogida\u201d en el pa\u00eds norteamericano.<\/p>\n<p>&#8220;Desde el inicio de 2021, el n\u00famero de ni\u00f1os, ni\u00f1as y adolescentes migrantes reportados en M\u00e9xico ha aumentado considerablemente, pasando de 380 a casi 3,500&#8221;, dijo la directora regional del Fondo de las Naciones Unidas para la Infancia (Unicef), Jean Gough, tras una visita de cinco d\u00edas a ese pa\u00eds.<\/p>\n<p>De acuerdo con los datos de la agencia de las Naciones Unidas, un promedio de 275 ni\u00f1os y ni\u00f1as migrantes adicionales se encuentran en M\u00e9xico todos los d\u00edas, luego de ser detectados por las autoridades mexicanas, esperando para cruzar a Estados Unidos o tras ser retornados.<\/p>\n<p>En muchos albergues mexicanos, estos menores de edad &#8220;representan al menos el 30 % de la poblaci\u00f3n migrante. La mitad de ellos han viajado sin sus padres, lo que supone la mayor proporci\u00f3n jam\u00e1s registrada en M\u00e9xico&#8221;.<\/p>\n<p>M\u00e9xico se ha convertido en un pa\u00eds de origen, tr\u00e1nsito y retorno para estos ni\u00f1os, ni\u00f1as y adolescentes migrantes que provienen en su mayor\u00eda de Honduras, Guatemala, El Salvador y el propio M\u00e9xico, dijo Unicef en una declaraci\u00f3n p\u00fablica.<\/p>\n<p>&#8220;Las familias centroamericanas no est\u00e1n emigrando, est\u00e1n huyendo (&#8230;) de la criminalidad de las bandas, de la violencia dom\u00e9stica, de la pobreza, de los huracanes devastadores y de la p\u00e9rdida de empleo debido a la pandemia en sus pa\u00edses de origen&#8221;, sostuvo la directora regional de Unicef.<\/p>\n<p>Record\u00f3 lo peligroso de la traves\u00eda de estos migrantes, que quedan a merced de traficantes que &#8220;se aprovechan descaradamente de su desesperanza y ponen en peligro la vida de los ni\u00f1os, ni\u00f1as y adolescentes&#8221;.<\/p>\n<p>En el contexto de la pandemia de la covid-19, el aumento del n\u00famero de ni\u00f1os, ni\u00f1as y adolescentes migrantes no acompa\u00f1ados, as\u00ed como la llegada de familias enteras con ni\u00f1os, ni\u00f1as y adolescentes, ha supuesto una importante presi\u00f3n para los desbordados centros de asistencia mexicanos, dijo Unicef, y pidi\u00f3 &#8220;una r\u00e1pida expansi\u00f3n&#8221; de estos &#8220;para satisfacer las necesidades espec\u00edficas&#8221; de estos grupos en movilidad.<\/p>\n<p>Pero &#8220;m\u00e1s all\u00e1 de la respuesta humanitaria en todas las etapas del viaje migratorio, Unicef hace un llamamiento a la comunidad internacional para que coloque a los ni\u00f1os, ni\u00f1as, adolescentes y a las mujeres en el centro de todos los planes de inversi\u00f3n en Honduras, Guatemala, El Salvador y el sur de M\u00e9xico&#8221;.<\/p>\n<p>Ello, &#8220;para crear mejores condiciones de vida y oportunidades libres de violencia para las familias y los j\u00f3venes a nivel comunitario&#8221;.<\/p>\n<p>\u201cLa mejor manera de dar a las familias migrantes una buena raz\u00f3n para quedarse en sus comunidades es invertir en el futuro de sus hijos a nivel local. La verdadera crisis infantil no est\u00e1 en la frontera de Estados Unidos, sino en las comunidades m\u00e1s pobres del norte de Centroam\u00e9rica y M\u00e9xico\u201d, dijo Gough.<\/p>\n","protected":false},"excerpt":{"rendered":"<p>En la frontera entre Mexico y Estados Unidos se vive un problema por el aumento de la llegada de inmigrantes en el primer trimestre de&hellip;<\/p>\n","protected":false},"author":99,"featured_media":497263,"comment_status":"open","ping_status":"open","sticky":false,"template":"","format":"standard","meta":{"footnotes":""},"categories":[23],"tags":[],"class_list":["post-497262","post","type-post","status-publish","format-standard","has-post-thumbnail","hentry","category-latinoamerica"],"_links":{"self":[{"href":"https:\/\/diarioelpopular.com\/index.php\/wp-json\/wp\/v2\/posts\/497262","targetHints":{"allow":["GET"]}}],"collection":[{"href":"https:\/\/diarioelpopular.com\/index.php\/wp-json\/wp\/v2\/posts"}],"about":[{"href":"https:\/\/diarioelpopular.com\/index.php\/wp-json\/wp\/v2\/types\/post"}],"author":[{"embeddable":true,"href":"https:\/\/diarioelpopular.com\/index.php\/wp-json\/wp\/v2\/users\/99"}],"replies":[{"embeddable":true,"href":"https:\/\/diarioelpopular.com\/index.php\/wp-json\/wp\/v2\/comments?post=497262"}],"version-history":[{"count":1,"href":"https:\/\/diarioelpopular.com\/index.php\/wp-json\/wp\/v2\/posts\/497262\/revisions"}],"predecessor-version":[{"id":497264,"href":"https:\/\/diarioelpopular.com\/index.php\/wp-json\/wp\/v2\/posts\/497262\/revisions\/497264"}],"wp:featuredmedia":[{"embeddable":true,"href":"https:\/\/diarioelpopular.com\/index.php\/wp-json\/wp\/v2\/media\/497263"}],"wp:attachment":[{"href":"https:\/\/diarioelpopular.com\/index.php\/wp-json\/wp\/v2\/media?parent=497262"}],"wp:term":[{"taxonomy":"category","embeddable":true,"href":"https:\/\/diarioelpopular.com\/index.php\/wp-json\/wp\/v2\/categories?post=497262"},{"taxonomy":"post_tag","embeddable":true,"href":"https:\/\/diarioelpopular.com\/index.php\/wp-json\/wp\/v2\/tags?post=497262"}],"curies":[{"name":"wp","href":"https:\/\/api.w.org\/{rel}","templated":true}]}}