{"id":497266,"date":"2021-04-21T09:47:49","date_gmt":"2021-04-21T13:47:49","guid":{"rendered":"https:\/\/diarioelpopular.com\/?p=497266"},"modified":"2021-04-21T09:47:49","modified_gmt":"2021-04-21T13:47:49","slug":"lasso-visita-a-duque-en-primera-gira-al-exterior","status":"publish","type":"post","link":"https:\/\/diarioelpopular.com\/index.php\/2021\/04\/21\/lasso-visita-a-duque-en-primera-gira-al-exterior\/","title":{"rendered":"Lasso visita a Duque en primera gira al exterior"},"content":{"rendered":"<div id=\"attachment_497267\" style=\"width: 160px\" class=\"wp-caption alignnone\"><img loading=\"lazy\" decoding=\"async\" aria-describedby=\"caption-attachment-497267\" class=\"size-thumbnail wp-image-497267\" src=\"https:\/\/diarioelpopular.com\/wp-content\/uploads\/2021\/04\/71af7c9c44ee36569bda29ea9ad8bc77-150x150.jpg\" alt=\"\" width=\"150\" height=\"150\" \/><p id=\"caption-attachment-497267\" class=\"wp-caption-text\"><em>Electo presidente de Ecuador, Guillermo Lasso, y su par colombiano, Iv\u00e1n Duque<\/em><br \/><em>(foto: Foto: cortes\u00eda de la presidencia de Colombia)<\/em><\/p><\/div>\n<h4><em><strong>El nuevo presidente ecuatoriano habla defensa de la democracia<\/strong><\/em><\/h4>\n<p><em><strong>BOGOTA 20 ABR &#8211;<\/strong><\/em> Tan solo transcurrieron diez d\u00edas desde que Guillermo Lasso fue electo presidente de Ecuador y hoy ya realizaba su primera visita al exterior, al arribar a Bogot\u00e1 para entrevistarse con el mandatario anfitri\u00f3n, Iv\u00e1n Duque, con quien habl\u00f3 de &#8220;democracia&#8221;, &#8220;econom\u00eda&#8221; y &#8220;seguridad&#8221;.<br \/>\n&#8220;T\u00e9ngalo por seguro, como lo hemos discutido, conversado, en nuestras reuniones, que vamos a ser fieles a los principios democr\u00e1ticos y que junto a usted y a otros presidentes latinoamericanos vamos a luchar para la plena vigencia de la democracia en Am\u00e9rica Latina&#8221;, resalt\u00f3 Lasso.<br \/>\nLas palabras del reci\u00e9n elegido presidente de los ecuatorianos, de 65 a\u00f1os, exbanquero y exministro derechista, son la muestra del tono que tendr\u00e1 su mandato que le pondr\u00e1 fin a m\u00e1s de una d\u00e9cada en el poder de la izquierda encarnada por Rafael Correa y su sucesor Len\u00edn Moreno.<br \/>\n&#8220;Creemos en el libre comercio, en la apertura econ\u00f3mica, en el libre tr\u00e1nsito de personas, en el libre tr\u00e1nsito de capitales, en el libre tr\u00e1nsito de mercader\u00edas y haremos todo lo necesario para que en nuestro gobierno podamos lograr esa apertura econ\u00f3mica de Ecuador al mundo y de inversi\u00f3n del mundo en el Ecuador&#8221;.<br \/>\nAdvirti\u00f3 Lasso en su primera declaraci\u00f3n como presidente electo en un escenario internacional.<br \/>\nEl nuevo mandatario de los ecuatorianos derrot\u00f3 en el balotaje del pasado 11 de abril a Andr\u00e9s Arauz, el heredero del corre\u00edsmo que -desencantado y peleado con el gobierno de Moreno- apostaba por un tercer mandato.<br \/>\n&#8220;Trabajaremos de manera cercana en materia de seguridad&#8221;, le prometi\u00f3 Lasso al tambi\u00e9n derechista Duque, tras advertir que &#8220;seremos aliados, trabajaremos juntos para defender la seguridad de la regi\u00f3n y tambi\u00e9n de la democracia y la libertad&#8221;.<br \/>\nDuque, junto a Luis Lacalle, presidente de Uruguay, fueron los primeros mandatarios que p\u00fablicamente reconocieron el triunfo en las urnas de Lasso, cuando a\u00fan no hab\u00eda concluido el escrutinio.<br \/>\nEl anfitri\u00f3n agradeci\u00f3 la visita de su vecino y lo felicit\u00f3 por el triunfo, pero en particular por &#8220;sus convicciones&#8221; en &#8220;defensa de la democracia&#8221;, al tiempo que le augur\u00f3 \u00e9xitos en su gesti\u00f3n.<br \/>\nEl mandatario colombiano prometi\u00f3 a Lasso la ayuda de su pa\u00eds, que ejerce en este momento la presidencia pro t\u00e9mpore de la Alianza del Pac\u00edfico, para lograr que Quito se convierta en miembro pleno de esa iniciativa econ\u00f3mica de la que hacen parte Chile, Per\u00fa y M\u00e9xico.<br \/>\nDuque tambi\u00e9n dio por descontado el respaldo de Lasso en la lucha de Bogot\u00e1 &#8220;contra el crimen transnacional, contra el narcotr\u00e1fico y contra el terrorismo&#8221;.<\/p>\n","protected":false},"excerpt":{"rendered":"<p>El nuevo presidente ecuatoriano habla defensa de la democracia BOGOTA 20 ABR &#8211; Tan solo transcurrieron diez d\u00edas desde que Guillermo Lasso fue electo presidente&hellip;<\/p>\n","protected":false},"author":99,"featured_media":497267,"comment_status":"open","ping_status":"open","sticky":false,"template":"","format":"standard","meta":{"footnotes":""},"categories":[23],"tags":[],"class_list":["post-497266","post","type-post","status-publish","format-standard","has-post-thumbnail","hentry","category-latinoamerica"],"_links":{"self":[{"href":"https:\/\/diarioelpopular.com\/index.php\/wp-json\/wp\/v2\/posts\/497266","targetHints":{"allow":["GET"]}}],"collection":[{"href":"https:\/\/diarioelpopular.com\/index.php\/wp-json\/wp\/v2\/posts"}],"about":[{"href":"https:\/\/diarioelpopular.com\/index.php\/wp-json\/wp\/v2\/types\/post"}],"author":[{"embeddable":true,"href":"https:\/\/diarioelpopular.com\/index.php\/wp-json\/wp\/v2\/users\/99"}],"replies":[{"embeddable":true,"href":"https:\/\/diarioelpopular.com\/index.php\/wp-json\/wp\/v2\/comments?post=497266"}],"version-history":[{"count":1,"href":"https:\/\/diarioelpopular.com\/index.php\/wp-json\/wp\/v2\/posts\/497266\/revisions"}],"predecessor-version":[{"id":497268,"href":"https:\/\/diarioelpopular.com\/index.php\/wp-json\/wp\/v2\/posts\/497266\/revisions\/497268"}],"wp:featuredmedia":[{"embeddable":true,"href":"https:\/\/diarioelpopular.com\/index.php\/wp-json\/wp\/v2\/media\/497267"}],"wp:attachment":[{"href":"https:\/\/diarioelpopular.com\/index.php\/wp-json\/wp\/v2\/media?parent=497266"}],"wp:term":[{"taxonomy":"category","embeddable":true,"href":"https:\/\/diarioelpopular.com\/index.php\/wp-json\/wp\/v2\/categories?post=497266"},{"taxonomy":"post_tag","embeddable":true,"href":"https:\/\/diarioelpopular.com\/index.php\/wp-json\/wp\/v2\/tags?post=497266"}],"curies":[{"name":"wp","href":"https:\/\/api.w.org\/{rel}","templated":true}]}}