{"id":497294,"date":"2021-04-22T12:43:16","date_gmt":"2021-04-22T16:43:16","guid":{"rendered":"https:\/\/diarioelpopular.com\/?p=497294"},"modified":"2021-04-22T12:43:16","modified_gmt":"2021-04-22T16:43:16","slug":"finalmente-doug-ford-confirma-el-programa-de-licencia-por-enfermedad-pagada-para-los-trabajadores","status":"publish","type":"post","link":"https:\/\/diarioelpopular.com\/index.php\/2021\/04\/22\/finalmente-doug-ford-confirma-el-programa-de-licencia-por-enfermedad-pagada-para-los-trabajadores\/","title":{"rendered":"Finalmente Doug Ford confirma el programa de licencia por enfermedad pagada para los trabajadores\u00a0"},"content":{"rendered":"<div id=\"attachment_497296\" style=\"width: 646px\" class=\"wp-caption alignnone\"><img loading=\"lazy\" decoding=\"async\" aria-describedby=\"caption-attachment-497296\" class=\"size-custom-full-size wp-image-497296\" src=\"https:\/\/diarioelpopular.com\/wp-content\/uploads\/2021\/04\/CP111269021-scaled-636x468.jpg\" alt=\"\" width=\"636\" height=\"468\" srcset=\"https:\/\/diarioelpopular.com\/wp-content\/uploads\/2021\/04\/CP111269021-scaled-636x468.jpg 636w, https:\/\/diarioelpopular.com\/wp-content\/uploads\/2021\/04\/CP111269021-scaled-300x221.jpg 300w, https:\/\/diarioelpopular.com\/wp-content\/uploads\/2021\/04\/CP111269021-scaled-768x566.jpg 768w, https:\/\/diarioelpopular.com\/wp-content\/uploads\/2021\/04\/CP111269021-scaled-1990x1465.jpg 1990w, https:\/\/diarioelpopular.com\/wp-content\/uploads\/2021\/04\/CP111269021-scaled-1200x884.jpg 1200w, https:\/\/diarioelpopular.com\/wp-content\/uploads\/2021\/04\/CP111269021-scaled-99x73.jpg 99w, https:\/\/diarioelpopular.com\/wp-content\/uploads\/2021\/04\/CP111269021-scaled.jpg 1024w\" sizes=\"auto, (max-width: 636px) 100vw, 636px\" \/><p id=\"caption-attachment-497296\" class=\"wp-caption-text\"><em>Popularidad de Ford se desploma tras el anuncio de la semana pasada. Doug Ford es ahora mucho m\u00e1s impopular que en cualquier momento durante la pandemia, seg\u00fan una nueva encuesta.<\/em><\/p><\/div>\n<h4>\u00a0&#8211;\u00a0<em><strong>Ante la presi\u00f3n p\u00fablica y su creciente impopularidad con pedidos de renuncia, el premier Doug Ford confirm\u00f3 este jueves que la provincia est\u00e1 trabajando en un programa de licencia por enfermedad pagada para los trabajadores de Ontario despu\u00e9s de meses de negativa, sin embargo, no dijo cu\u00e1ndo se anunciar\u00e1 realmente.<\/strong><\/em><\/h4>\n<p><em><strong>TORONTO.-<\/strong> <\/em>Ford dijo que las personas obligadas a ponerse en cuarentena no deber\u00edan tener que preocuparse por sus trabajos o ingresos, mientras hablaba desde su propio aislamiento este jueves despu\u00e9s de que un miembro de su personal dio positivo por COVID-19.<\/p>\n<p>Dijo que la provincia ahora est\u00e1 trabajando en una soluci\u00f3n porque el gobierno federal no ampli\u00f3 su propia pol\u00edtica. Sin embargo, cuando se le pregunt\u00f3 cu\u00e1ndo se dar\u00edan a conocer m\u00e1s detalles, Ford no confirm\u00f3 una fecha.<\/p>\n<p>El gobierno de Ontario hab\u00eda declarado a principios de semana que esperaba que el presupuesto federal que se anunci\u00f3 el pasado martes llenara los &#8220;vac\u00edos&#8221; en su programa.<\/p>\n<p>Sin embargo, una vez anunciado, el presupuesto no implement\u00f3 ning\u00fan cambio en el beneficio federal por enfermedad de recuperaci\u00f3n de Canad\u00e1 (CRSB), que paga $ 500 por semana ($ 450 despu\u00e9s de impuestos) durante hasta cuatro semanas para cualquier persona que deba ponerse en cuarentena debido a COVID-19. Sin embargo, los federales hab\u00edan estado discutiendo la posibilidad de ampliar la prestaci\u00f3n por enfermedad de la IE.<\/p>\n<p>Ford se disculp\u00f3 por aumentar los poderes policiales y cerrar los patios de recreo el pasado viernes en medio del aumento del n\u00famero de casos y hospitalizaciones en la provincia.<\/p>\n<p>Los poderes habr\u00edan permitido que la polic\u00eda y los oficiales de orden p\u00fablico detuvieran a cualquier persona en la calle y le preguntaran por qu\u00e9 no estaban en casa y d\u00f3nde viv\u00edan.<\/p>\n<p>Ford dijo que su gobierno actu\u00f3 demasiado r\u00e1pido y se equivoc\u00f3.<\/p>\n<p>\u201cEn pocas palabras, nos equivocamos. Cometimos un error. Estas decisiones dejaron a mucha gente muy preocupada. \u2026 Dejaron a mucha gente enojada y molesta. S\u00e9 que nos equivocamos. S\u00e9 que cometimos un error y por eso lo siento y pido disculpas sinceras \u201d, dijo.<\/p>\n<p>Las miles de cr\u00edticas fueron r\u00e1pidas en respuesta a las nuevas medidas, y varias fuerzas policiales de la provincia dijeron que no realizar\u00edan controles aleatorios.<\/p>\n<p>&#8220;Siempre intentar\u00e9 hacer lo correcto&#8221;, continu\u00f3 Ford. &#8220;Si nos equivocamos en algo, lo arreglaremos&#8221;.<\/p>\n<p>Ford se hab\u00eda negado rotundamente a introducir un programa de licencia por enfermedad a pesar de los brotes de COVID-19 en los lugares de trabajo, pero bajo la presi\u00f3n de la ciudadan\u00eda no tuvo otra alternativa que cambiar de parecer y pedir disculpas.<\/p>\n<p>Su cambio de parecer se produjo este jueves en su primera conferencia de prensa desde que anunci\u00f3 nuevas regulaciones COVID-19 el pasado viernes que provoc\u00f3 una furiosa reacci\u00f3n.<\/p>\n<p>Ford dijo que no se le pas\u00f3 por alto que es capaz de aislarse y seguir trabajando.<\/p>\n<p>Los defensores dijeron anteriormente que, seg\u00fan el programa federal, los trabajadores deben presentar una solicitud despu\u00e9s de estar enfermos y deben haber estado ausentes la mayor\u00eda de los d\u00edas en que estaban programados para trabajar en una semana. Muchos han planteado que puede llevar semanas obtener el reembolso.<\/p>\n<p>Cuando se trata de un programa provincial de licencia por enfermedad, los defensores dijeron que quieren que funcione como una continuaci\u00f3n salarial. Tal mecanismo, si se aprueba, har\u00eda que los trabajadores recibieran un pago normal si tuvieran que quedarse en casa.<\/p>\n<p>Cuando los medios de comunicaci\u00f3n le preguntaron si siente que todav\u00eda tiene la \u201cautoridad moral\u201d para liderar como premier despu\u00e9s de que miembros de la oposici\u00f3n y varios cr\u00edticos pidieran su renuncia, Ford rechaz\u00f3 esa afirmaci\u00f3n.<\/p>\n<p>\u201cTienen derecho a expresar su opini\u00f3n. Puedo decirles que nuestro equipo es fuerte, nuestro equipo est\u00e1 unido \u201d, dijo Ford. &#8220;Vamos a seguir liderando y superar esta pandemia&#8221;.<\/p>\n<p>&#8220;No soy de los que se alejan de nada, vamos a seguir liderando la pandemia como lo hemos hecho desde el principio&#8221;.<\/p>\n<p>La respuesta a la conferencia de prensa de Ford fue r\u00e1pida.<\/p>\n<p>Andrea Horwath, l\u00edder del partido NDP, dijo que Ford contin\u00faa neg\u00e1ndose a &#8220;actuar para detener la devastaci\u00f3n de la tercera ola&#8221;.<\/p>\n<p>\u201cEl viernes, Doug Ford prepar\u00f3 a las personas para que fueran devastadas por la tercera ola. Hoy, no les dio nada para salvarlos &#8220;, dijo en un comunicado de prensa el jueves.<\/p>\n<p>\u201cTodos los d\u00edas, las personas van a trabajar con s\u00edntomas de COVID porque no pueden permitirse el lujo de tomarse un d\u00eda por enfermedad. Las personas vulnerables y nuestros h\u00e9roes de primera l\u00ednea no pueden recibir una vacuna \u201d, continu\u00f3 Horwath.<\/p>\n<p>El l\u00edder del Partido Verde, Mike Schreiner, dijo que Ford &#8220;finalmente&#8221; se est\u00e1 dando cuenta &#8220;del privilegio que tiene sobre los trabajadores que viven de sueldo a sueldo&#8221; en un comunicado de prensa emitido poco despu\u00e9s de que el primer ministro concluy\u00f3 su conferencia de prensa.<\/p>\n<p>&#8220;El hecho de que se hayan necesitado miles de muertes y una terrible crisis en Ontario para que el primer ministro se d\u00e9 cuenta de esto es espantoso&#8221;, continu\u00f3 Schreiner. \u201cFord necesita dejar de jugar a la pol\u00edtica culpando al gobierno federal y al CRSB. Los trabajadores han necesitado d\u00edas de enfermedad pagados desde el a\u00f1o pasado &#8220;.<\/p>\n<p>CUPE Ontario, el sindicato que representa a 280.000 trabajadores del sector p\u00fablico, dijo que quiere acci\u00f3n inmediata, no disculpas ni l\u00e1grimas de cocodrilo.<\/p>\n<p>\u201cUna vez m\u00e1s, los habitantes de Ontario estaban al borde de sus asientos esperando el compromiso de entregar lo que necesitamos para mantenernos seguros, solo para obtener absolutamente nada\u201d, dijo el presidente de CUPE, Fred Hahn, en un comunicado de prensa este jueves.<\/p>\n<p>Los asesores cient\u00edficos del gobierno dijeron a principios de esta semana que la provincia enfrenta su crisis de salud m\u00e1s desafiante y que se necesitaban con urgencia medidas como la licencia por enfermedad pagada, el cierre de lugares de trabajo no esenciales y la restricci\u00f3n de movimientos.<\/p>\n<p>&nbsp;<\/p>\n<p><em><strong>Ontario reporta casi 3.700 nuevos casos de COVID-19, 40 muertes cuando los pacientes de la UCI superan los 800<\/strong><\/em><\/p>\n<p><img loading=\"lazy\" decoding=\"async\" class=\"alignnone size-custom-full-size wp-image-497295\" src=\"https:\/\/diarioelpopular.com\/wp-content\/uploads\/2021\/04\/Screen-Shot-2021-04-22-at-12.28.55-PM-636x383.png\" alt=\"\" width=\"636\" height=\"383\" srcset=\"https:\/\/diarioelpopular.com\/wp-content\/uploads\/2021\/04\/Screen-Shot-2021-04-22-at-12.28.55-PM-636x383.png 636w, https:\/\/diarioelpopular.com\/wp-content\/uploads\/2021\/04\/Screen-Shot-2021-04-22-at-12.28.55-PM-300x181.png 300w, https:\/\/diarioelpopular.com\/wp-content\/uploads\/2021\/04\/Screen-Shot-2021-04-22-at-12.28.55-PM-768x462.png 768w, https:\/\/diarioelpopular.com\/wp-content\/uploads\/2021\/04\/Screen-Shot-2021-04-22-at-12.28.55-PM-121x73.png 121w, https:\/\/diarioelpopular.com\/wp-content\/uploads\/2021\/04\/Screen-Shot-2021-04-22-at-12.28.55-PM.png 1024w\" sizes=\"auto, (max-width: 636px) 100vw, 636px\" \/><\/p>\n<p>Actualizado jueves 22 de abril de 2021 12:31 p.m.<\/p>\n<p><em><strong>Ontario report\u00f3 3.682 nuevos casos de COVID-19 el jueves. El total provincial asciende ahora a 432.805.<\/strong><\/em><\/p>\n<p><em><strong>TORONTO.-<\/strong> <\/em>El recuento de casos ha vuelto a caer por debajo de 4.000 despu\u00e9s de que el mi\u00e9rcoles registr\u00f3 4.212 nuevas infecciones. El martes, se registraron 3.469 nuevos casos, pero antes de eso, los casos estaban por encima de los 4.000 en los seis d\u00edas anteriores.<\/p>\n<p>Seg\u00fan el informe de este jueves, se registraron 1.131 casos en Toronto, 507 en la regi\u00f3n de Peel, 436 en la regi\u00f3n de York, 279 en Ottawa y 200 en la regi\u00f3n de Durham.<\/p>\n<p>Todas las dem\u00e1s unidades de salud p\u00fablica locales notificaron menos de 200 casos nuevos en el informe provincial.<\/p>\n<p>El n\u00famero de muertos en la provincia ha aumentado a 7.829, ya que se registraron 40 muertes m\u00e1s, una tercera ola alta.<\/p>\n<p>Mientras tanto, se inform\u00f3 que 378,417 residentes de Ontario se hab\u00edan recuperado del COVID-19, que es aproximadamente el 88 por ciento de los casos conocidos. Los casos resueltos aumentaron en 4.597 respecto al d\u00eda anterior. Hubo m\u00e1s casos resueltos que casos nuevos el jueves.<\/p>\n<p>Ontario inform\u00f3 que 2,350 personas est\u00e1n hospitalizadas con COVID-19 (15 m\u00e1s que el d\u00eda anterior) con un m\u00e1ximo hist\u00f3rico de 806 pacientes en unidades de cuidados intensivos (16 m\u00e1s) y 588 pacientes en UCI con ventilador (22 m\u00e1s) .<\/p>\n<p>Los casos activos en Ontario ahora ascienden a 41.962, por debajo del d\u00eda anterior cuando estaba en 42.917, pero por encima del 15 de abril cuando estaba en 38.341. En el pico de la oleada de coronavirus de la segunda ola en enero, los casos activos llegaron a poco m\u00e1s de 30.000.<\/p>\n<p>El promedio de siete d\u00edas ha llegado ahora a 4.176, por debajo de ayer en 4.327, y est\u00e1 por debajo de la semana pasada en 4208. Hace un mes, el promedio de siete d\u00edas era de alrededor de 1.400.<\/p>\n<p>El gobierno dijo que se procesaron 54.246 pruebas en las \u00faltimas 24 horas. Actualmente hay una acumulaci\u00f3n de 33.327 pruebas en espera de resultados. Se han completado un total de 13,722,749 pruebas desde el inicio de la pandemia.<\/p>\n<p>La positividad de la prueba del jueves fue del 7,8 por ciento. Esa cifra es inferior a la del mi\u00e9rcoles en el 7,9 por ciento, y est\u00e1 por debajo de la semana pasada cuando era del 8 por ciento.<\/p>\n<p>A partir de las 8 p.m. del mi\u00e9rcoles se administraron un total de 4.266.802 dosis de la vacuna COVID-19. Eso marca un aumento de 134,920 vacunas en el \u00faltimo d\u00eda. Hay 351,354 personas completamente vacunadas con dos dosis.<\/p>\n<p>Pfizer-BioNTech, Moderna, Oxford-AstraZeneca y Johnson and Johnson son las vacunas aprobadas actualmente en Canad\u00e1. Las primeras tres requieren dos inyecciones administradas con varias semanas de diferencia, mientras que la cuarta requiere solo una. Las vacunas J &amp; J a\u00fan no han llegado a Canad\u00e1.<\/p>\n<p><em><strong>Variantes preocupantes en Ontario<\/strong><\/em><\/p>\n<p>Los funcionarios han enumerado datos desglosados \u200b\u200bpara los nuevos COV (variantes de inter\u00e9s) detectados hasta ahora en la provincia, que consisten en B.1.1.7 (detectado por primera vez en el Reino Unido), B.1.351 (detectado por primera vez en Sud\u00e1frica), P .1 (detectada por primera vez en Brasil), as\u00ed como mutaciones que no tienen un linaje determinado.<\/p>\n<p>El VOC B.1.1.7 es actualmente la cepa conocida dominante con 44,205 casos variantes, que ha aumentado en 2,810 desde el d\u00eda anterior, 113 casos con variantes B.1.351 que ha aumentado en cinco y 218 casos con variantes P.1 que ha aumentado. a las seis.<\/p>\n<p><em><strong>Casos, muertes y brotes en hogares de cuidados a largo plazo de Ontario<\/strong><\/em><\/p>\n<p>Seg\u00fan el Ministerio de Cuidados a Largo Plazo, se han reportado 3.755 muertes entre residentes y pacientes en hogares de cuidados a largo plazo en Ontario, lo cual no ha cambiado. Se han informado 11 muertes relacionadas con virus en total entre el personal.<\/p>\n<p>Hay 37 brotes actuales en los hogares, tres m\u00e1s que el d\u00eda anterior.<\/p>\n<p>El ministerio tambi\u00e9n indic\u00f3 que actualmente hay 42 casos activos entre los residentes de cuidados a largo plazo y 135 casos activos entre el personal: un aumento de cinco y un aumento de 13, respectivamente, en el \u00faltimo d\u00eda.<\/p>\n","protected":false},"excerpt":{"rendered":"<p>\u00a0&#8211;\u00a0Ante la presi\u00f3n p\u00fablica y su creciente impopularidad con pedidos de renuncia, el premier Doug Ford confirm\u00f3 este jueves que la provincia est\u00e1 trabajando en&hellip;<\/p>\n","protected":false},"author":99,"featured_media":497296,"comment_status":"open","ping_status":"open","sticky":false,"template":"","format":"standard","meta":{"footnotes":""},"categories":[21,11191],"tags":[],"class_list":["post-497294","post","type-post","status-publish","format-standard","has-post-thumbnail","hentry","category-canada","category-top-news"],"_links":{"self":[{"href":"https:\/\/diarioelpopular.com\/index.php\/wp-json\/wp\/v2\/posts\/497294","targetHints":{"allow":["GET"]}}],"collection":[{"href":"https:\/\/diarioelpopular.com\/index.php\/wp-json\/wp\/v2\/posts"}],"about":[{"href":"https:\/\/diarioelpopular.com\/index.php\/wp-json\/wp\/v2\/types\/post"}],"author":[{"embeddable":true,"href":"https:\/\/diarioelpopular.com\/index.php\/wp-json\/wp\/v2\/users\/99"}],"replies":[{"embeddable":true,"href":"https:\/\/diarioelpopular.com\/index.php\/wp-json\/wp\/v2\/comments?post=497294"}],"version-history":[{"count":1,"href":"https:\/\/diarioelpopular.com\/index.php\/wp-json\/wp\/v2\/posts\/497294\/revisions"}],"predecessor-version":[{"id":497297,"href":"https:\/\/diarioelpopular.com\/index.php\/wp-json\/wp\/v2\/posts\/497294\/revisions\/497297"}],"wp:featuredmedia":[{"embeddable":true,"href":"https:\/\/diarioelpopular.com\/index.php\/wp-json\/wp\/v2\/media\/497296"}],"wp:attachment":[{"href":"https:\/\/diarioelpopular.com\/index.php\/wp-json\/wp\/v2\/media?parent=497294"}],"wp:term":[{"taxonomy":"category","embeddable":true,"href":"https:\/\/diarioelpopular.com\/index.php\/wp-json\/wp\/v2\/categories?post=497294"},{"taxonomy":"post_tag","embeddable":true,"href":"https:\/\/diarioelpopular.com\/index.php\/wp-json\/wp\/v2\/tags?post=497294"}],"curies":[{"name":"wp","href":"https:\/\/api.w.org\/{rel}","templated":true}]}}