{"id":497298,"date":"2021-04-22T13:32:40","date_gmt":"2021-04-22T17:32:40","guid":{"rendered":"https:\/\/diarioelpopular.com\/?p=497298"},"modified":"2021-04-22T13:32:40","modified_gmt":"2021-04-22T17:32:40","slug":"proyecto-de-impuesto-a-millonarios-para-enfrentar-pandemia-en-chile-paso-al-senado","status":"publish","type":"post","link":"https:\/\/diarioelpopular.com\/index.php\/2021\/04\/22\/proyecto-de-impuesto-a-millonarios-para-enfrentar-pandemia-en-chile-paso-al-senado\/","title":{"rendered":"Proyecto de impuesto a millonarios para enfrentar pandemia en Chile pas\u00f3 al Senado"},"content":{"rendered":"<div id=\"attachment_497299\" style=\"width: 646px\" class=\"wp-caption alignnone\"><img loading=\"lazy\" decoding=\"async\" aria-describedby=\"caption-attachment-497299\" class=\"size-custom-full-size wp-image-497299\" src=\"https:\/\/diarioelpopular.com\/wp-content\/uploads\/2021\/04\/impuesto-636x424.jpg\" alt=\"\" width=\"636\" height=\"424\" srcset=\"https:\/\/diarioelpopular.com\/wp-content\/uploads\/2021\/04\/impuesto-636x424.jpg 636w, https:\/\/diarioelpopular.com\/wp-content\/uploads\/2021\/04\/impuesto-300x200.jpg 300w, https:\/\/diarioelpopular.com\/wp-content\/uploads\/2021\/04\/impuesto-109x73.jpg 109w, https:\/\/diarioelpopular.com\/wp-content\/uploads\/2021\/04\/impuesto.jpg 700w\" sizes=\"auto, (max-width: 636px) 100vw, 636px\" \/><p id=\"caption-attachment-497299\" class=\"wp-caption-text\">Si llega a ser ley se aplicar\u00eda un impuesto al patrimonio por una vez a los que poseen m\u00e1s de 22 millones de d\u00f3lares.<\/p><\/div>\n<p>Chile es uno de los pa\u00edses m\u00e1s avanzados en la vacunaci\u00f3n contra el coronavirus de su poblaci\u00f3n, pero a\u00fan no ha podido controlar por completo los contagios, lo que ha complicado la cotidianidad con confinamientos y p\u00e9rdidas econ\u00f3micas.<\/p>\n<p>En ese contexto este mi\u00e9rcoles la C\u00e1mara de Diputados de Chile aprob\u00f3 un proyecto de ley que busca gravar, una \u00fanica vez, a las mayores fortunas del pa\u00eds como una medida para hacer frente a la grave crisis econ\u00f3mica que provoc\u00f3 la pandemia.<\/p>\n<p>Con 105 votos a favor, 18 en contra y 26 abstenciones se aprob\u00f3 en general la iniciativa, que busca gravar una \u00fanica vez con una tasa del 2,5 % del patrimonio a los titulares de bienes equivalentes a un valor de 22 millones de d\u00f3lares o superior, con el fin de financiar una renta b\u00e1sica de emergencia.<\/p>\n<p>La C\u00e1mara Baja debe concretar y aprobar el articulado de la norma antes de que pase al Senado y se apruebe finalmente.<\/p>\n<p>El objetivo es que Chile, el tercer pa\u00eds con m\u00e1s multimillonarios de Latinoam\u00e9rica, pueda mitigar los elevados costos fiscales que deja la crisis sanitaria, que han supuesto un desembolso de 18.000 millones de d\u00f3lares para las arcas del Estado, y de liquidez a las mermadas econom\u00edas dom\u00e9sticas.<\/p>\n<p>Seg\u00fan los propios autores del proyecto, la norma podr\u00eda recaudar hasta 6.250 millones de d\u00f3lares y afectar\u00eda a un universo de 5.840 personas, una cifra que desde el Sistema de Impuestos Internos han reducido a 1.409 contribuyentes.<\/p>\n<p><strong>Un debate mundial<\/strong><\/p>\n<p>El impuesto a los superricos, tambi\u00e9n denominado &#8220;impuesto de justicia social&#8221;, ha sido recomendado recientemente por diversos organismos como la Organizaci\u00f3n de las Naciones Unidas (ONU) o el Fondo Monetario Internacional (FMI) como una herramienta para afrontar la actual crisis econ\u00f3mica y reducir las grandes desigualdades de la regi\u00f3n.<\/p>\n<p><strong><em>&#8220;Los \u00faltimos informes indican que ha habido un aumento de 5 billones de d\u00f3lares en la riqueza de los m\u00e1s ricos del mundo en el pasado a\u00f1o&#8221;<\/em><\/strong>, se\u00f1al\u00f3 recientemente el secretario general de la ONU, Ant\u00f3nio Guterres, defensor de este gravamen.<\/p>\n<p>Adem\u00e1s, el ejemplo de Estados Unidos y las pol\u00edticas de Joe Biden, que lanz\u00f3 este a\u00f1o un plan tributario nacional e internacional destinado a poner freno al enriquecimiento de los grandes multimillonarios, reverberan en el pa\u00eds.<\/p>\n<p>En Chile, la pandemia recrudeci\u00f3 las desigualdades sociales. En 2020, alrededor de 2,3 millones de personas pasaron de clase media a situaci\u00f3n de vulnerabilidad seg\u00fan el Banco Mundial, las 8 mayores fortunas del pa\u00eds crecieron un 73 %, en cifras de la revista Forbes.<\/p>\n<p>Adem\u00e1s, pese a ser uno de los pa\u00edses con m\u00e1s poblaci\u00f3n vacunada del mundo, el pa\u00eds atraviesa el peor momento de la pandemia con una segunda ola que oblig\u00f3 a imponer cuarentenas masivas y que est\u00e1 suponiendo el final de miles de negocios que hab\u00edan logrado salvarse del encierro de 2020.<\/p>\n<p>En este contexto es que esta propuesta se gan\u00f3 el respaldo de gran parte de la sociedad y de numerosos parlamentarios para afrontar la actual crisis econ\u00f3mica que hizo desplomarse el PIB nacional un 5,8 % el pasado a\u00f1o.<\/p>\n","protected":false},"excerpt":{"rendered":"<p>Chile es uno de los pa\u00edses m\u00e1s avanzados en la vacunaci\u00f3n contra el coronavirus de su poblaci\u00f3n, pero a\u00fan no ha podido controlar por completo&hellip;<\/p>\n","protected":false},"author":99,"featured_media":497299,"comment_status":"open","ping_status":"open","sticky":false,"template":"","format":"standard","meta":{"footnotes":""},"categories":[23],"tags":[],"class_list":["post-497298","post","type-post","status-publish","format-standard","has-post-thumbnail","hentry","category-latinoamerica"],"_links":{"self":[{"href":"https:\/\/diarioelpopular.com\/index.php\/wp-json\/wp\/v2\/posts\/497298","targetHints":{"allow":["GET"]}}],"collection":[{"href":"https:\/\/diarioelpopular.com\/index.php\/wp-json\/wp\/v2\/posts"}],"about":[{"href":"https:\/\/diarioelpopular.com\/index.php\/wp-json\/wp\/v2\/types\/post"}],"author":[{"embeddable":true,"href":"https:\/\/diarioelpopular.com\/index.php\/wp-json\/wp\/v2\/users\/99"}],"replies":[{"embeddable":true,"href":"https:\/\/diarioelpopular.com\/index.php\/wp-json\/wp\/v2\/comments?post=497298"}],"version-history":[{"count":1,"href":"https:\/\/diarioelpopular.com\/index.php\/wp-json\/wp\/v2\/posts\/497298\/revisions"}],"predecessor-version":[{"id":497300,"href":"https:\/\/diarioelpopular.com\/index.php\/wp-json\/wp\/v2\/posts\/497298\/revisions\/497300"}],"wp:featuredmedia":[{"embeddable":true,"href":"https:\/\/diarioelpopular.com\/index.php\/wp-json\/wp\/v2\/media\/497299"}],"wp:attachment":[{"href":"https:\/\/diarioelpopular.com\/index.php\/wp-json\/wp\/v2\/media?parent=497298"}],"wp:term":[{"taxonomy":"category","embeddable":true,"href":"https:\/\/diarioelpopular.com\/index.php\/wp-json\/wp\/v2\/categories?post=497298"},{"taxonomy":"post_tag","embeddable":true,"href":"https:\/\/diarioelpopular.com\/index.php\/wp-json\/wp\/v2\/tags?post=497298"}],"curies":[{"name":"wp","href":"https:\/\/api.w.org\/{rel}","templated":true}]}}