{"id":497304,"date":"2021-04-22T20:26:06","date_gmt":"2021-04-23T00:26:06","guid":{"rendered":"https:\/\/diarioelpopular.com\/?p=497304"},"modified":"2021-04-22T20:26:06","modified_gmt":"2021-04-23T00:26:06","slug":"guatemala-en-alerta-roja-17-mil-casos-en-15-dias","status":"publish","type":"post","link":"https:\/\/diarioelpopular.com\/index.php\/2021\/04\/22\/guatemala-en-alerta-roja-17-mil-casos-en-15-dias\/","title":{"rendered":"Guatemala en alerta roja, 17 mil casos en 15 d\u00edas"},"content":{"rendered":"<div id=\"attachment_497305\" style=\"width: 160px\" class=\"wp-caption alignnone\"><img loading=\"lazy\" decoding=\"async\" aria-describedby=\"caption-attachment-497305\" class=\"size-thumbnail wp-image-497305\" src=\"https:\/\/diarioelpopular.com\/wp-content\/uploads\/2021\/04\/cf95b736238ba71d9fbdaf54ef315e6a-150x150.jpg\" alt=\"\" width=\"150\" height=\"150\" \/><p id=\"caption-attachment-497305\" class=\"wp-caption-text\"><em>Hisopados en Ciudad de Guatemala<\/em><\/p><\/div>\n<p><strong><em>CIUDAD DE GUATEMALA, 22 APR &#8211;<\/em><\/strong> El gobierno guatemalteco decret\u00f3 el &#8220;alerta roja institucional&#8221; a causa del aumento de casos de coronavirus registrado en el pa\u00eds centroamericano.<br \/>\nEn los \u00faltimos 15 d\u00edas, se verificaron en el pa\u00eds 17.000 contagios por la pandemia y la saturaci\u00f3n de los hospitales temporales y de la red nacional que est\u00e1 a m\u00e1s del 100% de su capacidad.<br \/>\nSeg\u00fan una nota difundida el mi\u00e9rcoles por el ministerio guatemalteco de Salud, el objeto de esta medida es asegurar que &#8220;los servicios est\u00e9n preparados con el personal, las provisiones y los aparatos necesarios para asistir a la poblaci\u00f3n&#8221;.<br \/>\nEl comunicado explica que con la activaci\u00f3n de la alerta roja, los hospitales deben poner en marcha su centro operativo de emergencia hospitalaria (COE-H), examinar la provisi\u00f3n de los materiales para los desastres, garantizar reservas de ox\u00edgeno, abastecimiento y equipamiento para los pacientes, mejorar las camas disponibles asignadas al Covid-19, verificar las exigencias del equipo m\u00e9dico para la emergencia y actualizar los recursos humanos disponibles.<br \/>\nY frente al aumento de los casos e internaciones, &#8220;se recomienda proseguir con medidas de prevenci\u00f3n como el uso obligatorio y correcto de una m\u00e1scara, el lavado constante de manos y el uso de gel alcoh\u00f3lico, el distanciamiento social y las salidas solo si son necesarias&#8221;, concluye la nota.<br \/>\nGuatemala registr\u00f3 hasta el momento 216.329 casos confirmados de coronavirus y 7.309 muertos.<\/p>\n","protected":false},"excerpt":{"rendered":"<p>CIUDAD DE GUATEMALA, 22 APR &#8211; El gobierno guatemalteco decret\u00f3 el &#8220;alerta roja institucional&#8221; a causa del aumento de casos de coronavirus registrado en el&hellip;<\/p>\n","protected":false},"author":99,"featured_media":497306,"comment_status":"open","ping_status":"open","sticky":false,"template":"","format":"standard","meta":{"footnotes":""},"categories":[23],"tags":[],"class_list":["post-497304","post","type-post","status-publish","format-standard","has-post-thumbnail","hentry","category-latinoamerica"],"_links":{"self":[{"href":"https:\/\/diarioelpopular.com\/index.php\/wp-json\/wp\/v2\/posts\/497304","targetHints":{"allow":["GET"]}}],"collection":[{"href":"https:\/\/diarioelpopular.com\/index.php\/wp-json\/wp\/v2\/posts"}],"about":[{"href":"https:\/\/diarioelpopular.com\/index.php\/wp-json\/wp\/v2\/types\/post"}],"author":[{"embeddable":true,"href":"https:\/\/diarioelpopular.com\/index.php\/wp-json\/wp\/v2\/users\/99"}],"replies":[{"embeddable":true,"href":"https:\/\/diarioelpopular.com\/index.php\/wp-json\/wp\/v2\/comments?post=497304"}],"version-history":[{"count":1,"href":"https:\/\/diarioelpopular.com\/index.php\/wp-json\/wp\/v2\/posts\/497304\/revisions"}],"predecessor-version":[{"id":497307,"href":"https:\/\/diarioelpopular.com\/index.php\/wp-json\/wp\/v2\/posts\/497304\/revisions\/497307"}],"wp:featuredmedia":[{"embeddable":true,"href":"https:\/\/diarioelpopular.com\/index.php\/wp-json\/wp\/v2\/media\/497306"}],"wp:attachment":[{"href":"https:\/\/diarioelpopular.com\/index.php\/wp-json\/wp\/v2\/media?parent=497304"}],"wp:term":[{"taxonomy":"category","embeddable":true,"href":"https:\/\/diarioelpopular.com\/index.php\/wp-json\/wp\/v2\/categories?post=497304"},{"taxonomy":"post_tag","embeddable":true,"href":"https:\/\/diarioelpopular.com\/index.php\/wp-json\/wp\/v2\/tags?post=497304"}],"curies":[{"name":"wp","href":"https:\/\/api.w.org\/{rel}","templated":true}]}}