{"id":497311,"date":"2021-04-22T20:35:20","date_gmt":"2021-04-23T00:35:20","guid":{"rendered":"https:\/\/diarioelpopular.com\/?p=497311"},"modified":"2021-04-22T20:35:20","modified_gmt":"2021-04-23T00:35:20","slug":"coronavirus-en-uruguay-77-fallecidos-3-303-nuevos-casos-y-514-personas-en-cti","status":"publish","type":"post","link":"https:\/\/diarioelpopular.com\/index.php\/2021\/04\/22\/coronavirus-en-uruguay-77-fallecidos-3-303-nuevos-casos-y-514-personas-en-cti\/","title":{"rendered":"Coronavirus en Uruguay: 77 fallecidos, 3.303 nuevos casos y 514 personas en CTI"},"content":{"rendered":"<h4><img loading=\"lazy\" decoding=\"async\" class=\"alignnone size-custom-full-size wp-image-497313\" src=\"https:\/\/diarioelpopular.com\/wp-content\/uploads\/2021\/04\/Screen-Shot-2021-04-22-at-8.33.50-PM.png\" alt=\"\" width=\"576\" height=\"386\" srcset=\"https:\/\/diarioelpopular.com\/wp-content\/uploads\/2021\/04\/Screen-Shot-2021-04-22-at-8.33.50-PM.png 576w, https:\/\/diarioelpopular.com\/wp-content\/uploads\/2021\/04\/Screen-Shot-2021-04-22-at-8.33.50-PM-300x201.png 300w, https:\/\/diarioelpopular.com\/wp-content\/uploads\/2021\/04\/Screen-Shot-2021-04-22-at-8.33.50-PM-80x55.png 80w, https:\/\/diarioelpopular.com\/wp-content\/uploads\/2021\/04\/Screen-Shot-2021-04-22-at-8.33.50-PM-109x73.png 109w\" sizes=\"auto, (max-width: 576px) 100vw, 576px\" \/><\/h4>\n<h4 id=\"p285005-m157-156-158\" class=\"epigraph\"><em><strong>En total, 28.267 personas se encuentran cursando la enfermedad; el total de decesos desde que se anunciaron los primeros casos asciende a 2.160 personas.<\/strong><\/em><\/h4>\n<p id=\"p285005-m204-203-205\" class=\"paragraph selectionShareable\"><em><strong>MONTEVIDEO.-<\/strong><\/em> El Sistema Nacional de Emergencia (Sinae) report\u00f3 que se realizaron\u00a017.638 hisopados este jueves y se detectaron\u00a03.303 nuevos casos de contagios porcoronavirus.<\/p>\n<p id=\"p285005-m209-1-210\" class=\"paragraph selectionShareable\">Adem\u00e1s, hubo 77\u00a0fallecimientos por coronavirus en todo el pa\u00eds en las \u00faltimas horas, segunda marca diaria m\u00e1xima. El total de decesos desde que se anunciaron los primeros casos asciende a\u00a02.160 personas.<\/p>\n<p>En total,\u00a028.267 personas se encuentran cursando la enfermedad. De ellas,\u00a0514 est\u00e1n internadas en cuidados intensivos.<\/p>\n<p id=\"p285005-m214-2-215\" class=\"paragraph selectionShareable\">De los 3.303 casos nuevos, 1354 son de Montevideo, 568 de Canelones, 173 de Artigas, 145 de Colonia, 132 de Maldonado, 130 de Salto, 116 de Tacuaremb\u00f3, 115 de Rivera, 106 de San Jos\u00e9, 80 de Florida, 75 de R\u00edo Negro, 71 de Cerro Largo, 66 de Soriano, 45 de Paysand\u00fa, 41 de Rocha, 34 de Lavalleja, 27 de Treinta y Tres, 13 de Durazno, y 12 de Flores.<\/p>\n<p id=\"p285005-m219-3-220\" class=\"paragraph selectionShareable\">Desde que se declar\u00f3 la emergencia sanitaria el 13 de marzo se han procesado\u00a0 test y se han registrado\u00a0 casos positivos de Coronavirus en todo el territorio nacional. De ese total\u00a0 ya se recuperaron.<\/p>\n<p id=\"p285005-m224-4-225\" class=\"paragraph selectionShareable\">Del total de casos positivos confirmados,\u00a0 6.320\u00a0corresponden a personal de la salud.\u00a05.855 de ellos ya se recuperaron,\u00a0452 est\u00e1n cursando la enfermedad y 13 fallecieron.<\/p>\n<p>El bolet\u00edn aclara: &#8220;El total de casos positivos confirmados hasta ayer era 172.601. Hoy se reportan 3.303 casos nuevos y un total de 175.891 casos positivos confirmados. La diferencia se explica porque, seg\u00fan consigna el MSP, 13 casos fueron eliminados&#8221;.<\/p>\n","protected":false},"excerpt":{"rendered":"<p>En total, 28.267 personas se encuentran cursando la enfermedad; el total de decesos desde que se anunciaron los primeros casos asciende a 2.160 personas. MONTEVIDEO.-&hellip;<\/p>\n","protected":false},"author":99,"featured_media":497313,"comment_status":"open","ping_status":"open","sticky":false,"template":"","format":"standard","meta":{"footnotes":""},"categories":[23],"tags":[],"class_list":["post-497311","post","type-post","status-publish","format-standard","has-post-thumbnail","hentry","category-latinoamerica"],"_links":{"self":[{"href":"https:\/\/diarioelpopular.com\/index.php\/wp-json\/wp\/v2\/posts\/497311","targetHints":{"allow":["GET"]}}],"collection":[{"href":"https:\/\/diarioelpopular.com\/index.php\/wp-json\/wp\/v2\/posts"}],"about":[{"href":"https:\/\/diarioelpopular.com\/index.php\/wp-json\/wp\/v2\/types\/post"}],"author":[{"embeddable":true,"href":"https:\/\/diarioelpopular.com\/index.php\/wp-json\/wp\/v2\/users\/99"}],"replies":[{"embeddable":true,"href":"https:\/\/diarioelpopular.com\/index.php\/wp-json\/wp\/v2\/comments?post=497311"}],"version-history":[{"count":1,"href":"https:\/\/diarioelpopular.com\/index.php\/wp-json\/wp\/v2\/posts\/497311\/revisions"}],"predecessor-version":[{"id":497314,"href":"https:\/\/diarioelpopular.com\/index.php\/wp-json\/wp\/v2\/posts\/497311\/revisions\/497314"}],"wp:featuredmedia":[{"embeddable":true,"href":"https:\/\/diarioelpopular.com\/index.php\/wp-json\/wp\/v2\/media\/497313"}],"wp:attachment":[{"href":"https:\/\/diarioelpopular.com\/index.php\/wp-json\/wp\/v2\/media?parent=497311"}],"wp:term":[{"taxonomy":"category","embeddable":true,"href":"https:\/\/diarioelpopular.com\/index.php\/wp-json\/wp\/v2\/categories?post=497311"},{"taxonomy":"post_tag","embeddable":true,"href":"https:\/\/diarioelpopular.com\/index.php\/wp-json\/wp\/v2\/tags?post=497311"}],"curies":[{"name":"wp","href":"https:\/\/api.w.org\/{rel}","templated":true}]}}