{"id":497316,"date":"2021-04-22T20:38:38","date_gmt":"2021-04-23T00:38:38","guid":{"rendered":"https:\/\/diarioelpopular.com\/?p=497316"},"modified":"2021-04-22T20:38:38","modified_gmt":"2021-04-23T00:38:38","slug":"argentina-tuvo-su-peor-dia-en-cuanto-a-muertes-por-covid-537-este-jueves","status":"publish","type":"post","link":"https:\/\/diarioelpopular.com\/index.php\/2021\/04\/22\/argentina-tuvo-su-peor-dia-en-cuanto-a-muertes-por-covid-537-este-jueves\/","title":{"rendered":"Argentina tuvo su peor d\u00eda en cuanto a muertes por COVID: 537 este jueves"},"content":{"rendered":"<h2><\/h2>\n<p><img loading=\"lazy\" decoding=\"async\" class=\"alignnone size-custom-full-size wp-image-497317\" src=\"https:\/\/diarioelpopular.com\/wp-content\/uploads\/2021\/04\/Screen-Shot-2021-04-22-at-8.36.57-PM.png\" alt=\"\" width=\"582\" height=\"383\" srcset=\"https:\/\/diarioelpopular.com\/wp-content\/uploads\/2021\/04\/Screen-Shot-2021-04-22-at-8.36.57-PM.png 582w, https:\/\/diarioelpopular.com\/wp-content\/uploads\/2021\/04\/Screen-Shot-2021-04-22-at-8.36.57-PM-300x197.png 300w, https:\/\/diarioelpopular.com\/wp-content\/uploads\/2021\/04\/Screen-Shot-2021-04-22-at-8.36.57-PM-85x55.png 85w, https:\/\/diarioelpopular.com\/wp-content\/uploads\/2021\/04\/Screen-Shot-2021-04-22-at-8.36.57-PM-111x73.png 111w\" sizes=\"auto, (max-width: 582px) 100vw, 582px\" \/><\/p>\n<h4 id=\"pnull-m37-36-38\" class=\"epigraph\"><em><strong>El Ministerio de Salud inform\u00f3 en su reporte vespertino de 27.216 nuevos casos, con lo que el n\u00famero total de positivos ascendi\u00f3 a 2.796.768.<\/strong><\/em><\/h4>\n<p id=\"pnull-m84-83-85\" class=\"paragraph selectionShareable\"><em><strong>BUENOS AIRES.-<\/strong><\/em> Argentina registr\u00f3 este jueves 537 muertes por covid-19, r\u00e9cord de fallecimientos por dicha enfermedad desde el inicio de la pandemia en el pa\u00eds, y el n\u00famero total de fallecidos se elev\u00f3 a 60.620 personas.<\/p>\n<p id=\"pnull-m160-1-161\" class=\"paragraph selectionShareable\">Adem\u00e1s, el Ministerio de Salud inform\u00f3 en su reporte vespertino de 27.216 nuevos casos, con lo que el n\u00famero total de positivos ascendi\u00f3 a 2.796.768.<\/p>\n<p>El n\u00famero de contagios conocidos hoy marca un aumento con respecto a los informados este mi\u00e9rcoles, cuando se notificaron 25.932 casos.\u00a0Argentina registr\u00f3 un r\u00e9cord diario de positivos el viernes \u00faltimo, con 29.472 contagios.<\/p>\n<p id=\"pnull-m170-2-171\" class=\"paragraph selectionShareable\">En la provincia de Buenos Aires se reportaron este jueves 12.949 casos, mientras que en la capital de Argentina se registraron 3.560 positivos.<\/p>\n<p>De acuerdo con el informe diario que difunde el Ministerio de Salud argentino, hay 2.449.793 pacientes que ya han sido dados de alta, mientras que 4.791 personas con diagn\u00f3stico confirmado de la covid-19 permanecen ingresadas en unidades de cuidados intensivos.<\/p>\n<div class=\"google-auto-placed ap_container\">\n<p id=\"pnull-m178-3-179\" class=\"paragraph selectionShareable\">El porcentaje de ocupaci\u00f3n de camas de terapia intensiva por todo tipo de patolog\u00edas es del 65,6 % a nivel nacional, pero del 75,3 % si solo se considera Buenos Aires y su populosa periferia.<\/p>\n<p id=\"pnull-m184-4-185\" class=\"paragraph selectionShareable\">Hasta el momento, en Argentina se han realizado 10,5 millones de test para detectar el virus, de los cuales 99.323 se hicieron este jueves.<\/p>\n<p>Argentina atraviesa desde hace tres semanas un vertiginoso aumento de los casos de covid-19, con creciente nivel de ocupaci\u00f3n de camas en las unidades de terapia intensiva.<\/p>\n<p>Ante este escenario, desde el pasado d\u00eda 9 y hasta el 30 de abril rigen restricciones a la circulaci\u00f3n nocturna, que el Gobierno de Alberto Fern\u00e1ndez decret\u00f3 ampliar en Buenos Aires y su periferia desde el viernes \u00faltimo.<\/p>\n<p id=\"pnull-m193-5-194\" class=\"paragraph selectionShareable\">El Ejecutivo dispuso adem\u00e1s que en Buenos Aires y su cord\u00f3n urbano, la zona m\u00e1s poblada de Argentina y donde mayor cantidad de casos de coronavirus se registran, queden suspendidas por dos semanas las clases presenciales en las escuelas -una restricci\u00f3n que se dirime en la Justicia- y las actividades recreativas, sociales, culturales, deportivas y religiosas y los servicios gastron\u00f3micos en los lugares cerrados y que el comercio opere en un horario m\u00e1s acotado.<\/p>\n<p id=\"pnull-m199-6-200\" class=\"paragraph selectionShareable\">Mientras afronta el embate de la segunda ola de covid-19, Argentina, con una poblaci\u00f3n de unos 45 millones de habitantes, contin\u00faa con su campa\u00f1a de vacunaci\u00f3n contra el coronavirus, iniciada a finales de diciembre \u00faltimo.<\/p>\n<p>Hasta este jueves, Argentina ha recibido 8.262.308 dosis de vacunas contra el coronavirus y ha inoculado a 6.693.438 personas, 842.206 de ellas con dos dosis.<\/p>\n<div id=\"ad-mobile-box2_parent\" class=\"ad-unit\">\n<div id=\"ad-mobile-box2\" data-dfpstatus=\"rendered\" data-google-query-id=\"CODS59KPk_ACFUvvwAodzGUN0Q\"><\/div>\n<\/div>\n<\/div>\n","protected":false},"excerpt":{"rendered":"<p>El Ministerio de Salud inform\u00f3 en su reporte vespertino de 27.216 nuevos casos, con lo que el n\u00famero total de positivos ascendi\u00f3 a 2.796.768. BUENOS&hellip;<\/p>\n","protected":false},"author":99,"featured_media":497317,"comment_status":"open","ping_status":"open","sticky":false,"template":"","format":"standard","meta":{"footnotes":""},"categories":[23],"tags":[],"class_list":["post-497316","post","type-post","status-publish","format-standard","has-post-thumbnail","hentry","category-latinoamerica"],"_links":{"self":[{"href":"https:\/\/diarioelpopular.com\/index.php\/wp-json\/wp\/v2\/posts\/497316","targetHints":{"allow":["GET"]}}],"collection":[{"href":"https:\/\/diarioelpopular.com\/index.php\/wp-json\/wp\/v2\/posts"}],"about":[{"href":"https:\/\/diarioelpopular.com\/index.php\/wp-json\/wp\/v2\/types\/post"}],"author":[{"embeddable":true,"href":"https:\/\/diarioelpopular.com\/index.php\/wp-json\/wp\/v2\/users\/99"}],"replies":[{"embeddable":true,"href":"https:\/\/diarioelpopular.com\/index.php\/wp-json\/wp\/v2\/comments?post=497316"}],"version-history":[{"count":1,"href":"https:\/\/diarioelpopular.com\/index.php\/wp-json\/wp\/v2\/posts\/497316\/revisions"}],"predecessor-version":[{"id":497318,"href":"https:\/\/diarioelpopular.com\/index.php\/wp-json\/wp\/v2\/posts\/497316\/revisions\/497318"}],"wp:featuredmedia":[{"embeddable":true,"href":"https:\/\/diarioelpopular.com\/index.php\/wp-json\/wp\/v2\/media\/497317"}],"wp:attachment":[{"href":"https:\/\/diarioelpopular.com\/index.php\/wp-json\/wp\/v2\/media?parent=497316"}],"wp:term":[{"taxonomy":"category","embeddable":true,"href":"https:\/\/diarioelpopular.com\/index.php\/wp-json\/wp\/v2\/categories?post=497316"},{"taxonomy":"post_tag","embeddable":true,"href":"https:\/\/diarioelpopular.com\/index.php\/wp-json\/wp\/v2\/tags?post=497316"}],"curies":[{"name":"wp","href":"https:\/\/api.w.org\/{rel}","templated":true}]}}