{"id":497326,"date":"2021-04-23T12:39:15","date_gmt":"2021-04-23T16:39:15","guid":{"rendered":"https:\/\/diarioelpopular.com\/?p=497326"},"modified":"2021-04-23T12:39:15","modified_gmt":"2021-04-23T16:39:15","slug":"mexico-postura-de-obrador-en-cumbre-causa-molestia","status":"publish","type":"post","link":"https:\/\/diarioelpopular.com\/index.php\/2021\/04\/23\/mexico-postura-de-obrador-en-cumbre-causa-molestia\/","title":{"rendered":"M\u00e9xico: Postura de Obrador en cumbre causa molestia"},"content":{"rendered":"<div id=\"attachment_497327\" style=\"width: 310px\" class=\"wp-caption alignnone\"><img loading=\"lazy\" decoding=\"async\" aria-describedby=\"caption-attachment-497327\" class=\"size-medium wp-image-497327\" src=\"https:\/\/diarioelpopular.com\/wp-content\/uploads\/2021\/04\/b534036a20c79f298d3b5077489cc232-300x200.jpg\" alt=\"\" width=\"300\" height=\"200\" srcset=\"https:\/\/diarioelpopular.com\/wp-content\/uploads\/2021\/04\/b534036a20c79f298d3b5077489cc232-300x200.jpg 300w, https:\/\/diarioelpopular.com\/wp-content\/uploads\/2021\/04\/b534036a20c79f298d3b5077489cc232-110x73.jpg 110w, https:\/\/diarioelpopular.com\/wp-content\/uploads\/2021\/04\/b534036a20c79f298d3b5077489cc232.jpg 476w\" sizes=\"auto, (max-width: 300px) 100vw, 300px\" \/><p id=\"caption-attachment-497327\" class=\"wp-caption-text\"><em>Malestar por la pobre postura de L\u00f3pez Obrador en la cumbre del clima<\/em><\/p><\/div>\n<p><strong><em>CIUDAD DE MEXICO, 23 APR &#8211;<\/em> <\/strong>El presidente mexicano, Andr\u00e9s L\u00f3pez Obrador, fue duramente cuestionado por ambientalistas, activistas y expertos en el tema por su postura ante la Cumbre Clim\u00e1tica Mundial, al mostrar indiferencia, desinter\u00e9s y rechazo hacia las nuevas fuentes de energ\u00eda sustentable. Incluso Xiye Bastida, la joven estudiante de 19 a\u00f1os y de ra\u00edces ind\u00edgenas otom\u00edes calificada como la &#8220;Greta Thunberg&#8221; mexicana, que intervino en el c\u00f3nclave, organizado por el mandatario estadounidense Joe Biden, rechaz\u00f3 las propuestas de L\u00f3pez Obrador. Bastida, nativa de una peque\u00f1a comunidad rural de Lerma, cerca de la capital, que represent\u00f3 una bocanada de aire fresco en el encuentro, rega\u00f1\u00f3 a los l\u00edderes mundiales por su inacci\u00f3n para frenar el cambio clim\u00e1tico global.<\/p>\n<p>Integrante del movimiento Fridays for Future, en el que tambi\u00e9n participa su colega Greta Thunberg, la joven se reuni\u00f3 en 2019 en el marco en el marco de la Cumbre Clim\u00e1tica de Naciones Unidas, cuando estudiaban ambos en la Beacon High School de Nueva York, y participaron en la Huelga Clim\u00e1tica Global. &#8220;Me siento orgullosa de haber representado a M\u00e9xico y a la juventud, especialmente cuando el discurso de L\u00f3pez Obrador se qued\u00f3 corto en ambici\u00f3n&#8221;, dijo la joven, quien tambi\u00e9n reproch\u00f3 a los 40 l\u00edderes asistentes haber &#8220;perpetuado sistemas de colonialismo y capitalismo&#8221;.<\/p>\n<p>&#8220;Los que han sufrido desplazamiento por sequ\u00edas inundaciones o incendios forestales, no est\u00e1n plenamente representados hoy&#8221;, indic\u00f3. L\u00f3pez Obrador, que presumi\u00f3 el reciente hallazgo de tres grandes yacimientos de petr\u00f3leo y dijo que se propon\u00eda en el futuro reducir las exportaciones de crudo y las importaciones de gasolina del pa\u00eds, &#8220;evidenci\u00f3 que no entiende ni le interesa el tema&#8221;, coincidieron los especialistas.<\/p>\n<p>Gustavo Alan\u00eds, del Centro Mexicano de Derecho Ambiental (CEMDA), dijo que &#8220;es claro que el presidente no entendi\u00f3 de qu\u00e9 se trataba la reuni\u00f3n, que minimiza al m\u00e1ximo los temas ambientales y particularmente los que tienen que ver con cambio clim\u00e1tico y que no le hace caso a nadie de su equipo&#8221;.<\/p>\n<p>Adri\u00e1n Fern\u00e1ndez, que lidera la Iniciativa Clim\u00e1tica de M\u00e9xico (ICM), record\u00f3 que el mandatario elimin\u00f3 el Fideicomiso para atenci\u00f3n del Cambio Clim\u00e1tico y &#8220;ha centrado su pol\u00edtica energ\u00e9tica en combustibles f\u00f3siles&#8221;. &#8220;Lo que resulta evidente es que no es prioridad para \u00e9l ni le importa&#8221;, afirm\u00f3 Fern\u00e1ndez.<\/p>\n<p>L\u00f3pez Obrador s\u00f3lo particip\u00f3 brevemente en la reuni\u00f3n virtual de alto nivel, con un mensaje en el cual se\u00f1al\u00f3 que su pa\u00eds planea modernizar sus plantas hidroel\u00e9ctricas y pidi\u00f3 a Biden ampliar su programa Sembrando Vida en Centroam\u00e9rica, y encarg\u00f3 a su canciller Marcelo Ebrard estar atento a los discursos.<\/p>\n<p>Sembrando Vida es un programa que paga 5.000 pesos (unos 250 d\u00f3lares) cada mes a 420.000 campesinos que plantan \u00e1rboles, pero es cuestionado por ambientalistas por considerar que es insuficiente para dejar de emitir gases t\u00f3xicos a la atm\u00f3sfera y por despreciar las energ\u00edas limpias, como la e\u00f3lica o la solar.<\/p>\n<p>El jefe de Estado mexicano dijo que con su plan se podr\u00edan reforestar cuatro millones de hect\u00e1reas que absorber\u00e1n 70 millones de toneladas de di\u00f3xido de carbono, pero Fern\u00e1ndez dijo que es necesario precisar &#8220;c\u00f3mo lleg\u00f3 a ese c\u00e1lculo&#8221; y en qu\u00e9 plazo se lograr\u00eda. &#8220;No es una buena idea seguir apost\u00e1ndole a los f\u00f3siles en lugar de los renovables, que es justamente donde deber\u00edamos de estar apostando&#8221;, se\u00f1al\u00f3.<\/p>\n<p>Daniela Rivero, fundadora de la Red de J\u00f3venes Ambientalistas, tambi\u00e9n calific\u00f3 como &#8220;pobre&#8221; el discurso de L\u00f3pez Obrador para atender el cambio clim\u00e1tico. El programa Sembrando Vida tiene como fachada ser proambiental y promover la reforestaci\u00f3n pero, al contrario, representa &#8220;quitar \u00e1rboles para sembrar \u00e1rboles&#8221;.<\/p>\n<p>Arturo Sarukhan, ex embajador de M\u00e9xico en Estados Unidos, compar\u00f3 la indiferencia de L\u00f3pez Obrador frente a la postura activa y participativa en la cumbre de l\u00edderes como Justin Trudeau, primer ministro de Canad\u00e1 y Boris Johnson, jefe de gobierno del Reino Unido, que &#8220;se toman en serio el tema&#8221;. El expresidente Felipe Calder\u00f3n tambi\u00e9n cuestion\u00f3 la poca &#8220;importancia del tema ambiental para el gobierno mexicano&#8221;.<\/p>\n","protected":false},"excerpt":{"rendered":"<p>CIUDAD DE MEXICO, 23 APR &#8211; El presidente mexicano, Andr\u00e9s L\u00f3pez Obrador, fue duramente cuestionado por ambientalistas, activistas y expertos en el tema por su&hellip;<\/p>\n","protected":false},"author":99,"featured_media":497327,"comment_status":"open","ping_status":"open","sticky":false,"template":"","format":"standard","meta":{"footnotes":""},"categories":[23],"tags":[],"class_list":["post-497326","post","type-post","status-publish","format-standard","has-post-thumbnail","hentry","category-latinoamerica"],"_links":{"self":[{"href":"https:\/\/diarioelpopular.com\/index.php\/wp-json\/wp\/v2\/posts\/497326","targetHints":{"allow":["GET"]}}],"collection":[{"href":"https:\/\/diarioelpopular.com\/index.php\/wp-json\/wp\/v2\/posts"}],"about":[{"href":"https:\/\/diarioelpopular.com\/index.php\/wp-json\/wp\/v2\/types\/post"}],"author":[{"embeddable":true,"href":"https:\/\/diarioelpopular.com\/index.php\/wp-json\/wp\/v2\/users\/99"}],"replies":[{"embeddable":true,"href":"https:\/\/diarioelpopular.com\/index.php\/wp-json\/wp\/v2\/comments?post=497326"}],"version-history":[{"count":1,"href":"https:\/\/diarioelpopular.com\/index.php\/wp-json\/wp\/v2\/posts\/497326\/revisions"}],"predecessor-version":[{"id":497328,"href":"https:\/\/diarioelpopular.com\/index.php\/wp-json\/wp\/v2\/posts\/497326\/revisions\/497328"}],"wp:featuredmedia":[{"embeddable":true,"href":"https:\/\/diarioelpopular.com\/index.php\/wp-json\/wp\/v2\/media\/497327"}],"wp:attachment":[{"href":"https:\/\/diarioelpopular.com\/index.php\/wp-json\/wp\/v2\/media?parent=497326"}],"wp:term":[{"taxonomy":"category","embeddable":true,"href":"https:\/\/diarioelpopular.com\/index.php\/wp-json\/wp\/v2\/categories?post=497326"},{"taxonomy":"post_tag","embeddable":true,"href":"https:\/\/diarioelpopular.com\/index.php\/wp-json\/wp\/v2\/tags?post=497326"}],"curies":[{"name":"wp","href":"https:\/\/api.w.org\/{rel}","templated":true}]}}