{"id":497338,"date":"2021-04-24T11:39:14","date_gmt":"2021-04-24T15:39:14","guid":{"rendered":"https:\/\/diarioelpopular.com\/?p=497338"},"modified":"2021-04-24T11:39:14","modified_gmt":"2021-04-24T15:39:14","slug":"cerca-de-4-100-nuevos-casos-de-covid-19-24-muertes-este-sabado","status":"publish","type":"post","link":"https:\/\/diarioelpopular.com\/index.php\/2021\/04\/24\/cerca-de-4-100-nuevos-casos-de-covid-19-24-muertes-este-sabado\/","title":{"rendered":"Cerca de 4,100 nuevos casos de COVID-19, 24 muertes este s\u00e1bado"},"content":{"rendered":"<p><img loading=\"lazy\" decoding=\"async\" class=\"alignnone size-medium wp-image-497340\" src=\"https:\/\/diarioelpopular.com\/wp-content\/uploads\/2021\/04\/Screen-Shot-2021-04-24-at-11.28.35-AM-300x174.png\" alt=\"\" width=\"300\" height=\"174\" srcset=\"https:\/\/diarioelpopular.com\/wp-content\/uploads\/2021\/04\/Screen-Shot-2021-04-24-at-11.28.35-AM-300x174.png 300w, https:\/\/diarioelpopular.com\/wp-content\/uploads\/2021\/04\/Screen-Shot-2021-04-24-at-11.28.35-AM-768x446.png 768w, https:\/\/diarioelpopular.com\/wp-content\/uploads\/2021\/04\/Screen-Shot-2021-04-24-at-11.28.35-AM-636x369.png 636w, https:\/\/diarioelpopular.com\/wp-content\/uploads\/2021\/04\/Screen-Shot-2021-04-24-at-11.28.35-AM-126x73.png 126w, https:\/\/diarioelpopular.com\/wp-content\/uploads\/2021\/04\/Screen-Shot-2021-04-24-at-11.28.35-AM.png 1024w\" sizes=\"auto, (max-width: 300px) 100vw, 300px\" \/><\/p>\n<p><em>Actualizado s\u00e1bado 24 de abril de 2021 11:34 a.m.<\/em><\/p>\n<h4><em><strong>&#8211; Ontario report\u00f3 4.094 casos de COVID-19 el s\u00e1bado, lo que eleva el n\u00famero total de casos en la provincia a 441.404.<\/strong><\/em><\/h4>\n<h4><em><strong>&#8211; \u00bfEl plan de cuidado infantil de Ottawa realmente ayudar\u00e1 a los padres durante la recuperaci\u00f3n?<\/strong><\/em><\/h4>\n<p>TORONTO.- \u201cA nivel local, hay 1.191 casos nuevos en Toronto, 1.014 en Peel, 406 en la regi\u00f3n de York, 226 en Niagara y 199 en Durham\u201d, dijo la ministra de Salud, Christine Elliott.<\/p>\n<p>Tambi\u00e9n se informaron veinticuatro nuevas muertes, con lo que la cifra provincial de muertos asciende a 7.887.<\/p>\n<p>Un total de 392,044 casos de coronavirus se consideran resueltos, lo que representa un aumento de 4,332 y es el 88,8 por ciento de todos los casos confirmados.<\/p>\n<p>Se completaron m\u00e1s de 52,100 pruebas adicionales. Ontario ha completado un total de 13,831,115 pruebas y 31,933 siguen bajo investigaci\u00f3n.<\/p>\n<p>La provincia indic\u00f3 que la tasa de positividad para el \u00faltimo d\u00eda fue del 7,8 por ciento, que es inferior al informe del viernes, cuando fue del 8,8 por ciento, y superior al informe del s\u00e1bado pasado, cuando fue del 6,9 por ciento.<\/p>\n<p>Las cifras provinciales mostraron que hay 2.277 personas hospitalizadas con el virus (un descenso de 10), con 833 en cuidados intensivos (un aumento de 15 y marcando un r\u00e9cord), 600 de las cuales est\u00e1n en un ventilador (un aumento de siete).<\/p>\n<p>Se han confirmado 49,860 casos de la variante B.1.1.7, descubiertos por primera vez en el Reino Unido (hasta 2955), as\u00ed como 150 de la variante B.1.351 que se descubri\u00f3 en Sud\u00e1frica (hasta 16), y 267 casos de la variante P.1, encontrados por primera vez en Brasil (hasta 43).<\/p>\n<p>A continuaci\u00f3n, se muestra un desglose de los casos de Ontario por edad y sexo:<\/p>\n<p>219,161 personas son hombres<br \/>\n219,270 personas son mujeres<br \/>\n67,252 personas tienen 19 a\u00f1os o menos<br \/>\n162,239 personas tienen entre 20 y 39 a\u00f1os<br \/>\n127,377 personas tienen entre 40 y 59 a\u00f1os<br \/>\n61,268 personas tienen 60 a 79<br \/>\n23.149 personas tienen 80 a\u00f1os o m\u00e1s<\/p>\n<p>La provincia se\u00f1ala que no todos los casos tienen una edad o sexo reportados.<\/p>\n<p>La provincia tambi\u00e9n se\u00f1ala que la cantidad de casos notificados p\u00fablicamente cada d\u00eda puede no coincidir con los recuentos de casos notificados por la unidad de salud p\u00fablica local en un d\u00eda determinado. Las unidades de salud p\u00fablica locales informan cu\u00e1ndo se les notific\u00f3 por primera vez de un caso, que puede actualizarse y cambiarse a medida que la informaci\u00f3n est\u00e9 disponible. Los datos tambi\u00e9n se pueden extraer en diferentes momentos.<\/p>\n<p>Hasta el viernes por la noche, se hab\u00edan administrado 4.527.368 dosis de la vacuna COVID-19 en Ontario, lo que representa un aumento de 126.694.<\/p>\n<p>Hasta el momento, se considera que 358.776 personas en la provincia est\u00e1n completamente vacunadas.<\/p>\n<p>&nbsp;<\/p>\n<h4><em><strong>\u00bfEl plan de cuidado infantil de Ottawa realmente ayudar\u00e1 a los padres durante la recuperaci\u00f3n?<\/strong><\/em><\/h4>\n<p><img loading=\"lazy\" decoding=\"async\" class=\"alignnone size-medium wp-image-497339\" src=\"https:\/\/diarioelpopular.com\/wp-content\/uploads\/2021\/04\/Screen-Shot-2021-04-24-at-11.31.04-AM-300x169.png\" alt=\"\" width=\"300\" height=\"169\" srcset=\"https:\/\/diarioelpopular.com\/wp-content\/uploads\/2021\/04\/Screen-Shot-2021-04-24-at-11.31.04-AM-300x169.png 300w, https:\/\/diarioelpopular.com\/wp-content\/uploads\/2021\/04\/Screen-Shot-2021-04-24-at-11.31.04-AM-768x433.png 768w, https:\/\/diarioelpopular.com\/wp-content\/uploads\/2021\/04\/Screen-Shot-2021-04-24-at-11.31.04-AM-636x359.png 636w, https:\/\/diarioelpopular.com\/wp-content\/uploads\/2021\/04\/Screen-Shot-2021-04-24-at-11.31.04-AM-129x73.png 129w, https:\/\/diarioelpopular.com\/wp-content\/uploads\/2021\/04\/Screen-Shot-2021-04-24-at-11.31.04-AM.png 1024w\" sizes=\"auto, (max-width: 300px) 100vw, 300px\" \/><\/p>\n<p>&nbsp;<\/p>\n<p>Con su hija Ramona de tres a\u00f1os en la guarder\u00eda de tiempo completo en Calgary y su hermana peque\u00f1a, Ruby de ocho meses, lista para unirse a ella el pr\u00f3ximo a\u00f1o, Hilary King y Adam McRae llaman a la visi\u00f3n del gobierno de Trudeau de una inversi\u00f3n nacional de $ 10- cuidado de ni\u00f1os al d\u00eda &#8220;cambia la vida&#8221;.<\/p>\n<p>Pero King y McRae no conf\u00edan en que el plan cambie sus vidas.<\/p>\n<p>El presupuesto de la ministra de Finanzas, Chrystia Freeland, promete que el gobierno federal aportar\u00e1 $ 30 mil millones durante los pr\u00f3ximos cinco a\u00f1os para crear un sistema de aprendizaje temprano en todo Canad\u00e1 y un aumento permanente de fondos de $ 8,3 mil millones por a\u00f1o a partir de entonces. El objetivo es reducir a la mitad las tarifas de cuidado de ni\u00f1os en los centros registrados para fines de 2022 y, finalmente, reducir el costo del cuidado de ni\u00f1os a $ 10 por d\u00eda para 2026, seg\u00fan el presupuesto.<\/p>\n<p>Pero Alberta, junto con Manitoba y Ontario, ya ha expresado su escepticismo sobre la oferta del gobierno federal, que viene con un \u00e9nfasis en apoyar el cuidado infantil sin fines de lucro.<\/p>\n<p>&#8220;Nuestra preocupaci\u00f3n ser\u00eda que existe un sistema nacional de cuidado infantil impuesto por el gobierno federal que puede dejar a los padres de Alberta con muy pocas opciones&#8221;, dijo el ministro de Finanzas de Alberta, Travis Toews.<\/p>\n<p>A King y McRae les preocupa que su provincia no se adhiera al plan de Ottawa.<\/p>\n<p>&#8220;No creo que nos beneficiemos espec\u00edficamente de ello&#8221;, dice King.<\/p>\n<p>Dado que ambos ni\u00f1os necesitar\u00e1n cuidado de ni\u00f1os a tiempo completo el pr\u00f3ximo a\u00f1o, King y McRae dicen que pagar\u00e1n alrededor de $ 3,000 al mes en tarifas. Con dos trabajos de tiempo completo y algunos ahorros reservados, se llaman a s\u00ed mismos \u201cextremadamente afortunados\u201d de poder asumir el costo. Pero, a\u00f1ade King, no todo el mundo puede permit\u00edrselo.<\/p>\n<p>&#8220;Tengo amigos que han decidido quedarse en casa por eso, porque su salario &#8230; no cubrir\u00e1 el cuidado de los ni\u00f1os que tendr\u00edan que pagar&#8221;, dice.<\/p>\n<p>\u00bfPueden los padres esperar tarifas de cuidado de ni\u00f1os m\u00e1s bajas en los pr\u00f3ximos meses?<\/p>\n<p>El dilema que muchos padres j\u00f3venes, y desproporcionadamente las madres, enfrentan a menudo entre volver al trabajo o quedarse en casa para ahorrar en los costos del cuidado de los ni\u00f1os, ha adquirido una nueva importancia en la emergencia de salud COVID-19. Para algunas familias, la pandemia pr\u00e1cticamente acab\u00f3 con los ahorros que estaban destinados a cubrir los costosos a\u00f1os de guarder\u00eda, dicen los defensores del cuidado infantil. Y aunque las inscripciones en el cuidado de ni\u00f1os han disminuido vertiginosamente desde el inicio de la pandemia, tambi\u00e9n existe la pregunta de si las listas de espera para los lugares de cuidado infantil se har\u00e1n a\u00fan m\u00e1s largas despu\u00e9s de que termine la crisis, ya que las dificultades financieras obligaron a algunos centros de cuidado infantil a cerrar permanentemente, a\u00f1aden.<\/p>\n<p>Varios economistas han estado advirtiendo durante casi un a\u00f1o que la falta de opciones de cuidado infantil a medida que la econom\u00eda se reabre podr\u00eda obligar a muchas mujeres a renunciar a oportunidades de empleo y convertirse en un punto de estrangulamiento para la recuperaci\u00f3n.<\/p>\n<p>Pero, \u00bfpuede el plan nacional de cuidado de ni\u00f1os de Ottawa convertirse en una realidad lo suficientemente r\u00e1pido como para ayudar a esas mujeres a reincorporarse a la fuerza laboral a medida que la econom\u00eda vuelve a la normalidad?<\/p>\n<p>&#8220;No creo que esta medida tenga un efecto sustancial en los pr\u00f3ximos meses&#8221;, dice la economista Armine Yalnizyan, investigadora sobre el futuro de los trabajadores de la Fundaci\u00f3n Atkinson, que forma parte de un grupo de expertos que asesora al Ministro de Finanzas sobre pol\u00edticas de apoyo al empleo de la mujer.<\/p>\n<p>A\u00fan as\u00ed, es &#8220;bastante posible&#8221; que algunas de las provincias y territorios act\u00faen muy r\u00e1pidamente para implementar medidas que mejorar\u00e1n el acceso al cuidado infantil y la asequibilidad en un futuro cercano, agrega Yalnizyan.<\/p>\n<p>En su presupuesto provincial, por ejemplo, el B.C. el gobierno se comprometi\u00f3 esta semana a duplicar la cantidad de espaciosf disponibles bajo su propio programa piloto de cuidado de ni\u00f1os de $ 10 al d\u00eda. Y Yukon lanz\u00f3 un programa de subsidios para el cuidado de ni\u00f1os a principios de abril.<\/p>\n<p>Y la propuesta de financiaci\u00f3n del cuidado infantil de Ottawa ha recibido cr\u00edticas preliminares positivas de los gobiernos de Nueva Escocia, Terranova y Labrador y la Isla del Pr\u00edncipe Eduardo.<\/p>\n<p>Pero la recepci\u00f3n ha sido considerablemente m\u00e1s fresca en las praderas y Ontario.<\/p>\n<p>&#8220;Tenemos problemas con un gobierno federal aqu\u00ed que no quiere asociarse de manera efectiva para brindar atenci\u00f3n m\u00e9dica&#8221;, dijo el primer ministro de Manitoba, Brian Pallister. &#8220;As\u00ed que dudo mucho en dar un cheque en blanco al gobierno federal ya en un pronunciamiento previo a las elecciones&#8221;.<\/p>\n<p><strong><em>Cuidado de ni\u00f1os versus transferencias de salud<\/em><\/strong><\/p>\n<p>Si bien Ottawa ofrece decenas de miles de millones de d\u00f3lares en inversiones adicionales para el cuidado infantil, ignor\u00f3 la solicitud de los primeros ministros de un aumento de $ 28 mil millones al a\u00f1o en transferencias de atenci\u00f3n m\u00e9dica.<\/p>\n<p>La cuesti\u00f3n del financiamiento de la atenci\u00f3n m\u00e9dica puede hacer que los gobiernos provinciales se resistan a firmar un programa nacional de cuidado infantil, dice Bill Robson, director ejecutivo de C.D. Instituto Howe. Las provincias han estado a la vanguardia de la batalla contra COVID-19, pero ya enfrentaban desaf\u00edos fiscales y aumentaban los costos de la atenci\u00f3n m\u00e9dica antes de la pandemia, se\u00f1ala.<br \/>\nY la historia de Ottawa de evitar compartir el costo de la atenci\u00f3n m\u00e9dica puede hacer que los primeros ministros desconf\u00eden de aceptar Freeland en su oferta nacional de cuidado infantil, dice Robson.<\/p>\n<p>\u201cHemos visto esta pel\u00edcula antes. Sucedi\u00f3 en las d\u00e9cadas de 1970 y 1980 cuando los federales introdujeron a las provincias en nuevos programas de atenci\u00f3n m\u00e9dica, en particular, y bienestar. Y luego, a largo plazo, el dinero federal se recort\u00f3 y las provincias se quedaron con la bolsa \u201d, dice.<\/p>\n<p>Pero Yalnizyan dice que el acuerdo de cuidado infantil que Ottawa est\u00e1 buscando con las provincias y territorios es fundamentalmente diferente. Si bien el presupuesto federal menciona que los gobiernos federal y provinciales eventualmente compartir\u00e1n los costos del cuidado infantil en una base 50-50, eso no implica que los gobiernos provinciales y territoriales tengan que desembolsar m\u00e1s dinero en efectivo, agrega.<\/p>\n<p>Las provincias ya soportan la mayor parte de los fondos p\u00fablicos para el cuidado de los ni\u00f1os, y el gobierno federal representa solo el 12 por ciento en promedio, seg\u00fan Yalnizyan. Llegar a una divisi\u00f3n de costos de 50-50 simplemente significa que Ottawa tendr\u00eda que aumentar significativamente su parte del apoyo financiero, agrega.<\/p>\n<p><strong><em>Un plan B de cuidado infantil\u00a0<\/em><\/strong><\/p>\n<p>La rapidez con la que las familias de Canad\u00e1 notar\u00e1n una diferencia en los costos del cuidado de los ni\u00f1os probablemente depender\u00e1 de d\u00f3nde vivan y cu\u00e1n dispuestos est\u00e9n a negociar sus gobiernos provinciales y territoriales, dice Yalnizyan.<\/p>\n<p>Y es por eso que Ottawa deber\u00eda tener un Plan B para el cuidado de los ni\u00f1os en su bolsillo trasero para ayudar a los padres durante la recuperaci\u00f3n si las negociaciones toman demasiado tiempo, agrega.<\/p>\n<p>&#8220;No podemos comenzar otro a\u00f1o escolar y volver a contarles a las madres (les espera) otro a\u00f1o m\u00e1s de esto &#8230; porque simplemente no est\u00e1bamos listas porque esper\u00e1bamos negociar con las provincias&#8221;, dice.<\/p>\n<p>Las madres trabajadoras contribuyen en promedio con el 40 por ciento de los ingresos familiares, seg\u00fan Yalnizyan.<\/p>\n<p>Durante el a\u00f1o pasado, 12 veces m\u00e1s madres que padres dejaron sus trabajos para cuidar a ni\u00f1os peque\u00f1os durante la pandemia, y las madres con menores ingresos se vieron desproporcionadamente afectadas por la p\u00e9rdida de puestos de trabajo, seg\u00fan un an\u00e1lisis reciente de RBC.<\/p>\n<p>Si muchas de esas madres no pueden volver al trabajo debido a la falta de opciones de cuidado infantil, &#8220;tienes &#8230; un lastre en (el) rebote&#8221;, dice Yalnizyan. &#8220;Tienes un lastre para el crecimiento&#8221;.<\/p>\n","protected":false},"excerpt":{"rendered":"<p>Actualizado s\u00e1bado 24 de abril de 2021 11:34 a.m. &#8211; Ontario report\u00f3 4.094 casos de COVID-19 el s\u00e1bado, lo que eleva el n\u00famero total de&hellip;<\/p>\n","protected":false},"author":99,"featured_media":497340,"comment_status":"open","ping_status":"open","sticky":false,"template":"","format":"standard","meta":{"footnotes":""},"categories":[21,11191],"tags":[],"class_list":["post-497338","post","type-post","status-publish","format-standard","has-post-thumbnail","hentry","category-canada","category-top-news"],"_links":{"self":[{"href":"https:\/\/diarioelpopular.com\/index.php\/wp-json\/wp\/v2\/posts\/497338","targetHints":{"allow":["GET"]}}],"collection":[{"href":"https:\/\/diarioelpopular.com\/index.php\/wp-json\/wp\/v2\/posts"}],"about":[{"href":"https:\/\/diarioelpopular.com\/index.php\/wp-json\/wp\/v2\/types\/post"}],"author":[{"embeddable":true,"href":"https:\/\/diarioelpopular.com\/index.php\/wp-json\/wp\/v2\/users\/99"}],"replies":[{"embeddable":true,"href":"https:\/\/diarioelpopular.com\/index.php\/wp-json\/wp\/v2\/comments?post=497338"}],"version-history":[{"count":1,"href":"https:\/\/diarioelpopular.com\/index.php\/wp-json\/wp\/v2\/posts\/497338\/revisions"}],"predecessor-version":[{"id":497341,"href":"https:\/\/diarioelpopular.com\/index.php\/wp-json\/wp\/v2\/posts\/497338\/revisions\/497341"}],"wp:featuredmedia":[{"embeddable":true,"href":"https:\/\/diarioelpopular.com\/index.php\/wp-json\/wp\/v2\/media\/497340"}],"wp:attachment":[{"href":"https:\/\/diarioelpopular.com\/index.php\/wp-json\/wp\/v2\/media?parent=497338"}],"wp:term":[{"taxonomy":"category","embeddable":true,"href":"https:\/\/diarioelpopular.com\/index.php\/wp-json\/wp\/v2\/categories?post=497338"},{"taxonomy":"post_tag","embeddable":true,"href":"https:\/\/diarioelpopular.com\/index.php\/wp-json\/wp\/v2\/tags?post=497338"}],"curies":[{"name":"wp","href":"https:\/\/api.w.org\/{rel}","templated":true}]}}