{"id":497345,"date":"2021-04-24T11:44:17","date_gmt":"2021-04-24T15:44:17","guid":{"rendered":"https:\/\/diarioelpopular.com\/?p=497345"},"modified":"2021-04-24T11:44:17","modified_gmt":"2021-04-24T15:44:17","slug":"venezuela-hubo-1-506-protestas-en-lo-que-va-del-ano","status":"publish","type":"post","link":"https:\/\/diarioelpopular.com\/index.php\/2021\/04\/24\/venezuela-hubo-1-506-protestas-en-lo-que-va-del-ano\/","title":{"rendered":"Venezuela: Hubo 1.506 protestas en lo que va del a\u00f1o"},"content":{"rendered":"<div id=\"attachment_497346\" style=\"width: 310px\" class=\"wp-caption alignnone\"><img loading=\"lazy\" decoding=\"async\" aria-describedby=\"caption-attachment-497346\" class=\"size-medium wp-image-497346\" src=\"https:\/\/diarioelpopular.com\/wp-content\/uploads\/2021\/04\/575dd1fff81e658acd7f2badd5717a59-300x200.jpg\" alt=\"\" width=\"300\" height=\"200\" srcset=\"https:\/\/diarioelpopular.com\/wp-content\/uploads\/2021\/04\/575dd1fff81e658acd7f2badd5717a59-300x200.jpg 300w, https:\/\/diarioelpopular.com\/wp-content\/uploads\/2021\/04\/575dd1fff81e658acd7f2badd5717a59-110x73.jpg 110w, https:\/\/diarioelpopular.com\/wp-content\/uploads\/2021\/04\/575dd1fff81e658acd7f2badd5717a59.jpg 476w\" sizes=\"auto, (max-width: 300px) 100vw, 300px\" \/><p id=\"caption-attachment-497346\" class=\"wp-caption-text\"><em>Un promedio de 500 protestas por mes en Venezuela<\/em><\/p><\/div>\n<h4><em><strong>ONG, dolarizaci\u00f3n del salario, principal demanda en las calles<\/strong><\/em><\/h4>\n<p><em><strong>CARACAS 24 ABR &#8211;<\/strong><\/em> Un total de 1.506 protestas, equivalente a un promedio de 17 diarias, ocurrieron en Venezuela durante en los primeros 90 d\u00edas del 2021 en demanda de derechos econ\u00f3micos y sociales, inform\u00f3 el Observatorio de Conflictividad Social de ese pa\u00eds (OVCS).<br \/>\nDe acuerdo a un informe divulgado este viernes, la ONG se\u00f1al\u00f3 que 1.144 de las manifestaciones estuvieron relacionadas con los Derechos Econ\u00f3micos, Sociales, Culturales y Ambientales (DESCA), lo que representa 76%, del total de las exigencias registradas en este periodo.<br \/>\n&#8220;Cada vez es m\u00e1s dif\u00edcil para el venezolano mantener las m\u00ednimas condiciones de vida en aspectos fundamentales como salud, alimentaci\u00f3n y vivienda, lo que constituye el motor de las protestas sociales&#8221;, precis\u00f3.<br \/>\nAdem\u00e1s, sostuvo que las protestas de los trabajadores lideraron el \u00edndice de conflictividad con un reporte aproximado de 548 manifestaciones.<br \/>\n&#8220;La dolarizaci\u00f3n del salario para cubrir la canasta b\u00e1sica y vivir con dignidad, respeto a las contrataciones colectivas y condiciones adecuadas de infraestructura e implementos para ejercer sus labores, forman parte de las exigencias de las diversas protestas laborales&#8221;, se\u00f1al\u00f3.<br \/>\nDestac\u00f3 que los gremios de la salud, educaci\u00f3n e industrias b\u00e1sicas, lideraron las principales manifestaciones en rechazo &#8220;a los salarios de hambre que devengan&#8221;.<br \/>\n&#8220;El Estado como patrono no garantiza los derechos laborales, y sumado a eso insiste en una pol\u00edtica de amedrentamiento, detenciones arbitrarias, acoso laboral, sin tipo ning\u00fan de garant\u00eda&#8221;, denunci\u00f3.<br \/>\nEn este sentido, resalt\u00f3 la lucha de los trabajadores sanitarios que son la primera l\u00ednea de combate contra la pandemia del Covid-19, quienes &#8220;ejercen su labor sin que el Estado le garantice su derecho a la salud y proteja su vida&#8221;.<br \/>\n&#8220;Adem\u00e1s, como ha ocurrido en otros gremios, rechazan la migraci\u00f3n de n\u00f3mina al Sistema Patria, lo que ha generado innumerables retrasos&#8221;, agreg\u00f3.<br \/>\nLa ONG tambi\u00e9n document\u00f3 495 protestas por servicios b\u00e1sicos en este lapso, de las cuales 223 fueron por exigencias de agua potable, 152 por la falta de gas dom\u00e9stico, 120 para rechazar las constantes fallas del sistema el\u00e9ctrico, y 117 por la escasez de gasolina.<br \/>\nAdem\u00e1s, apunt\u00f3 que 362 protestas se relacionaron con Derechos Civiles y Pol\u00edticos (DCP), lo que se traduce en 24% del total de las manifestaciones registradas en los primeros 90 d\u00edas del 2021, &#8220;per\u00edodo donde continu\u00f3 la persecuci\u00f3n, estigmatizaci\u00f3n y criminalizaci\u00f3n a defensores de derechos humanos y periodistas&#8221;.<br \/>\nIndic\u00f3 que 23 protestas fueron reprimidas en 13 estados, dejando un saldo de 13 detenidos, 6 heridos y 1 persona fallecida.<br \/>\nAsimismo, destac\u00f3 que, entre los eventos m\u00e1s resaltantes del primer trimestre, est\u00e1 el conflicto armado registrado en el estado Apure, en la comunidad La Victoria, sector El Ripial.<br \/>\n&#8220;Los moradores protestaron denunciando las agresiones recibidas por parte de las fuerzas de seguridad del Estado, situaci\u00f3n que ha generado alrededor de 5.000 desplazados hacia Colombia, agudizando la Emergencia Humanitaria venezolana&#8221;, dijo.<br \/>\nDe acuerdo con el reporte, los estados Anzo\u00e1tegui y Sucre lideraron el \u00edndice de protestas con 130 cada uno, seguido por T\u00e1chira (120), Lara (111), Portuguesa (101) y M\u00e9rida con 100 protestas.<br \/>\nLa ONG enfatiz\u00f3 que su reporte de conflictividad &#8220;es no solo un indicador de vulneraci\u00f3n de derechos, sino tambi\u00e9n un mapa que revela las preocupaciones de los venezolanos, sus necesidades y exigencia de soluciones de forma pac\u00edfica, demostrando que hay un pueblo que contin\u00faa en movimiento y en constante b\u00fasqueda de mejor calidad de vida&#8221;.<br \/>\nVenezuela registra una hiperinflaci\u00f3n tel\u00f3n de fondo de la profunda crisis econ\u00f3mica y social que golpea la vida de los venezolanos, agobiados adem\u00e1s desde hace un a\u00f1o por la pandemia del Covid-19.<\/p>\n","protected":false},"excerpt":{"rendered":"<p>ONG, dolarizaci\u00f3n del salario, principal demanda en las calles CARACAS 24 ABR &#8211; Un total de 1.506 protestas, equivalente a un promedio de 17 diarias,&hellip;<\/p>\n","protected":false},"author":99,"featured_media":497346,"comment_status":"open","ping_status":"open","sticky":false,"template":"","format":"standard","meta":{"footnotes":""},"categories":[23],"tags":[],"class_list":["post-497345","post","type-post","status-publish","format-standard","has-post-thumbnail","hentry","category-latinoamerica"],"_links":{"self":[{"href":"https:\/\/diarioelpopular.com\/index.php\/wp-json\/wp\/v2\/posts\/497345","targetHints":{"allow":["GET"]}}],"collection":[{"href":"https:\/\/diarioelpopular.com\/index.php\/wp-json\/wp\/v2\/posts"}],"about":[{"href":"https:\/\/diarioelpopular.com\/index.php\/wp-json\/wp\/v2\/types\/post"}],"author":[{"embeddable":true,"href":"https:\/\/diarioelpopular.com\/index.php\/wp-json\/wp\/v2\/users\/99"}],"replies":[{"embeddable":true,"href":"https:\/\/diarioelpopular.com\/index.php\/wp-json\/wp\/v2\/comments?post=497345"}],"version-history":[{"count":1,"href":"https:\/\/diarioelpopular.com\/index.php\/wp-json\/wp\/v2\/posts\/497345\/revisions"}],"predecessor-version":[{"id":497347,"href":"https:\/\/diarioelpopular.com\/index.php\/wp-json\/wp\/v2\/posts\/497345\/revisions\/497347"}],"wp:featuredmedia":[{"embeddable":true,"href":"https:\/\/diarioelpopular.com\/index.php\/wp-json\/wp\/v2\/media\/497346"}],"wp:attachment":[{"href":"https:\/\/diarioelpopular.com\/index.php\/wp-json\/wp\/v2\/media?parent=497345"}],"wp:term":[{"taxonomy":"category","embeddable":true,"href":"https:\/\/diarioelpopular.com\/index.php\/wp-json\/wp\/v2\/categories?post=497345"},{"taxonomy":"post_tag","embeddable":true,"href":"https:\/\/diarioelpopular.com\/index.php\/wp-json\/wp\/v2\/tags?post=497345"}],"curies":[{"name":"wp","href":"https:\/\/api.w.org\/{rel}","templated":true}]}}