{"id":497352,"date":"2021-04-24T11:52:33","date_gmt":"2021-04-24T15:52:33","guid":{"rendered":"https:\/\/diarioelpopular.com\/?p=497352"},"modified":"2021-04-24T11:52:33","modified_gmt":"2021-04-24T15:52:33","slug":"argentina-reporta-mas-de-500-muertes-por-covid-19-en-un-dia","status":"publish","type":"post","link":"https:\/\/diarioelpopular.com\/index.php\/2021\/04\/24\/argentina-reporta-mas-de-500-muertes-por-covid-19-en-un-dia\/","title":{"rendered":"Argentina reporta m\u00e1s de 500 muertes por COVID-19 en un d\u00eda"},"content":{"rendered":"<div id=\"attachment_497353\" style=\"width: 310px\" class=\"wp-caption alignnone\"><img loading=\"lazy\" decoding=\"async\" aria-describedby=\"caption-attachment-497353\" class=\"size-medium wp-image-497353\" src=\"https:\/\/diarioelpopular.com\/wp-content\/uploads\/2021\/04\/muertos_diarios-300x200.jpg\" alt=\"\" width=\"300\" height=\"200\" srcset=\"https:\/\/diarioelpopular.com\/wp-content\/uploads\/2021\/04\/muertos_diarios-300x200.jpg 300w, https:\/\/diarioelpopular.com\/wp-content\/uploads\/2021\/04\/muertos_diarios-636x424.jpg 636w, https:\/\/diarioelpopular.com\/wp-content\/uploads\/2021\/04\/muertos_diarios-109x73.jpg 109w, https:\/\/diarioelpopular.com\/wp-content\/uploads\/2021\/04\/muertos_diarios.jpg 700w\" sizes=\"auto, (max-width: 300px) 100vw, 300px\" \/><p id=\"caption-attachment-497353\" class=\"wp-caption-text\"><em>Varios pa\u00edses como Argentina tratan de frenar los contagios.<\/em><\/p><\/div>\n<p><em><strong>En todo el mundo, el coronavirus ha matado a m\u00e1s de 3.077.000 personas y ha infectado a 144,8 millones, seg\u00fan un balance de la AFP elaborado este viernes a partir de cifras oficiales.<\/strong><\/em><\/p>\n<p><em><strong>BUENOS AIRES.-<\/strong> <\/em>En Am\u00e9rica Latina y el Caribe, donde el coronavirus ha provocado el deceso alrededor de 883,000 personas, la pandemia tambi\u00e9n est\u00e1 batiendo r\u00e9cords.<\/p>\n<p>Con 557 decesos, Argentina registr\u00f3 este viernes el mayor n\u00famero de muertes por COVID-19 en un solo d\u00eda desde que empez\u00f3 la pandemia, seg\u00fan inform\u00f3 este seabado el ministerio de Salud y el balance total ya alcanza los 61,176 fallecidos.<\/p>\n<p><em>\u201cEl sistema de salud est\u00e1 saturado y estamos muy pr\u00f3ximos al colapso\u201d<\/em>, afirm\u00f3 el jueves Nicol\u00e1s Kreplak, viceministro de Salud de la provincia de Buenos Aires, la m\u00e1s poblada con casi el 40% de los habitantes de Argentina.<\/p>\n<p>En tanto, como en el resto del mundo, los trabajadores sanitarios de Brasil tienen que sacar fuerzas cada d\u00eda para lidiar con la tragedia.<\/p>\n<p><em>\u201cGeneralmente recogemos a los pacientes llorando. Preocupados. La mayor\u00eda piensa que va a morir\u201d<\/em>, cuenta Carlos Marques, un conductor de ambulancias de 52 a\u00f1os, de Sao Paulo, un estado en el que el covid-19 ha matado a m\u00e1s de 90.000 personas.<\/p>\n<p>Adem\u00e1s de conducir, ayuda a dos enfermeros con quienes comparte turno a cargar a los pacientes, en caso de necesidad. <em>\u201cAl final de cuentas, nos conmueve, porque estamos junto a ellos, presenciando su sufrimiento\u201d<\/em>, cuenta.<\/p>\n<p>Mientras, en Europa la vacunaci\u00f3n avanza lentamente pero la titular de la Comisi\u00f3n Europea, Ursula von der Leyen, anunci\u00f3 el viernes que, para finales de julio, los pa\u00edses del bloque tendr\u00e1n dosis suficientes como para inmunizar al 70% de la poblaci\u00f3n adulta, una meta que se hab\u00eda fijado para mediados de septiembre.<\/p>\n<p>La Agencia Europea de Medicamentos (EMA) reiter\u00f3 adem\u00e1s este viernes que los beneficios de la vacuna de AstraZeneca aumentan con la edad y superan a los riesgos, pese a los raros casos de co\u00e1gulos detectados, tras un estudio realizado con este inmunizante.<\/p>\n<p>Chile recibi\u00f3 este viernes su primera partida de vacunas de ese laboratorio y decidi\u00f3 inyectarlas s\u00f3lo a hombres.<\/p>\n<p>En Estados Unidos, un grupo de expertos recomend\u00f3 a las autoridades sanitarias reanudar la aplicaci\u00f3n de las vacunas contra el covid-19 de Johnson &amp; Johnson, tras una pausa motivada por la preocupaci\u00f3n por los co\u00e1gulos sangu\u00edneos.<\/p>\n<p>Entretanto, en Rusia, el presidente Vladimir Putin anunci\u00f3 que decretar\u00e1 10 d\u00edas no laborables a finales de mayo para atajar la pandemia.<\/p>\n<p>En cambio, el gobierno de Austria indic\u00f3 que volver\u00e1 a abrir a mediados de mayo los restaurantes, hoteles y espacios culturales.<\/p>\n","protected":false},"excerpt":{"rendered":"<p>En todo el mundo, el coronavirus ha matado a m\u00e1s de 3.077.000 personas y ha infectado a 144,8 millones, seg\u00fan un balance de la AFP&hellip;<\/p>\n","protected":false},"author":99,"featured_media":497353,"comment_status":"open","ping_status":"open","sticky":false,"template":"","format":"standard","meta":{"footnotes":""},"categories":[23],"tags":[],"class_list":["post-497352","post","type-post","status-publish","format-standard","has-post-thumbnail","hentry","category-latinoamerica"],"_links":{"self":[{"href":"https:\/\/diarioelpopular.com\/index.php\/wp-json\/wp\/v2\/posts\/497352","targetHints":{"allow":["GET"]}}],"collection":[{"href":"https:\/\/diarioelpopular.com\/index.php\/wp-json\/wp\/v2\/posts"}],"about":[{"href":"https:\/\/diarioelpopular.com\/index.php\/wp-json\/wp\/v2\/types\/post"}],"author":[{"embeddable":true,"href":"https:\/\/diarioelpopular.com\/index.php\/wp-json\/wp\/v2\/users\/99"}],"replies":[{"embeddable":true,"href":"https:\/\/diarioelpopular.com\/index.php\/wp-json\/wp\/v2\/comments?post=497352"}],"version-history":[{"count":1,"href":"https:\/\/diarioelpopular.com\/index.php\/wp-json\/wp\/v2\/posts\/497352\/revisions"}],"predecessor-version":[{"id":497354,"href":"https:\/\/diarioelpopular.com\/index.php\/wp-json\/wp\/v2\/posts\/497352\/revisions\/497354"}],"wp:featuredmedia":[{"embeddable":true,"href":"https:\/\/diarioelpopular.com\/index.php\/wp-json\/wp\/v2\/media\/497353"}],"wp:attachment":[{"href":"https:\/\/diarioelpopular.com\/index.php\/wp-json\/wp\/v2\/media?parent=497352"}],"wp:term":[{"taxonomy":"category","embeddable":true,"href":"https:\/\/diarioelpopular.com\/index.php\/wp-json\/wp\/v2\/categories?post=497352"},{"taxonomy":"post_tag","embeddable":true,"href":"https:\/\/diarioelpopular.com\/index.php\/wp-json\/wp\/v2\/tags?post=497352"}],"curies":[{"name":"wp","href":"https:\/\/api.w.org\/{rel}","templated":true}]}}