{"id":497355,"date":"2021-04-24T11:54:51","date_gmt":"2021-04-24T15:54:51","guid":{"rendered":"https:\/\/diarioelpopular.com\/?p=497355"},"modified":"2021-04-24T11:54:51","modified_gmt":"2021-04-24T15:54:51","slug":"en-peru-mueren-13-personas-de-la-misma-familia-infectadas-de-coronavirus","status":"publish","type":"post","link":"https:\/\/diarioelpopular.com\/index.php\/2021\/04\/24\/en-peru-mueren-13-personas-de-la-misma-familia-infectadas-de-coronavirus\/","title":{"rendered":"En Per\u00fa mueren 13 personas de la misma familia infectadas de coronavirus"},"content":{"rendered":"<p><img loading=\"lazy\" decoding=\"async\" class=\"alignnone size-medium wp-image-497356\" src=\"https:\/\/diarioelpopular.com\/wp-content\/uploads\/2021\/04\/muere_familia-300x185.jpg\" alt=\"\" width=\"300\" height=\"185\" srcset=\"https:\/\/diarioelpopular.com\/wp-content\/uploads\/2021\/04\/muere_familia-300x185.jpg 300w, https:\/\/diarioelpopular.com\/wp-content\/uploads\/2021\/04\/muere_familia-636x392.jpg 636w, https:\/\/diarioelpopular.com\/wp-content\/uploads\/2021\/04\/muere_familia-118x73.jpg 118w, https:\/\/diarioelpopular.com\/wp-content\/uploads\/2021\/04\/muere_familia.jpg 720w\" sizes=\"auto, (max-width: 300px) 100vw, 300px\" \/><\/p>\n<h4><strong><em>La pandemia del coronavirus contagi\u00f3 a una familia completa generando tr\u00e1gicos fallecimientos.<\/em><\/strong><\/h4>\n<p>Una familia entera fue v\u00edctima del coronavirus en Per\u00fa. Una joven de la ciudad de Pisco cont\u00f3 su dram\u00e1tico caso a la prensa peruana, donde 13 de sus familiares murieron a causa del COVID-19, y su padre, uno de los pocos sobrevivientes, se acaba de contagiar y no consigue un lugar en el hospital local para ser intubado.<\/p>\n<p><em>\u201cEl \u00faltimo en fallecer fue mi abuelo de 74 a\u00f1os. Ahora los pacientes en Per\u00fa mueren porque no consiguen camas en los hospitales\u201d<\/em>, se expres\u00f3 Helen Y\u00e1\u00f1ez en una nota televisiva a<\/p>\n<p>La joven no ha identificado c\u00f3mo empez\u00f3 la cadena de contagiados familiar, pero con el pasar de las semanas todos se fueron infectando uno a uno, falleciendo a manos de graves infecciones y a la ausencia de control sanitario en el pa\u00eds vecino, debido a que no hay suficientes lugares de internaci\u00f3n.<\/p>\n<p>Antes del \u00faltimo fallecimiento, Y\u00e1\u00f1ez debi\u00f3 internar a su padre, tambi\u00e9n contagiado del virus, pero solo pudo conseguir una habitaci\u00f3n \u2018normal\u2019 y no en el \u00e1rea de Terapia Intensiva, donde deber\u00eda ser internado debido a su grave condici\u00f3n. <em>\u201cTiene un diagn\u00f3stico reservado y no est\u00e1 respondiendo al tratamiento\u201d<\/em>, cont\u00f3 a la prensa local.<\/p>\n<p><em>\u201cEn el caso de mi t\u00eda, ella estaba saturando con 70, se estaba ahogando y tuve que hacer un esc\u00e1ndalo para que la pudieran pasar a una cama UCI\u201d<\/em>, agreg\u00f3.<\/p>\n<p>Helen Y\u00e1\u00f1ez critica a las autoridades, debido a las campa\u00f1as pol\u00edticas que se experimentaron meses atr\u00e1s tras la elecci\u00f3n presidencial, y la inmensurable cantidad de individuos que eran parte de ellas, sin distanciamiento social alguno. La joven se manifest\u00f3 se\u00f1alando a figuras pol\u00edticas que eran parte de las reuniones: \u201cCon todos esos candidatos que hicieron campa\u00f1as millonarias y no son capaces de venir ac\u00e1 donde est\u00e1n todos aquellos votantes a los que les pidieron su voto. Yo no quiero perder a mi pap\u00e1\u201d.<\/p>\n<p>El pa\u00eds vecino atraviesa una nueva ola de contagios de COVID-19 que afecta gravemente a la naci\u00f3n, provocando altas cifras de mortalidad y amenazando con saturar a\u00fan m\u00e1s el sistema de salud. Adem\u00e1s, el acceso a la vacuna sigue siendo escaso, ya que solo el 3% de la poblaci\u00f3n recibi\u00f3 al menos la primera dosis.<\/p>\n<p>Seg\u00fan , en la actualidad, las Unidades de Cuidados Intensivos (UCI) est\u00e1n colapsadas, con pacientes j\u00f3venes intubados. El grupo m\u00e1s afectado sigue siendo entre los 30 y 40 a\u00f1os.<\/p>\n","protected":false},"excerpt":{"rendered":"<p>La pandemia del coronavirus contagi\u00f3 a una familia completa generando tr\u00e1gicos fallecimientos. Una familia entera fue v\u00edctima del coronavirus en Per\u00fa. Una joven de la&hellip;<\/p>\n","protected":false},"author":99,"featured_media":497356,"comment_status":"open","ping_status":"open","sticky":false,"template":"","format":"standard","meta":{"footnotes":""},"categories":[23],"tags":[],"class_list":["post-497355","post","type-post","status-publish","format-standard","has-post-thumbnail","hentry","category-latinoamerica"],"_links":{"self":[{"href":"https:\/\/diarioelpopular.com\/index.php\/wp-json\/wp\/v2\/posts\/497355","targetHints":{"allow":["GET"]}}],"collection":[{"href":"https:\/\/diarioelpopular.com\/index.php\/wp-json\/wp\/v2\/posts"}],"about":[{"href":"https:\/\/diarioelpopular.com\/index.php\/wp-json\/wp\/v2\/types\/post"}],"author":[{"embeddable":true,"href":"https:\/\/diarioelpopular.com\/index.php\/wp-json\/wp\/v2\/users\/99"}],"replies":[{"embeddable":true,"href":"https:\/\/diarioelpopular.com\/index.php\/wp-json\/wp\/v2\/comments?post=497355"}],"version-history":[{"count":1,"href":"https:\/\/diarioelpopular.com\/index.php\/wp-json\/wp\/v2\/posts\/497355\/revisions"}],"predecessor-version":[{"id":497357,"href":"https:\/\/diarioelpopular.com\/index.php\/wp-json\/wp\/v2\/posts\/497355\/revisions\/497357"}],"wp:featuredmedia":[{"embeddable":true,"href":"https:\/\/diarioelpopular.com\/index.php\/wp-json\/wp\/v2\/media\/497356"}],"wp:attachment":[{"href":"https:\/\/diarioelpopular.com\/index.php\/wp-json\/wp\/v2\/media?parent=497355"}],"wp:term":[{"taxonomy":"category","embeddable":true,"href":"https:\/\/diarioelpopular.com\/index.php\/wp-json\/wp\/v2\/categories?post=497355"},{"taxonomy":"post_tag","embeddable":true,"href":"https:\/\/diarioelpopular.com\/index.php\/wp-json\/wp\/v2\/tags?post=497355"}],"curies":[{"name":"wp","href":"https:\/\/api.w.org\/{rel}","templated":true}]}}