{"id":497381,"date":"2021-04-25T13:51:52","date_gmt":"2021-04-25T17:51:52","guid":{"rendered":"https:\/\/diarioelpopular.com\/?p=497381"},"modified":"2021-04-25T13:51:52","modified_gmt":"2021-04-25T17:51:52","slug":"argentina-alarma-por-las-terapia-intensivas","status":"publish","type":"post","link":"https:\/\/diarioelpopular.com\/index.php\/2021\/04\/25\/argentina-alarma-por-las-terapia-intensivas\/","title":{"rendered":"Argentina, alarma por las terapia intensivas"},"content":{"rendered":"<div id=\"attachment_497382\" style=\"width: 160px\" class=\"wp-caption alignnone\"><img loading=\"lazy\" decoding=\"async\" aria-describedby=\"caption-attachment-497382\" class=\"size-thumbnail wp-image-497382\" src=\"https:\/\/diarioelpopular.com\/wp-content\/uploads\/2021\/04\/60272f5ab6f29edbf373149ad4768e7f-150x150.jpg\" alt=\"\" width=\"150\" height=\"150\" \/><p id=\"caption-attachment-497382\" class=\"wp-caption-text\"><em>Hisopados y testeos en Buenos Aires<\/em><br \/><em>(foto: ANSA)<\/em><\/p><\/div>\n<h4><em><strong>Tres veces m\u00e1s pacientes graves en \u00faltima semana<\/strong><\/em><\/h4>\n<p><em><strong>BUENOS AIRES 25 ABR &#8211;<\/strong><\/em> En medio de las pujas pol\u00edticas, que ponen a unos y otros a favor o en contra de las restricciones y cierres de escuelas, el virus se expande y hace estragos en Argentina, que muestra que en la \u00faltima semana ingresaron tres veces m\u00e1s pacientes de Covid-19 a las terapias intensivas que en la anterior.<br \/>\nLa ocupaci\u00f3n de plazas UCI (unidades de cuidados intensivos) creci\u00f3 un 40% a nivel nacional desde el 15 de marzo y la situaci\u00f3n es especialmente cr\u00edtica en el AMBA (el \u00e1rea metropolitana, Buenos Aires y su periferia), donde est\u00e1n ocupadas el 78% en promedio.<br \/>\nEn esa zona, hay distritos de la populosa provincia de Buenos Aires, donde se supera el 93% de ocupaci\u00f3n de camas de cuidados intensivos, se\u00f1al\u00f3 un detallado informe del portal Infobae basado en datos y estad\u00edsticas oficiales.<br \/>\nArgentina viene de atravesar una dura confrontaci\u00f3n pol\u00edtica, luego de que el presidente Alberto Fern\u00e1ndez decidiera varias restricciones por decreto en el AMBA por dos semanas, entre ellas la suspensi\u00f3n de clases presenciales.<br \/>\nPero, el jefe de gobierno de la ciudad de Buenos Aires, Horacio Rodr\u00edguez Larreta, se opuso y present\u00f3 un recurso judicial, que est\u00e1 actualmente a manos de la Corte Suprema, que debe resolver.<br \/>\nMientras tanto, siguen las clases presenciales en la capital argentina.<br \/>\nAnoche, el ministerio de Salud inform\u00f3 que, en las \u00faltimas 24 horas, se registraron 298 muertes y 21.220 nuevos contagios de coronavirus, que representa la cifra de casos m\u00e1s alta para un s\u00e1bado desde que comenz\u00f3 la pandemia.<br \/>\nCon estos n\u00fameros, el total de infectados desde que comenz\u00f3 la pandemia asciende a 2.845.872 y las v\u00edctimas fatales son 61.474.<br \/>\nEl gobierno nacional, el de la Provincia de Buenos Aires (ambos del mismo color partidario, peronismo de centro izquierda) y tambi\u00e9n el de la capital argentina (signo contrario, de centro) mira con alta preocupaci\u00f3n el incremento de ocupaci\u00f3n en las UCI.<br \/>\nNo son los \u00fanicos, tambi\u00e9n los prestadores del sector privado y las obras sociales. En Buenos Aires casi un 80% de la poblaci\u00f3n basa sus sistemas m\u00e9dicos en el sector privado.<br \/>\nIncluso, en el entorno de Fern\u00e1ndez -a pesar de la resistencia de la oposici\u00f3n- no se descarta la posibilidad de volver al cierre casi total de las actividades para enfrentar la suba de contagios y fallecimientos La puja pol\u00edtica siempre est\u00e1 en el centro de la escena.<br \/>\nEl viernes el ministro de Salud de la capital argentina, Fernan Quir\u00f3s, habl\u00f3 de una &#8220;estabilizaci\u00f3n&#8221; en la curva de contagios en la capital, pero el gobernador de la Provincia de Buenos Aires, Axel Kicillof, replic\u00f3 que la administraci\u00f3n de Rodr\u00edguez Larreta &#8220;oculta&#8221; la realidad de la situaci\u00f3n.<br \/>\nEn Argentina hay 12.501 camas en las UCI en todo el pa\u00eds, incluyendo las del sector p\u00fablico y privado. HAsta el s\u00e1bado, seg\u00fan Infobae, 4.858 estaban ocupadas por pacientes con Covid.<br \/>\nSe trata del 39% del total del pa\u00eds, el punto m\u00e1ximo desde el vertiginoso ascenso de contagios en el \u00faltimo mes.<br \/>\nEste porcentaje implica una gran sobrecarga para el sistema sanitario nacional, que durante la primera ola no colaps\u00f3 (salvo casos puntuales), pero que ahora se encuentra en una situaci\u00f3n de m\u00e1xima tensi\u00f3n, indican los especialistas y sindicatos m\u00e9dicos.<br \/>\nEs que el a\u00f1o pasado le tom\u00f3 a la pandemia casi siete meses llegar al pico m\u00e1s alto de ocupaci\u00f3n de camas de cuidados intensivos. Eso sobrevino el 1 de noviembre cuando hubo 5.119 pacientes internados con Covid-19 en unidades de terapia intensiva, que ocupaban el 41% de las camas totales.<br \/>\nEran s\u00f3lo dos puntos porcentuales m\u00e1s que ahora, pero la peste parece acelerada en los \u00faltimos d\u00edas, por lo que los peligros de un colapso sanitario est\u00e1n latentes.<br \/>\nAyer, en su \u00faltimo parte, el ministerio de Salud de la Naci\u00f3n report\u00f3 68% de ocupaci\u00f3n de camas UCI en todo el pa\u00eds por todas las patolog\u00edas, incluyendo al sector p\u00fablico y privado y para todas las patolog\u00edas.<br \/>\nEl 15 de marzo pasado la ocupaci\u00f3n era del 54%. El crecimiento es alarmante.<\/p>\n","protected":false},"excerpt":{"rendered":"<p>Tres veces m\u00e1s pacientes graves en \u00faltima semana BUENOS AIRES 25 ABR &#8211; En medio de las pujas pol\u00edticas, que ponen a unos y otros&hellip;<\/p>\n","protected":false},"author":99,"featured_media":497382,"comment_status":"open","ping_status":"open","sticky":false,"template":"","format":"standard","meta":{"footnotes":""},"categories":[23],"tags":[],"class_list":["post-497381","post","type-post","status-publish","format-standard","has-post-thumbnail","hentry","category-latinoamerica"],"_links":{"self":[{"href":"https:\/\/diarioelpopular.com\/index.php\/wp-json\/wp\/v2\/posts\/497381","targetHints":{"allow":["GET"]}}],"collection":[{"href":"https:\/\/diarioelpopular.com\/index.php\/wp-json\/wp\/v2\/posts"}],"about":[{"href":"https:\/\/diarioelpopular.com\/index.php\/wp-json\/wp\/v2\/types\/post"}],"author":[{"embeddable":true,"href":"https:\/\/diarioelpopular.com\/index.php\/wp-json\/wp\/v2\/users\/99"}],"replies":[{"embeddable":true,"href":"https:\/\/diarioelpopular.com\/index.php\/wp-json\/wp\/v2\/comments?post=497381"}],"version-history":[{"count":1,"href":"https:\/\/diarioelpopular.com\/index.php\/wp-json\/wp\/v2\/posts\/497381\/revisions"}],"predecessor-version":[{"id":497383,"href":"https:\/\/diarioelpopular.com\/index.php\/wp-json\/wp\/v2\/posts\/497381\/revisions\/497383"}],"wp:featuredmedia":[{"embeddable":true,"href":"https:\/\/diarioelpopular.com\/index.php\/wp-json\/wp\/v2\/media\/497382"}],"wp:attachment":[{"href":"https:\/\/diarioelpopular.com\/index.php\/wp-json\/wp\/v2\/media?parent=497381"}],"wp:term":[{"taxonomy":"category","embeddable":true,"href":"https:\/\/diarioelpopular.com\/index.php\/wp-json\/wp\/v2\/categories?post=497381"},{"taxonomy":"post_tag","embeddable":true,"href":"https:\/\/diarioelpopular.com\/index.php\/wp-json\/wp\/v2\/tags?post=497381"}],"curies":[{"name":"wp","href":"https:\/\/api.w.org\/{rel}","templated":true}]}}