{"id":497396,"date":"2021-04-26T11:40:35","date_gmt":"2021-04-26T15:40:35","guid":{"rendered":"https:\/\/diarioelpopular.com\/?p=497396"},"modified":"2021-04-26T11:40:35","modified_gmt":"2021-04-26T15:40:35","slug":"bogota-en-alerta-roja-se-acaban-las-uci","status":"publish","type":"post","link":"https:\/\/diarioelpopular.com\/index.php\/2021\/04\/26\/bogota-en-alerta-roja-se-acaban-las-uci\/","title":{"rendered":"Bogot\u00e1 en &#8220;alerta roja&#8221;, se acaban las UCI"},"content":{"rendered":"<div id=\"attachment_497397\" style=\"width: 160px\" class=\"wp-caption alignnone\"><img loading=\"lazy\" decoding=\"async\" aria-describedby=\"caption-attachment-497397\" class=\"size-thumbnail wp-image-497397\" src=\"https:\/\/diarioelpopular.com\/wp-content\/uploads\/2021\/04\/d87f99833be0dc39aaaa77bbc9209f34-150x150.jpg\" alt=\"\" width=\"150\" height=\"150\" \/><p id=\"caption-attachment-497397\" class=\"wp-caption-text\"><em>Llamativa pintada urbana en las calles de Bogot\u00e1<\/em><br \/><em>(foto: ANSA)<\/em><\/p><\/div>\n<p><em><strong>BOGOTA 26 ABR &#8211;<\/strong><\/em> Bogot\u00e1 decret\u00f3 este domingo por la noche &#8220;alerta roja&#8221;, tras superar el 91% de su ocupaci\u00f3n de Unidades de Cuidado Intensivo (UCI) destinadas a pacientes con Covid-19.<br \/>\n&#8220;Tenemos el mayor nivel de transmisi\u00f3n y tenemos capacidad hospitalaria muy limitada&#8221;, admiti\u00f3 la alcaldesa de la capital, Claudia L\u00f3pez, quien precis\u00f3 que de las 1997 camas dispuestas para atender a los pacientes positivos graves, hay 1818 ocupadas.<br \/>\n&#8220;En promedio est\u00e1n llegando 225 solicitudes diarias de UCI Covid-19 y 150 solicitudes de UCI no Covid-19&#8221;, inform\u00f3 la mandataria.<br \/>\nPese a la compleja situaci\u00f3n sanitaria, ma\u00f1ana la ciudad volver\u00e1 a reabrir sus puertas, en general, aunque se mantendr\u00e1n las restricciones para el acceso a los comercios, as\u00ed como el toque de queda a partir de las 20 horas locales (1 GMT) y hasta la madrugada del siguiente d\u00eda.<br \/>\nLa alcald\u00eda tambi\u00e9n cancel\u00f3 las clases presenciales en escuelas p\u00fablicas y privadas, y desde ya se advirti\u00f3 que la ciudad entra de nuevo en cuarentena desde el pr\u00f3ximo viernes 30 de abril y hasta la madrugada del lunes 3 de mayo.<\/p>\n","protected":false},"excerpt":{"rendered":"<p>BOGOTA 26 ABR &#8211; Bogot\u00e1 decret\u00f3 este domingo por la noche &#8220;alerta roja&#8221;, tras superar el 91% de su ocupaci\u00f3n de Unidades de Cuidado Intensivo&hellip;<\/p>\n","protected":false},"author":99,"featured_media":497397,"comment_status":"open","ping_status":"open","sticky":false,"template":"","format":"standard","meta":{"footnotes":""},"categories":[23],"tags":[],"class_list":["post-497396","post","type-post","status-publish","format-standard","has-post-thumbnail","hentry","category-latinoamerica"],"_links":{"self":[{"href":"https:\/\/diarioelpopular.com\/index.php\/wp-json\/wp\/v2\/posts\/497396","targetHints":{"allow":["GET"]}}],"collection":[{"href":"https:\/\/diarioelpopular.com\/index.php\/wp-json\/wp\/v2\/posts"}],"about":[{"href":"https:\/\/diarioelpopular.com\/index.php\/wp-json\/wp\/v2\/types\/post"}],"author":[{"embeddable":true,"href":"https:\/\/diarioelpopular.com\/index.php\/wp-json\/wp\/v2\/users\/99"}],"replies":[{"embeddable":true,"href":"https:\/\/diarioelpopular.com\/index.php\/wp-json\/wp\/v2\/comments?post=497396"}],"version-history":[{"count":1,"href":"https:\/\/diarioelpopular.com\/index.php\/wp-json\/wp\/v2\/posts\/497396\/revisions"}],"predecessor-version":[{"id":497398,"href":"https:\/\/diarioelpopular.com\/index.php\/wp-json\/wp\/v2\/posts\/497396\/revisions\/497398"}],"wp:featuredmedia":[{"embeddable":true,"href":"https:\/\/diarioelpopular.com\/index.php\/wp-json\/wp\/v2\/media\/497397"}],"wp:attachment":[{"href":"https:\/\/diarioelpopular.com\/index.php\/wp-json\/wp\/v2\/media?parent=497396"}],"wp:term":[{"taxonomy":"category","embeddable":true,"href":"https:\/\/diarioelpopular.com\/index.php\/wp-json\/wp\/v2\/categories?post=497396"},{"taxonomy":"post_tag","embeddable":true,"href":"https:\/\/diarioelpopular.com\/index.php\/wp-json\/wp\/v2\/tags?post=497396"}],"curies":[{"name":"wp","href":"https:\/\/api.w.org\/{rel}","templated":true}]}}