{"id":497404,"date":"2021-04-27T10:44:01","date_gmt":"2021-04-27T14:44:01","guid":{"rendered":"https:\/\/diarioelpopular.com\/?p=497404"},"modified":"2021-04-27T10:44:01","modified_gmt":"2021-04-27T14:44:01","slug":"la-sequia-va-en-aumento-en-mexico","status":"publish","type":"post","link":"https:\/\/diarioelpopular.com\/index.php\/2021\/04\/27\/la-sequia-va-en-aumento-en-mexico\/","title":{"rendered":"La sequ\u00eda va en aumento en M\u00e9xico"},"content":{"rendered":"<div id=\"attachment_497405\" style=\"width: 160px\" class=\"wp-caption alignnone\"><img loading=\"lazy\" decoding=\"async\" aria-describedby=\"caption-attachment-497405\" class=\"size-thumbnail wp-image-497405\" src=\"https:\/\/diarioelpopular.com\/wp-content\/uploads\/2021\/04\/f41668248dd870a8bea3c05f96f8147c-150x150.jpg\" alt=\"\" width=\"150\" height=\"150\" \/><p id=\"caption-attachment-497405\" class=\"wp-caption-text\"><em>Sequ\u00eda extrema en M\u00e9xico, el impacto de la escasez de lluvias<\/em><\/p><\/div>\n<h4><em><strong>El 47,7% del pa\u00eds sufre fen\u00f3meno en forma severa<\/strong><\/em><\/h4>\n<p><em><strong>CIUDAD DE MEXICO, 27 APR &#8211;<\/strong> <\/em>La sequ\u00eda en M\u00e9xico avanza implacable en el 47,7% del territorio nacional, donde el fen\u00f3meno adquiere proporciones de &#8220;severas a extraordinarias&#8221;, 5,3% m\u00e1s que al cierre de marzo pasado, de acuerdo con el monitoreo oficial realizado por la Comisi\u00f3n Nacional del Agua (Conagua).<br \/>\nLa situaci\u00f3n adquiere proporciones casi catastr\u00f3ficas en los estados norte\u00f1os de Durango y Sinaloa (con 99,9% y 99,8% de ausencia de lluvias) y el occidental de Colima (con 97,3), pero hay estados m\u00e1s al centro o sur como Quer\u00e9taro y Michoac\u00e1n donde las cosas se est\u00e1n poniendo cada vez peor (con 94,5 y 92,4), seg\u00fan el reporte.<br \/>\n&#8220;El dominio de un sistema de alta presi\u00f3n sobre los niveles medios y bajos de la atm\u00f3sfera, as\u00ed como la escasa humedad en el ambiente, mantuvieron lluvias escasas o nulas&#8221;, se\u00f1al\u00f3 la Conagua.<br \/>\n&#8220;Las zonas con los d\u00e9ficits de precipitaci\u00f3n m\u00e1s significativos se observaron sobre el Pac\u00edfico norte y el occidente&#8221;, donde se &#8220;incrementaron&#8221; en forma &#8220;de severa a extrema&#8221;, el noreste y la Pen\u00ednsula de Yucat\u00e1n&#8221;, indic\u00f3 el reporte.<br \/>\nEl Comit\u00e9 Nacional de Grandes Presas se\u00f1al\u00f3 que los principales sistemas de embalses alcanzan un 10% abajo del promedio hist\u00f3rico.<br \/>\nDe acuerdo con el sondeo realizado por este grupo, ninguna de las 210 represas de M\u00e9xico registra un 100% de agua detr\u00e1s de sus diques, 31 se encuentran entre 75 y 100%, 54 entre 50 y 75 y 19 en menos de 50.<br \/>\nLas represas con menos agua son la Villa Hidalgo, Benjam\u00edn Ortega y L\u00e1zaro C\u00e1rdenas, en Durango y la Juan Guerrero Alcocer, en Sinaloa, as\u00ed como la Leobardo Reynoso (en el c\u00e9ntrico estado de Zacatecas) y la Temascal (en el sure\u00f1o estado de Oaxaca).<br \/>\nEl almacenamiento total es de 63.249 millones de metros c\u00fabicos de agua, 9,4% menos que el promedio hist\u00f3rico y las regiones hidrol\u00f3gicas con mayor d\u00e9ficit son la Pac\u00edfico Norte (52%), la R\u00edo Bravo (40% y la Balsas (23%).<br \/>\nEl sistema Cutzamala, que env\u00eda al menos un tercio del agua que se consume en la capital y sus alrededores, asiento de unos 21 millones de habitantes, est\u00e1 actualmente casi al 50% de su capacidad, lo que hace prever racionamiento de agua en las pr\u00f3ximas semanas si las ansiadas lluvias no caen durante mayo, como se espera.<br \/>\nAlgunas zonas lacustres de M\u00e9xico hoy en d\u00eda se han convertido en desolados p\u00e1ramos yermos como el caso del Lago de Cuitzeo, estado de Michoac\u00e1n, que desde el a\u00f1o pasado se encuentra al 15% de su capacidad y hoy se pronostica su inminente desaparici\u00f3n.<br \/>\nLa escasez de lluvias, las altas temperaturas y la deforestaci\u00f3n, hicieron que m\u00e1s de 600 de los 4.000 kil\u00f3metros cuadrados que abarca este famoso espacio hasta hace poco apto para el turismo y la pesca, se encuentren secos.<br \/>\nLa activista Getulia Maycotte, de la organizaci\u00f3n ambiental Amigos del Lago de Cuitzeo, alert\u00f3 que el deterioro ha sido &#8220;grave&#8221; porque en la regi\u00f3n se han perdido manantiales, especies vegetales y animales, as\u00ed como actividades productivas como la pesca&#8221;.<br \/>\nLa laguna albergaba hasta hace dos a\u00f1os miles de millones de metros c\u00fabicos de agua, la evaporaci\u00f3n en aumento.<br \/>\nLa desecaci\u00f3n de este invaluable cuerpo de agua ha dejado a las comunidades Miguel Silva, Cop\u00e1ndaro y Cuitzeo, ubicadas en sus m\u00e1rgenes, bajo la embestida de polvaredas cont\u00ednuas. Ubicado a unos 60 kil\u00f3metros de Morelia, capital de Michaoc\u00e1n, algunas zonas del lago se han convertido en parajes lodosos o franjas de suelo erosionadas y otras registran no m\u00e1s que 10 cent\u00edmetros de profundidad.<br \/>\nCuitzeo es el segundo cuerpo lacustre m\u00e1s grande del pa\u00eds, despu\u00e9s del de Chapala, en Jalisco (occidente), y abarca los municipios de Cuitzeo, Cop\u00e1ndaro, Santa Ana Maya, Chuc\u00e1ndiro, Huandacareo y \u00c1lvaro Obreg\u00f3n.<br \/>\nInvestigadores de la Universidad Michoacana de San Nicol\u00e1s de Hidalgo han advertido que &#8220;est\u00e1 condenado a desaparecer, pues a lo largo de m\u00e1s de dos d\u00e9cadas ha aumentado la desecaci\u00f3n de su superficie original, debido en buena parte al cambio clim\u00e1tico&#8221;.<\/p>\n","protected":false},"excerpt":{"rendered":"<p>El 47,7% del pa\u00eds sufre fen\u00f3meno en forma severa CIUDAD DE MEXICO, 27 APR &#8211; La sequ\u00eda en M\u00e9xico avanza implacable en el 47,7% del&hellip;<\/p>\n","protected":false},"author":99,"featured_media":497405,"comment_status":"open","ping_status":"open","sticky":false,"template":"","format":"standard","meta":{"footnotes":""},"categories":[23],"tags":[],"class_list":["post-497404","post","type-post","status-publish","format-standard","has-post-thumbnail","hentry","category-latinoamerica"],"_links":{"self":[{"href":"https:\/\/diarioelpopular.com\/index.php\/wp-json\/wp\/v2\/posts\/497404","targetHints":{"allow":["GET"]}}],"collection":[{"href":"https:\/\/diarioelpopular.com\/index.php\/wp-json\/wp\/v2\/posts"}],"about":[{"href":"https:\/\/diarioelpopular.com\/index.php\/wp-json\/wp\/v2\/types\/post"}],"author":[{"embeddable":true,"href":"https:\/\/diarioelpopular.com\/index.php\/wp-json\/wp\/v2\/users\/99"}],"replies":[{"embeddable":true,"href":"https:\/\/diarioelpopular.com\/index.php\/wp-json\/wp\/v2\/comments?post=497404"}],"version-history":[{"count":1,"href":"https:\/\/diarioelpopular.com\/index.php\/wp-json\/wp\/v2\/posts\/497404\/revisions"}],"predecessor-version":[{"id":497406,"href":"https:\/\/diarioelpopular.com\/index.php\/wp-json\/wp\/v2\/posts\/497404\/revisions\/497406"}],"wp:featuredmedia":[{"embeddable":true,"href":"https:\/\/diarioelpopular.com\/index.php\/wp-json\/wp\/v2\/media\/497405"}],"wp:attachment":[{"href":"https:\/\/diarioelpopular.com\/index.php\/wp-json\/wp\/v2\/media?parent=497404"}],"wp:term":[{"taxonomy":"category","embeddable":true,"href":"https:\/\/diarioelpopular.com\/index.php\/wp-json\/wp\/v2\/categories?post=497404"},{"taxonomy":"post_tag","embeddable":true,"href":"https:\/\/diarioelpopular.com\/index.php\/wp-json\/wp\/v2\/tags?post=497404"}],"curies":[{"name":"wp","href":"https:\/\/api.w.org\/{rel}","templated":true}]}}