{"id":497407,"date":"2021-04-27T10:56:50","date_gmt":"2021-04-27T14:56:50","guid":{"rendered":"https:\/\/diarioelpopular.com\/?p=497407"},"modified":"2021-04-27T10:56:50","modified_gmt":"2021-04-27T14:56:50","slug":"podra-un-candidato-marxista-imponer-el-modelo-de-cuba-si-gana-las-elecciones-en-el-peru-read-more-here-https-www-elnuevoherald-com-noticias-mundo-america-latina-article250939204-html-storylink","status":"publish","type":"post","link":"https:\/\/diarioelpopular.com\/index.php\/2021\/04\/27\/podra-un-candidato-marxista-imponer-el-modelo-de-cuba-si-gana-las-elecciones-en-el-peru-read-more-here-https-www-elnuevoherald-com-noticias-mundo-america-latina-article250939204-html-storylink\/","title":{"rendered":"\u00bfPodr\u00e1 un candidato marxista imponer el modelo de Cuba si gana las elecciones en el Per\u00fa?  Read more here: https:\/\/www.elnuevoherald.com\/noticias\/mundo\/america-latina\/article250939204.html#storylink=cpy"},"content":{"rendered":"<p><img loading=\"lazy\" decoding=\"async\" class=\"alignnone size-custom-full-size wp-image-497408\" src=\"https:\/\/diarioelpopular.com\/wp-content\/uploads\/2021\/04\/PERU-ELECCIONES-CASTILLO-636x357.jpg\" alt=\"\" width=\"636\" height=\"357\" srcset=\"https:\/\/diarioelpopular.com\/wp-content\/uploads\/2021\/04\/PERU-ELECCIONES-CASTILLO-636x357.jpg 636w, https:\/\/diarioelpopular.com\/wp-content\/uploads\/2021\/04\/PERU-ELECCIONES-CASTILLO-300x168.jpg 300w, https:\/\/diarioelpopular.com\/wp-content\/uploads\/2021\/04\/PERU-ELECCIONES-CASTILLO.jpg 768w, https:\/\/diarioelpopular.com\/wp-content\/uploads\/2021\/04\/PERU-ELECCIONES-CASTILLO-130x73.jpg 130w\" sizes=\"auto, (max-width: 636px) 100vw, 636px\" \/><\/p>\n<div>\n<h5 class=\"byline\"><em><strong>POR LUIS F. S\u00c1NCHEZ <span class=\"credit\">ESPECIAL\/EL NUEVO HERALD<\/span><\/strong><\/em><\/h5>\n<p><b>LIMA <\/b>&#8211; El Per\u00fa se encuentra con los pelos de punta. El pr\u00f3ximo 6 de junio se realizar\u00e1 la segunda vuelta de las elecciones presidenciales. El candidato ultraizquierdista Pedro Castillo con un programa marxista encabeza las encuestas sobre la derechista Keiko Fujimori.<\/p>\n<p>Castillo, de 51 a\u00f1os, se convirti\u00f3 en l\u00edder nacional cuando se vincul\u00f3 al brazo pol\u00edtico de Sendero Luminoso, Movadef, para encabezar una huelga de maestros que dur\u00f3 tres meses en el 2017.<\/p>\n<p>El d\u00eda del cierre de inscripciones para las elecciones presidenciales del 2021, Castillo se anot\u00f3 como candidato por el partido Per\u00fa Libre.<\/p>\n<p>Vladimir Cerr\u00f3n, de 50 a\u00f1os, es \u201cel l\u00edder fundador\u201d y actual \u201csecretario general nacional\u201d de Per\u00fa Libre, pero no pudo postular a la presidencia de la rep\u00fablica porque cumple una condena de cuatro a\u00f1os de prisi\u00f3n suspendida por negociaci\u00f3n incompatible en agravio del Estado Peruano cuando fue gobernador regional de Jun\u00edn.<\/p>\n<p>Cerr\u00f3n es el ide\u00f3logo de Per\u00fa Libre y su programa es una mezcla del socialismo de Venezuela, Cuba, la Bolivia de Evo Morales y el Ecuador de Correa.<\/p>\n<p>En su campa\u00f1a, Castillo \u2013alter ego de Cerr\u00f3n- anunci\u00f3 que implantar\u00e1 el marxismo en el Per\u00fa: estatismo, salud p\u00fablica a la cubana, medios de comunicaci\u00f3n inspirados en Lenin y Fidel Castro, enfrentamiento de pobres contra ricos, nueva constituci\u00f3n, adi\u00f3s a los planes de pensi\u00f3n privados y acabar con las \u201cperversas leyes de la oferta y la demanda\u201d.<\/p>\n<p>Ese sistema \u201cperverso\u201d de libre mercado, sin embargo, ha permitido que el Per\u00fa acumule hasta abril del 2021 una cifra de $80,942 millones en reservas internacionales.<\/p>\n<p>Nunca antes en la historia del Per\u00fa un candidato se hab\u00eda ubicado en las puertas de la presidencia de la rep\u00fablica con un programa tan radical como el que propone Castillo, quien seg\u00fan la encuestadora IPSOS-Per\u00fa lleva 11 puntos de ventaja sobre su rival Keiko (42% a 31% de los votantes consultados).<\/p>\n<p>\u201cM\u00e1s que Castillo me preocupa su entorno, esa gente que no est\u00e1 visible\u201d, dijo uno de los participantes del importante grupo profesional period\u00edstico \u201cLa Tertulia Humberto Castillo Anselmi\u201d en Lima. \u201cSi no consiguen los votos necesarios para convocar a un referendum y cambiar la constituci\u00f3n, Per\u00fa Libre pretende disolver el Congreso, y para lograrlo tendr\u00e1 que ir al Comando Conjunto de las Fuerzas Armadas y ofrecerle cosas\u201d.<\/p>\n<p>Cinco de los congresistas de Per\u00fa Libre elegidos en la primera vuelta, el 11 de abril pasado, tienen v\u00ednculos comprobados por la Direcci\u00f3n Contra el Terrorismo (Dircote) con la banda asesina Sendero Luminoso, que entre 1980 y 1992 desat\u00f3 una guerra interna en el Per\u00fa que provoc\u00f3 alrededor de 80,000 muertos.<\/p>\n<p>Cerr\u00f3n, graduado en 1997 como doctor en Medicina por la Universidad de Ciencia M\u00e9dicas de Camag\u00fcey, Cuba, tiene el antecedente de haber sido gobernador de la regi\u00f3n Jun\u00edn, una de la m\u00e1s importantes por ser el centro del pa\u00eds, y su gesti\u00f3n fue desastrosa.<\/p>\n<p>Le llamaban el \u201cEl Doctor Anemia\u201d porque durante su gobierno se registr\u00f3 el 64% de anemia en ni\u00f1os de seis a 35 meses. Cuando Cerr\u00f3n asumi\u00f3 su cargo en el 2011 encontr\u00f3 el porcentaje de vulnerabilidad de pobreza en 42% y cuando se fue en el 2014 subi\u00f3 al 50.2%, seg\u00fan estad\u00edsticas oficiales. Estaba m\u00e1s ocupado en sus cuestionados viajes a China y Venezuela y durante su mandato se paralizaron 44 obras.<\/p>\n<p>Todo esto se encuadra dentro de una estrategia cuyo objetivo es crear el caos para atizar el descontento popular, navegar en esas aguas y culpar al &#8220;imperialismo de Estados Unidos&#8221; por todos los males de una p\u00e9sima administraci\u00f3n.<\/p>\n<p>La gran pregunta que se hacen ahora los peruanos es si Castillo, Cedr\u00f3n y su grupo ultraizquierdista podr\u00e1n imponer sus ideas colectivistas en el pa\u00eds.<\/p>\n<p>Mientras Castillo lidera las encuestas, los indicativos econ\u00f3micos reflejan una tremenda incertidumbre: la Bolsa de Valores de Lima entr\u00f3 a la baja, el d\u00f3lar al alza y las acciones de las compa\u00f1\u00edas mineras se encuentran en ca\u00edda pese a que los minerales est\u00e1n en subida.<\/p>\n<p>El pueblo peruano no podr\u00e1 decir, si sale Castillo, que no sab\u00eda lo que se viene porque Cerr\u00f3n y sus portavoces lo anunciaron. Vamos a ver si la inmensa mayor\u00eda de peruanos permite que unos pocos l\u00edderes marxistas, asesorados por los cubanos, pongan en un redil a 33 millones de personas.<\/p>\n<\/div>\n","protected":false},"excerpt":{"rendered":"<p>POR LUIS F. S\u00c1NCHEZ ESPECIAL\/EL NUEVO HERALD LIMA &#8211; El Per\u00fa se encuentra con los pelos de punta. El pr\u00f3ximo 6 de junio se realizar\u00e1&hellip;<\/p>\n","protected":false},"author":99,"featured_media":497408,"comment_status":"open","ping_status":"open","sticky":false,"template":"","format":"standard","meta":{"footnotes":""},"categories":[23],"tags":[],"class_list":["post-497407","post","type-post","status-publish","format-standard","has-post-thumbnail","hentry","category-latinoamerica"],"_links":{"self":[{"href":"https:\/\/diarioelpopular.com\/index.php\/wp-json\/wp\/v2\/posts\/497407","targetHints":{"allow":["GET"]}}],"collection":[{"href":"https:\/\/diarioelpopular.com\/index.php\/wp-json\/wp\/v2\/posts"}],"about":[{"href":"https:\/\/diarioelpopular.com\/index.php\/wp-json\/wp\/v2\/types\/post"}],"author":[{"embeddable":true,"href":"https:\/\/diarioelpopular.com\/index.php\/wp-json\/wp\/v2\/users\/99"}],"replies":[{"embeddable":true,"href":"https:\/\/diarioelpopular.com\/index.php\/wp-json\/wp\/v2\/comments?post=497407"}],"version-history":[{"count":1,"href":"https:\/\/diarioelpopular.com\/index.php\/wp-json\/wp\/v2\/posts\/497407\/revisions"}],"predecessor-version":[{"id":497409,"href":"https:\/\/diarioelpopular.com\/index.php\/wp-json\/wp\/v2\/posts\/497407\/revisions\/497409"}],"wp:featuredmedia":[{"embeddable":true,"href":"https:\/\/diarioelpopular.com\/index.php\/wp-json\/wp\/v2\/media\/497408"}],"wp:attachment":[{"href":"https:\/\/diarioelpopular.com\/index.php\/wp-json\/wp\/v2\/media?parent=497407"}],"wp:term":[{"taxonomy":"category","embeddable":true,"href":"https:\/\/diarioelpopular.com\/index.php\/wp-json\/wp\/v2\/categories?post=497407"},{"taxonomy":"post_tag","embeddable":true,"href":"https:\/\/diarioelpopular.com\/index.php\/wp-json\/wp\/v2\/tags?post=497407"}],"curies":[{"name":"wp","href":"https:\/\/api.w.org\/{rel}","templated":true}]}}