{"id":497420,"date":"2021-04-28T12:08:49","date_gmt":"2021-04-28T16:08:49","guid":{"rendered":"https:\/\/diarioelpopular.com\/?p=497420"},"modified":"2021-04-28T12:08:49","modified_gmt":"2021-04-28T16:08:49","slug":"corte-rechaza-nuevo-recurso-de-expresidenta-anez","status":"publish","type":"post","link":"https:\/\/diarioelpopular.com\/index.php\/2021\/04\/28\/corte-rechaza-nuevo-recurso-de-expresidenta-anez\/","title":{"rendered":"Corte rechaza nuevo recurso de expresidenta A\u00f1ez"},"content":{"rendered":"<div id=\"attachment_497421\" style=\"width: 160px\" class=\"wp-caption alignnone\"><img loading=\"lazy\" decoding=\"async\" aria-describedby=\"caption-attachment-497421\" class=\"size-thumbnail wp-image-497421\" src=\"https:\/\/diarioelpopular.com\/wp-content\/uploads\/2021\/04\/850f031f9f7aaccb2390c9ce684fdd87-150x150.jpg\" alt=\"\" width=\"150\" height=\"150\" \/><p id=\"caption-attachment-497421\" class=\"wp-caption-text\"><em>Corte rechaza nuevo recurso de expresidenta interina de Bolivia Jeanine A\u00f1ez<\/em><br \/><em>(foto: EPA)<\/em><\/p><\/div>\n<h4><em><strong>El titular del Senado presenta nuevas denuncias contra ella<\/strong><\/em><\/h4>\n<p><em><strong>LA PAZ, 28 APR &#8211;<\/strong><\/em> El ministerio p\u00fablico de Bolivia rechaz\u00f3 nuevamente el recurso de apelaci\u00f3n de los abogados de la expresidenta interina Jeanine A\u00f1ez, a la espera de juicio en un penal de La Paz por los cargos de haber estado implicada en un presunto golpe de Estado en 2019 contra el entonces mandatario Evo Morales.<br \/>\nLa confirmaci\u00f3n de la cuarta sentencia contra el exjefe de Estado fue confirmada a Radio Erbol por su abogado, Luis Guill\u00e9n, quien precis\u00f3 que no se reconoci\u00f3 el fundamento de todas las solicitudes presentadas, tanto de recusaci\u00f3n de los jueces, como de la inconstitucionalidad del arresto, y finalmente el traslado a una cl\u00ednica privada por motivos de salud.<br \/>\nPara complicar la situaci\u00f3n judicial de \u00c1\u00f1ez, tambi\u00e9n intervino el presidente del Senado, Andr\u00f3nico Rodr\u00edguez, al anunciar la presentaci\u00f3n de denuncias por siete delitos que presuntamente cometi\u00f3 la exjefa de Estado durante el a\u00f1o de gesti\u00f3n del poder.<br \/>\nPor otra parte, se esperan informes de la Comisi\u00f3n Interamericana de Derechos Humanos (CIDH) que investigan los conflictos posteriores a la renuncia de Evo Morales a la Presidencia.<br \/>\nPara avalar un juicio de responsabilidades contra la expresidenta, la Asamblea Legislativa Plurinacional (ALP) deber\u00e1 contar con dos tercios de aprobaci\u00f3n en el pleno, sin embargo, el Movimiento al Socialismo (MAS), de Morales y partido del actual mandatario Luis Arce, no cuenta con ese margen en el Congreso.<\/p>\n","protected":false},"excerpt":{"rendered":"<p>El titular del Senado presenta nuevas denuncias contra ella LA PAZ, 28 APR &#8211; El ministerio p\u00fablico de Bolivia rechaz\u00f3 nuevamente el recurso de apelaci\u00f3n&hellip;<\/p>\n","protected":false},"author":99,"featured_media":497421,"comment_status":"open","ping_status":"open","sticky":false,"template":"","format":"standard","meta":{"footnotes":""},"categories":[23],"tags":[],"class_list":["post-497420","post","type-post","status-publish","format-standard","has-post-thumbnail","hentry","category-latinoamerica"],"_links":{"self":[{"href":"https:\/\/diarioelpopular.com\/index.php\/wp-json\/wp\/v2\/posts\/497420","targetHints":{"allow":["GET"]}}],"collection":[{"href":"https:\/\/diarioelpopular.com\/index.php\/wp-json\/wp\/v2\/posts"}],"about":[{"href":"https:\/\/diarioelpopular.com\/index.php\/wp-json\/wp\/v2\/types\/post"}],"author":[{"embeddable":true,"href":"https:\/\/diarioelpopular.com\/index.php\/wp-json\/wp\/v2\/users\/99"}],"replies":[{"embeddable":true,"href":"https:\/\/diarioelpopular.com\/index.php\/wp-json\/wp\/v2\/comments?post=497420"}],"version-history":[{"count":1,"href":"https:\/\/diarioelpopular.com\/index.php\/wp-json\/wp\/v2\/posts\/497420\/revisions"}],"predecessor-version":[{"id":497422,"href":"https:\/\/diarioelpopular.com\/index.php\/wp-json\/wp\/v2\/posts\/497420\/revisions\/497422"}],"wp:featuredmedia":[{"embeddable":true,"href":"https:\/\/diarioelpopular.com\/index.php\/wp-json\/wp\/v2\/media\/497421"}],"wp:attachment":[{"href":"https:\/\/diarioelpopular.com\/index.php\/wp-json\/wp\/v2\/media?parent=497420"}],"wp:term":[{"taxonomy":"category","embeddable":true,"href":"https:\/\/diarioelpopular.com\/index.php\/wp-json\/wp\/v2\/categories?post=497420"},{"taxonomy":"post_tag","embeddable":true,"href":"https:\/\/diarioelpopular.com\/index.php\/wp-json\/wp\/v2\/tags?post=497420"}],"curies":[{"name":"wp","href":"https:\/\/api.w.org\/{rel}","templated":true}]}}