{"id":497434,"date":"2021-04-29T12:25:09","date_gmt":"2021-04-29T16:25:09","guid":{"rendered":"https:\/\/diarioelpopular.com\/?p=497434"},"modified":"2021-04-29T12:25:09","modified_gmt":"2021-04-29T16:25:09","slug":"renuncia-el-presidente-del-tribunal-electoral","status":"publish","type":"post","link":"https:\/\/diarioelpopular.com\/index.php\/2021\/04\/29\/renuncia-el-presidente-del-tribunal-electoral\/","title":{"rendered":"Renuncia el presidente del Tribunal Electoral"},"content":{"rendered":"<div id=\"attachment_497435\" style=\"width: 310px\" class=\"wp-caption alignnone\"><img loading=\"lazy\" decoding=\"async\" aria-describedby=\"caption-attachment-497435\" class=\"size-medium wp-image-497435\" src=\"https:\/\/diarioelpopular.com\/wp-content\/uploads\/2021\/04\/9b9fb65b10f3ecd38fc5789819d81795-300x200.jpg\" alt=\"\" width=\"300\" height=\"200\" srcset=\"https:\/\/diarioelpopular.com\/wp-content\/uploads\/2021\/04\/9b9fb65b10f3ecd38fc5789819d81795-300x200.jpg 300w, https:\/\/diarioelpopular.com\/wp-content\/uploads\/2021\/04\/9b9fb65b10f3ecd38fc5789819d81795-110x73.jpg 110w, https:\/\/diarioelpopular.com\/wp-content\/uploads\/2021\/04\/9b9fb65b10f3ecd38fc5789819d81795.jpg 476w\" sizes=\"auto, (max-width: 300px) 100vw, 300px\" \/><p id=\"caption-attachment-497435\" class=\"wp-caption-text\"><em>Renuncia el presidente del Tribunal Electoral de Bolivia, Salvador Romero<\/em><br \/><em>(foto: EPA)<\/em><\/p><\/div>\n<h4><em><strong>Hab\u00eda sido designado durante la presidencia de A\u00f1ez<\/strong><\/em><\/h4>\n<p><em><strong>LA PAZ, 29 APR &#8211;<\/strong><\/em> El presidente del Tribunal Supremo Electoral (TSE) de Bolivia, Salvador Romero, anunci\u00f3 sorprendentemente su renuncia al cargo, convencido de haber cumplido el desaf\u00edo que hab\u00eda aceptado de &#8220;contribuir al retorno de la democracia&#8221; en el pa\u00eds.<br \/>\nLo inform\u00f3 hoy el portal de noticias Erbol.<br \/>\nAl conocer la noticia, el presidente boliviano, Luis Arce, inform\u00f3 a trav\u00e9s de su vocero, Jorge Richter, que quiere nombrar a su sucesor &#8220;en las pr\u00f3ximas horas&#8221; para que el organismo pueda seguir cumpliendo con sus importantes funciones.<br \/>\n&#8220;Dejo el cargo como llegu\u00e9, un hombre libre de ataduras, independiente de fuerzas pol\u00edticas o intereses de grupo, comprometido exclusivamente con una elecci\u00f3n justa como piedra angular de la democracia y punto de encuentro de los bolivianos, independientemente de nuestras diferencias&#8221;, explic\u00f3 Romero, designado en el TSE tras la cancelaci\u00f3n de las elecciones presidenciales de 2019 por la entonces presidenta interina, Jeanine A\u00f1ez.<br \/>\nLas reacciones a su sorpresiva decisi\u00f3n no tardaron en en llegar.<br \/>\nEl expresidente centrista Carlos Mesa (Comunidad Ciudadana) sostuvo que &#8220;una vez m\u00e1s existe el riesgo de que el Movimiento al Socialismo (MAS) vuelva a controlar el TSE y que la democracia boliviana siga debilit\u00e1ndose&#8221;.<br \/>\nPor su parte, el expresidente Evo Morales, obligado al exilio desde la anulaci\u00f3n de las elecciones presidenciales de 2019, sostuvo que estas &#8220;renuncias son la prueba indiscutible de que nunca hubo fraude&#8221; en las elecciones anteriores.<br \/>\nEn su opini\u00f3n, cuando Romero advirti\u00f3 que &#8220;la verdad y la b\u00fasqueda de la justicia se est\u00e1n acercando a los autores y a los c\u00f3mplices del golpe, deja el cargo para separarse de toda responsabilidad&#8221;.<\/p>\n","protected":false},"excerpt":{"rendered":"<p>Hab\u00eda sido designado durante la presidencia de A\u00f1ez LA PAZ, 29 APR &#8211; El presidente del Tribunal Supremo Electoral (TSE) de Bolivia, Salvador Romero, anunci\u00f3&hellip;<\/p>\n","protected":false},"author":99,"featured_media":497435,"comment_status":"open","ping_status":"open","sticky":false,"template":"","format":"standard","meta":{"footnotes":""},"categories":[23],"tags":[],"class_list":["post-497434","post","type-post","status-publish","format-standard","has-post-thumbnail","hentry","category-latinoamerica"],"_links":{"self":[{"href":"https:\/\/diarioelpopular.com\/index.php\/wp-json\/wp\/v2\/posts\/497434","targetHints":{"allow":["GET"]}}],"collection":[{"href":"https:\/\/diarioelpopular.com\/index.php\/wp-json\/wp\/v2\/posts"}],"about":[{"href":"https:\/\/diarioelpopular.com\/index.php\/wp-json\/wp\/v2\/types\/post"}],"author":[{"embeddable":true,"href":"https:\/\/diarioelpopular.com\/index.php\/wp-json\/wp\/v2\/users\/99"}],"replies":[{"embeddable":true,"href":"https:\/\/diarioelpopular.com\/index.php\/wp-json\/wp\/v2\/comments?post=497434"}],"version-history":[{"count":1,"href":"https:\/\/diarioelpopular.com\/index.php\/wp-json\/wp\/v2\/posts\/497434\/revisions"}],"predecessor-version":[{"id":497436,"href":"https:\/\/diarioelpopular.com\/index.php\/wp-json\/wp\/v2\/posts\/497434\/revisions\/497436"}],"wp:featuredmedia":[{"embeddable":true,"href":"https:\/\/diarioelpopular.com\/index.php\/wp-json\/wp\/v2\/media\/497435"}],"wp:attachment":[{"href":"https:\/\/diarioelpopular.com\/index.php\/wp-json\/wp\/v2\/media?parent=497434"}],"wp:term":[{"taxonomy":"category","embeddable":true,"href":"https:\/\/diarioelpopular.com\/index.php\/wp-json\/wp\/v2\/categories?post=497434"},{"taxonomy":"post_tag","embeddable":true,"href":"https:\/\/diarioelpopular.com\/index.php\/wp-json\/wp\/v2\/tags?post=497434"}],"curies":[{"name":"wp","href":"https:\/\/api.w.org\/{rel}","templated":true}]}}