{"id":497437,"date":"2021-04-29T12:27:08","date_gmt":"2021-04-29T16:27:08","guid":{"rendered":"https:\/\/diarioelpopular.com\/?p=497437"},"modified":"2021-04-29T12:27:08","modified_gmt":"2021-04-29T16:27:08","slug":"brasil-bolsonaro-responsable-de-400-mil-muertes","status":"publish","type":"post","link":"https:\/\/diarioelpopular.com\/index.php\/2021\/04\/29\/brasil-bolsonaro-responsable-de-400-mil-muertes\/","title":{"rendered":"Brasil: &#8220;Bolsonaro responsable de 400 mil muertes&#8221;"},"content":{"rendered":"<div id=\"attachment_497438\" style=\"width: 310px\" class=\"wp-caption alignnone\"><img loading=\"lazy\" decoding=\"async\" aria-describedby=\"caption-attachment-497438\" class=\"size-medium wp-image-497438\" src=\"https:\/\/diarioelpopular.com\/wp-content\/uploads\/2021\/04\/cd18349595ec1554185e1d51045d8b07-300x200.jpg\" alt=\"\" width=\"300\" height=\"200\" srcset=\"https:\/\/diarioelpopular.com\/wp-content\/uploads\/2021\/04\/cd18349595ec1554185e1d51045d8b07-300x200.jpg 300w, https:\/\/diarioelpopular.com\/wp-content\/uploads\/2021\/04\/cd18349595ec1554185e1d51045d8b07-110x73.jpg 110w, https:\/\/diarioelpopular.com\/wp-content\/uploads\/2021\/04\/cd18349595ec1554185e1d51045d8b07.jpg 476w\" sizes=\"auto, (max-width: 300px) 100vw, 300px\" \/><p id=\"caption-attachment-497438\" class=\"wp-caption-text\"><em>&#8220;Bolsonaro responsable de 400 mil muertes&#8221;<\/em><br \/><em>(foto: EPA)<\/em><\/p><\/div>\n<p><em><strong>BRASILIA, 29 APR &#8211;<\/strong><\/em> El Parlamento Europeo analiz\u00f3 el desempe\u00f1o del presidente brasile\u00f1o, Jair Bolsonaro, frente a la pandemia del coronavirus, que ya caus\u00f3 m\u00e1s de 398 mil muertos y este jueves puede alcanzar la marca de los 400 mil v\u00edctimas.<br \/>\n&#8220;Hay casi 400 mil muertos en Brasil, se trata de una tragedia provocada por decisiones pol\u00edticas deliberadas&#8221;, afirm\u00f3 la eurodiputada alemana Anna Cavazzini, del Partido Verde.<br \/>\n&#8220;Desde el comienzo de la crisis Bolsonaro rechaz\u00f3 medidas cient\u00edficamente comprobadas (contra el Covid), minimiz\u00f3 la importancia de la pandemia, se opuso a la vacunaci\u00f3n y promovi\u00f3 acciones judiciales contra la cuarentena&#8221;, acot\u00f3 Cavazzini.<br \/>\nEl eurodiputado espa\u00f1ol, Miguel Urban Crespo, del izquierdista Podemos, dijo que el gobierno brasile\u00f1o &#8220;en lugar de declarar la guerra al virus, le declar\u00f3 la guerra a la ciencia, a la medicina y a la vida&#8221;.<br \/>\n&#8220;La gesti\u00f3n criminal de Bolsonaro (&#8230;) constituye un crimen contra la humanidad que debe ser investigado&#8221;, plant\u00f3 el congresista durante una sesi\u00f3n celebrada hoy en Bruselas, que recientemente recibi\u00f3 al embajador brasile\u00f1o ante la Uni\u00f3n Europea, Marcos Galvao.<br \/>\nLuego del debate fue aprobada una resoluci\u00f3n en la que se &#8220;lamenta que la pandemia haya sido politizada, sea a trav\u00e9s de una ret\u00f3rica negacionista o minimizando su gravedad por parte de Jefes de Estado&#8221;, report\u00f3 el sitio de noticias brasile\u00f1o UOL.<\/p>\n","protected":false},"excerpt":{"rendered":"<p>BRASILIA, 29 APR &#8211; El Parlamento Europeo analiz\u00f3 el desempe\u00f1o del presidente brasile\u00f1o, Jair Bolsonaro, frente a la pandemia del coronavirus, que ya caus\u00f3 m\u00e1s&hellip;<\/p>\n","protected":false},"author":99,"featured_media":497438,"comment_status":"open","ping_status":"open","sticky":false,"template":"","format":"standard","meta":{"footnotes":""},"categories":[23],"tags":[],"class_list":["post-497437","post","type-post","status-publish","format-standard","has-post-thumbnail","hentry","category-latinoamerica"],"_links":{"self":[{"href":"https:\/\/diarioelpopular.com\/index.php\/wp-json\/wp\/v2\/posts\/497437","targetHints":{"allow":["GET"]}}],"collection":[{"href":"https:\/\/diarioelpopular.com\/index.php\/wp-json\/wp\/v2\/posts"}],"about":[{"href":"https:\/\/diarioelpopular.com\/index.php\/wp-json\/wp\/v2\/types\/post"}],"author":[{"embeddable":true,"href":"https:\/\/diarioelpopular.com\/index.php\/wp-json\/wp\/v2\/users\/99"}],"replies":[{"embeddable":true,"href":"https:\/\/diarioelpopular.com\/index.php\/wp-json\/wp\/v2\/comments?post=497437"}],"version-history":[{"count":1,"href":"https:\/\/diarioelpopular.com\/index.php\/wp-json\/wp\/v2\/posts\/497437\/revisions"}],"predecessor-version":[{"id":497439,"href":"https:\/\/diarioelpopular.com\/index.php\/wp-json\/wp\/v2\/posts\/497437\/revisions\/497439"}],"wp:featuredmedia":[{"embeddable":true,"href":"https:\/\/diarioelpopular.com\/index.php\/wp-json\/wp\/v2\/media\/497438"}],"wp:attachment":[{"href":"https:\/\/diarioelpopular.com\/index.php\/wp-json\/wp\/v2\/media?parent=497437"}],"wp:term":[{"taxonomy":"category","embeddable":true,"href":"https:\/\/diarioelpopular.com\/index.php\/wp-json\/wp\/v2\/categories?post=497437"},{"taxonomy":"post_tag","embeddable":true,"href":"https:\/\/diarioelpopular.com\/index.php\/wp-json\/wp\/v2\/tags?post=497437"}],"curies":[{"name":"wp","href":"https:\/\/api.w.org\/{rel}","templated":true}]}}