{"id":497440,"date":"2021-04-29T12:30:05","date_gmt":"2021-04-29T16:30:05","guid":{"rendered":"https:\/\/diarioelpopular.com\/?p=497440"},"modified":"2021-04-29T12:30:05","modified_gmt":"2021-04-29T16:30:05","slug":"chile-mantendra-cerradas-sus-fronteras-por-segundo-mes-consecutivo","status":"publish","type":"post","link":"https:\/\/diarioelpopular.com\/index.php\/2021\/04\/29\/chile-mantendra-cerradas-sus-fronteras-por-segundo-mes-consecutivo\/","title":{"rendered":"Chile mantendr\u00e1 cerradas sus fronteras por segundo mes consecutivo"},"content":{"rendered":"<p><img loading=\"lazy\" decoding=\"async\" class=\"alignnone size-medium wp-image-497441\" src=\"https:\/\/diarioelpopular.com\/wp-content\/uploads\/2021\/04\/chile2-1-300x214.jpg\" alt=\"\" width=\"300\" height=\"214\" srcset=\"https:\/\/diarioelpopular.com\/wp-content\/uploads\/2021\/04\/chile2-1-300x214.jpg 300w, https:\/\/diarioelpopular.com\/wp-content\/uploads\/2021\/04\/chile2-1-636x454.jpg 636w, https:\/\/diarioelpopular.com\/wp-content\/uploads\/2021\/04\/chile2-1-102x73.jpg 102w, https:\/\/diarioelpopular.com\/wp-content\/uploads\/2021\/04\/chile2-1.jpg 700w\" sizes=\"auto, (max-width: 300px) 100vw, 300px\" \/><\/p>\n<p><em><strong>El Gobierno de Chile anunci\u00f3 que mantendr\u00e1 cerradas sus fronteras por segundo mes consecutivo, con el fin de evitar contagios de covid-19 desde el exterior.<\/strong><\/em><\/p>\n<p><strong>SANTIAGO DE CHILE, 29 ABR.-<\/strong> <em>\u201cAnunciamos que en mayo se renovar\u00e1 el cierre de fronteras por 30 d\u00edas\u201d<\/em>, manifest\u00f3 el Ministro de Salud, Enrique Paris, durante el reporte de la pandemia en Chile. La misma no afloja con m\u00e1s de 6.000 casos diarios y 119 muertos, seg\u00fan los datos de esta jornada.<\/p>\n<p>En abril los vuelos internacionales estar\u00e1n cancelados, mientras que el ingreso de extranjeros estar\u00e1 prohibido y s\u00f3lo se permitir\u00e1 en casos de extrema emergencia con la autorizaci\u00f3n de un Consulado de Chile en el exterior y bajo estrictas medidas sanitarias.<\/p>\n<p>En tanto, los chilenos y residentes extranjeros no podr\u00e1n salir del pa\u00eds salvo en situaciones extraordinarias calificados de car\u00e1cter humanitario o para tratamientos de salud.<\/p>\n<p>Las fronteras terrestres estar\u00e1n abiertas para el paso de camiones con carga de bienes esenciales. Para ello, los conductores deber\u00e1n presentar un PCR negativo desde al menos tres d\u00edas antes de entrar al pa\u00eds.<\/p>\n<p>La medida se anuncia despu\u00e9s de que Chile atraviesa lo peor de la segunda ola en abril. M\u00e1s de 9.000 casos diarios por primera vez en toda la pandemia, en contraste con el r\u00e1pido y exitoso proceso de vacunaci\u00f3n que el pa\u00eds lleva adelante.<\/p>\n<p>El Ministro Paris indic\u00f3, que en la \u00faltima semana se ha registrado \u201cun leve retroceso\u201d de la pandemia; con un 7% de los casos confirmados y una ca\u00edda del 12% en el n\u00famero de fallecidos.<\/p>\n<p>Este lunes comenz\u00f3 la vacunaci\u00f3n a mujeres embarazadas con comorbilidades, con al menos 16 semanas de gestaci\u00f3n; a quienes se les administra la vacuna de Pfizer\/BioNTech.<\/p>\n<p><em><strong>Casos de extrema emergencia<\/strong><\/em><\/p>\n<p><em>\u201cEs clave aqu\u00ed que el profesional de salud que trata a la mujer embarazada, realice una consejer\u00eda sobre los riesgos y beneficios de la inoculaci\u00f3n\u201d<\/em>, explic\u00f3 Paula Daza, subsecretar\u00eda de Salud P\u00fablica.<\/p>\n<p>El Gobierno anunci\u00f3, que 10 comunas de la regi\u00f3n metropolitana de Santiago, saldr\u00e1n de la cuarentena en la que se encontraba la capital chilena desde el 27 de marzo. En este lugar viven 7,1 de los 19 millones de habitantes del pa\u00eds.<\/p>\n<p>Tras 14 meses de pandemia, en Chile se registran m\u00e1s de 1,1 millones de contagios y sobre los 25.000 muertos.<\/p>\n","protected":false},"excerpt":{"rendered":"<p>El Gobierno de Chile anunci\u00f3 que mantendr\u00e1 cerradas sus fronteras por segundo mes consecutivo, con el fin de evitar contagios de covid-19 desde el exterior.&hellip;<\/p>\n","protected":false},"author":99,"featured_media":497441,"comment_status":"open","ping_status":"open","sticky":false,"template":"","format":"standard","meta":{"footnotes":""},"categories":[23],"tags":[],"class_list":["post-497440","post","type-post","status-publish","format-standard","has-post-thumbnail","hentry","category-latinoamerica"],"_links":{"self":[{"href":"https:\/\/diarioelpopular.com\/index.php\/wp-json\/wp\/v2\/posts\/497440","targetHints":{"allow":["GET"]}}],"collection":[{"href":"https:\/\/diarioelpopular.com\/index.php\/wp-json\/wp\/v2\/posts"}],"about":[{"href":"https:\/\/diarioelpopular.com\/index.php\/wp-json\/wp\/v2\/types\/post"}],"author":[{"embeddable":true,"href":"https:\/\/diarioelpopular.com\/index.php\/wp-json\/wp\/v2\/users\/99"}],"replies":[{"embeddable":true,"href":"https:\/\/diarioelpopular.com\/index.php\/wp-json\/wp\/v2\/comments?post=497440"}],"version-history":[{"count":1,"href":"https:\/\/diarioelpopular.com\/index.php\/wp-json\/wp\/v2\/posts\/497440\/revisions"}],"predecessor-version":[{"id":497442,"href":"https:\/\/diarioelpopular.com\/index.php\/wp-json\/wp\/v2\/posts\/497440\/revisions\/497442"}],"wp:featuredmedia":[{"embeddable":true,"href":"https:\/\/diarioelpopular.com\/index.php\/wp-json\/wp\/v2\/media\/497441"}],"wp:attachment":[{"href":"https:\/\/diarioelpopular.com\/index.php\/wp-json\/wp\/v2\/media?parent=497440"}],"wp:term":[{"taxonomy":"category","embeddable":true,"href":"https:\/\/diarioelpopular.com\/index.php\/wp-json\/wp\/v2\/categories?post=497440"},{"taxonomy":"post_tag","embeddable":true,"href":"https:\/\/diarioelpopular.com\/index.php\/wp-json\/wp\/v2\/tags?post=497440"}],"curies":[{"name":"wp","href":"https:\/\/api.w.org\/{rel}","templated":true}]}}