{"id":497460,"date":"2021-05-02T11:43:42","date_gmt":"2021-05-02T15:43:42","guid":{"rendered":"https:\/\/diarioelpopular.com\/?p=497460"},"modified":"2021-05-02T11:43:42","modified_gmt":"2021-05-02T15:43:42","slug":"el-40-por-ciento-de-los-residentes-elegibles-de-toronto-ya-vacunados","status":"publish","type":"post","link":"https:\/\/diarioelpopular.com\/index.php\/2021\/05\/02\/el-40-por-ciento-de-los-residentes-elegibles-de-toronto-ya-vacunados\/","title":{"rendered":"El 40 por ciento de los residentes elegibles de Toronto ya vacunados"},"content":{"rendered":"<h4><img loading=\"lazy\" decoding=\"async\" class=\"alignnone size-custom-full-size wp-image-497465\" src=\"https:\/\/diarioelpopular.com\/wp-content\/uploads\/2021\/05\/GettyImages-1232589169-636x409.jpg\" alt=\"\" width=\"636\" height=\"409\" srcset=\"https:\/\/diarioelpopular.com\/wp-content\/uploads\/2021\/05\/GettyImages-1232589169-636x409.jpg 636w, https:\/\/diarioelpopular.com\/wp-content\/uploads\/2021\/05\/GettyImages-1232589169-300x193.jpg 300w, https:\/\/diarioelpopular.com\/wp-content\/uploads\/2021\/05\/GettyImages-1232589169-768x494.jpg 768w, https:\/\/diarioelpopular.com\/wp-content\/uploads\/2021\/05\/GettyImages-1232589169-85x55.jpg 85w, https:\/\/diarioelpopular.com\/wp-content\/uploads\/2021\/05\/GettyImages-1232589169-113x73.jpg 113w, https:\/\/diarioelpopular.com\/wp-content\/uploads\/2021\/05\/GettyImages-1232589169.jpg 1024w\" sizes=\"auto, (max-width: 636px) 100vw, 636px\" \/><\/h4>\n<h4><em><strong>&#8211; La ciudad de Toronto has dicho que el 40 por ciento de los residentes elegibles de Toronto ahora han sido vacunados contra COVID-19.<\/strong><\/em><\/h4>\n<h4><em><strong>&#8211; Ontario reporta m\u00e1s de 3.700 nuevos casos de COVID-19, 23 muertes<\/strong><\/em><\/h4>\n<h4><em><strong>&#8211; Quebec informa el tercer caso de coagulaci\u00f3n sangu\u00ednea de la vacuna mientras miles protestan contra los cierres<\/strong><\/em><\/h4>\n<div id=\"attachment_497464\" style=\"width: 637px\" class=\"wp-caption alignnone\"><img loading=\"lazy\" decoding=\"async\" aria-describedby=\"caption-attachment-497464\" class=\"size-custom-full-size wp-image-497464\" src=\"https:\/\/diarioelpopular.com\/wp-content\/uploads\/2021\/05\/Screen-Shot-2021-05-02-at-11.32.37-AM.png\" alt=\"\" width=\"627\" height=\"445\" srcset=\"https:\/\/diarioelpopular.com\/wp-content\/uploads\/2021\/05\/Screen-Shot-2021-05-02-at-11.32.37-AM.png 627w, https:\/\/diarioelpopular.com\/wp-content\/uploads\/2021\/05\/Screen-Shot-2021-05-02-at-11.32.37-AM-300x213.png 300w, https:\/\/diarioelpopular.com\/wp-content\/uploads\/2021\/05\/Screen-Shot-2021-05-02-at-11.32.37-AM-103x73.png 103w\" sizes=\"auto, (max-width: 627px) 100vw, 627px\" \/><p id=\"caption-attachment-497464\" class=\"wp-caption-text\"><em>La gente participa en una manifestaci\u00f3n en contra de las medidas del gobierno de Quebec para ayudar a frenar la propagaci\u00f3n del COVID-19 en Montreal. Foto cortes\u00eda Canadian Press.<\/em><\/p><\/div>\n<p>&nbsp;<\/p>\n<p><em><strong>TORONTO.-<\/strong><\/em> &#8220;En total, m\u00e1s de 1.016.400 personas en esta ciudad de grupos elegibles han recibido al menos su primera dosis de vacuna&#8221;, dijo la ciudad en un comunicado de prensa este s\u00e1bado.<\/p>\n<p>Alrededor del 20 por ciento de las dosis fueron administradas por cl\u00ednicas administradas por la ciudad, y el resto, alrededor del 80 por ciento, por los socios de vacunaci\u00f3n de la ciudad.<\/p>\n<p>Los adultos que viven en los llamados c\u00f3digos postales de puntos calientes, \u00e1reas con un alto n\u00famero de casos de COVID-19, constituyen una parte significativa de los que ahora est\u00e1n vacunados, dijo la ciudad.<\/p>\n<p>\u201cLa Ciudad y los socios de vacunaci\u00f3n est\u00e1n viendo aumentos de dos d\u00edgitos en las tasas de vacunaci\u00f3n en los puntos calientes m\u00e1s calientes &#8211; un buen progreso con m\u00e1s por hacer\u201d, dijo la ciudad. \u201cEn los 13 c\u00f3digos postales priorizados en la estrategia, el 36,6% de los adultos ya ha recibido una primera dosis de vacuna\u201d.<\/p>\n<p>El alcalde John Tory dijo que la noticia es alentadora y dijo que la ciudad ya est\u00e1 trabajando para lograr el pr\u00f3ximo hito de vacunar a la mayor\u00eda de los habitantes de Toronto.<\/p>\n<p>&#8220;Si bien nos tomamos un minuto para marcar el logro del objetivo del 40 por ciento temprano, quiero que sepa que no descansaremos hasta que todos hayan recibido su vacuna, el cierre se levante y realmente dejemos esta pandemia atr\u00e1s&#8221;. Dijo Tory.<\/p>\n<p>&nbsp;<\/p>\n<h4><em><strong>Ontario reporta m\u00e1s de 3.700 nuevos casos de COVID-19, 23 muertes<\/strong><\/em><\/h4>\n<p><img loading=\"lazy\" decoding=\"async\" class=\"alignnone size-thumbnail wp-image-497461\" src=\"https:\/\/diarioelpopular.com\/wp-content\/uploads\/2021\/05\/Screen-Shot-2021-05-02-at-11.27.26-AM-150x150.png\" alt=\"\" width=\"150\" height=\"150\" \/><\/p>\n<p><em>Actualizado domingo 2 de mayo de 2021 11:35 a.m.<\/em><\/p>\n<p><em><strong>TORONTO.-<\/strong> <\/em>Ontario report\u00f3 3.723 casos de COVID-19 este domingo, lo que eleva el n\u00famero total de casos en la provincia a 470.465.<\/p>\n<p>\u201cA nivel local, hay 1.198 casos nuevos en Toronto, 797 en Peel, 306 en la regi\u00f3n de York, 237 en Hamilton y 232 en Durham\u201d, dijo la ministra de Salud, Christine Elliott.<\/p>\n<p>A modo de comparaci\u00f3n, el domingo pasado se reportaron 3.947 casos.<\/p>\n<p>Tambi\u00e9n se anunciaron 23 nuevas muertes el 2 de mayo, con lo que el n\u00famero de muertos en la provincia asciende a 8,102.<\/p>\n<p>Se considera resuelto un total de 425.163 casos de coronavirus, lo que representa un aumento de 3.947 y es el 90,4 por ciento de todos los casos confirmados.<\/p>\n<p>Se completaron poco m\u00e1s de 45,300 pruebas adicionales. Ontario ha completado un total de 14.197.942 pruebas y 20.091 siguen bajo investigaci\u00f3n.<\/p>\n<p>La provincia indic\u00f3 que la tasa de positividad del \u00faltimo d\u00eda fue del 8,5 por ciento, superior al del informe del s\u00e1bado, cuando fue del 7,3 por ciento, y por debajo del informe del domingo pasado, cuando fue del 8,7 por ciento.<\/p>\n<p>Se han confirmado 72,313 casos de la variante B.1.1.7, descubiertos por primera vez en el Reino Unido (hasta 2.817), as\u00ed como 291 de la variante B.1.351 que se descubri\u00f3 en Sud\u00e1frica (hasta 10), y 875 casos de la variante P.1, encontrados por primera vez en Brasil (hasta 103).<\/p>\n<p>Las cifras provinciales mostraron que hay 1.961 personas hospitalizadas con el virus (una disminuci\u00f3n de 191), con 895 en cuidados intensivos debido al COVID-19 (una disminuci\u00f3n de cinco), de las cuales 615 est\u00e1n en un ventilador (una disminuci\u00f3n de 22).<\/p>\n<p>Sin embargo, la provincia se\u00f1al\u00f3 que m\u00e1s del 10% de los hospitales no presentaron su censo diario de camas para el informe del domingo, como suele ser el caso los fines de semana, lo que posiblemente provoque que el n\u00famero de hospitalizaciones informado sea menor de lo que realmente es.<\/p>\n<p>A continuaci\u00f3n, se muestra un desglose de los casos de Ontario por edad y sexo:<\/p>\n<p>233,700 personas son hombres<br \/>\n233,165 personas son mujeres<br \/>\n72,640 personas tienen 19 a\u00f1os o menos<br \/>\n173.652 personas tienen entre 20 y 39 a\u00f1os<br \/>\n135,823 personas tienen entre 40 y 59 a\u00f1os<br \/>\n64,621 personas tienen entre 60 y 79 a\u00f1os<br \/>\n23,619 personas tienen 80 a\u00f1os o m\u00e1s<br \/>\nLa provincia se\u00f1ala que no todos los casos tienen una edad o sexo reportados.<\/p>\n<p>La provincia tambi\u00e9n se\u00f1ala que la cantidad de casos notificados p\u00fablicamente cada d\u00eda puede no coincidir con los recuentos de casos notificados por las unidades de salud p\u00fablica locales en un d\u00eda determinado. Las unidades de salud p\u00fablica locales informan cu\u00e1ndo se les notific\u00f3 por primera vez de un caso, que puede actualizarse y cambiarse a medida que la informaci\u00f3n est\u00e9 disponible. Los datos tambi\u00e9n se pueden extraer en diferentes momentos.<\/p>\n<p>Hasta este s\u00e1bado por la noche, se hab\u00edan administrado 5.324.369 dosis de la vacuna COVID-19 en Ontario, lo que representa un aumento de 76.685.<\/p>\n<p>Hasta el momento, se considera que 375.280 personas en la provincia est\u00e1n completamente vacunadas.<\/p>\n<p>&nbsp;<\/p>\n<h4><em><strong>Quebec informa el tercer caso de coagulaci\u00f3n sangu\u00ednea de la vacuna mientras miles protestan contra los cierres<\/strong><\/em><\/h4>\n<p><img loading=\"lazy\" decoding=\"async\" class=\"alignnone size-thumbnail wp-image-497462\" src=\"https:\/\/diarioelpopular.com\/wp-content\/uploads\/2021\/05\/Screen-Shot-2021-05-02-at-11.33.15-AM-150x150.png\" alt=\"\" width=\"150\" height=\"150\" \/><\/p>\n<p><em><strong>MONTREAL.-<\/strong> <\/em>Miles de manifestantes desenmascarados marcharon en Montreal este s\u00e1bado para protestar contra las medidas de salud p\u00fablica de COVID-19 que califican de excesivas e injustificadas.<\/p>\n<p>Los manifestantes se reunieron en el Estadio Ol\u00edmpico de Montreal y pidieron al gobierno de Quebec que levante el toque de queda nocturno que ha estado en vigor en gran parte de la provincia desde enero.<\/p>\n<p>Tambi\u00e9n expresaron su oposici\u00f3n a la noci\u00f3n de pasaporte de inmunidad para quienes han recibido una vacuna COVID-19.<\/p>\n<p>El estadio actualmente sirve como una de las cl\u00ednicas de vacunaci\u00f3n masiva COVID-19 de la provincia y estuvo cerrado durante el d\u00eda debido a la protesta.<\/p>\n<p><img loading=\"lazy\" decoding=\"async\" class=\"alignnone size-thumbnail wp-image-497463\" src=\"https:\/\/diarioelpopular.com\/wp-content\/uploads\/2021\/05\/Screen-Shot-2021-05-02-at-11.32.58-AM-150x150.png\" alt=\"\" width=\"150\" height=\"150\" \/><\/p>\n<p>El ministro de Salud, Christian Dub\u00e9, dijo que las citas se hab\u00edan transferido a otras cl\u00ednicas de la ciudad.<\/p>\n<p>Dijo que las otras cl\u00ednicas ten\u00edan la capacidad de cumplir con las citas programadas en el estadio, pero lamenta el hecho de que los manifestantes elijan manifestarse fuera del sitio de vacunaci\u00f3n masiva.<\/p>\n<p>\u201cLa gente tiene derecho a opinar, pero creo que podr\u00edan haber dejado solos a quienes se vacunan\u201d, dijo Dub\u00e9.<\/p>\n<p>Daniel Pilon, uno de los organizadores de la protesta, dijo en un video de Facebook que la intenci\u00f3n nunca fue bloquear el acceso al centro de vacunaci\u00f3n y afirm\u00f3 que la protesta se organiz\u00f3 cerca del Estadio Ol\u00edmpico por su atractivo visual.<\/p>\n<p>La alcaldesa de Montreal, Val\u00e9rie Plante, tuite\u00f3 durante la protesta que le preocupaba que se llevara a cabo una manifestaci\u00f3n de este tipo.<\/p>\n<p>\u201cTodo el mundo quiere volver a la vida normal y las medidas sanitarias est\u00e1n ah\u00ed por eso\u201d, tuite\u00f3.<\/p>\n<p>El primer ministro Justin Trudeau dijo a los periodistas que la protesta planeada es &#8220;profundamente decepcionante&#8221;. La libertad de expresi\u00f3n y reuni\u00f3n son importantes, especialmente durante una pandemia, pero las protestas deben realizarse de manera segura, agreg\u00f3.<\/p>\n<p>\u201cLa iron\u00eda aqu\u00ed es que al reunirse, las personas se ponen en riesgo unas a otras, propagando m\u00e1s casos de COVID-19 y ampliando el tiempo en el que tendremos que enfrentarnos a restricciones y medidas de salud p\u00fablica\u201d, dijo Trudeau.<\/p>\n<p>\u201cEstoy aqu\u00ed hoy como todos para luchar por nuestras libertades y para estar seguro de que estos cierres terminan, no son la soluci\u00f3n\u201d, dijo el l\u00edder del Partido Popular de Canad\u00e1, Maxime Bernier, quien estuvo presente en la marcha. &#8220;Deje de promover bloqueos y reabra la econom\u00eda&#8221;.<br \/>\nBernier dijo que la gente en la protesta no estaba en contra de las vacunas, sino &#8220;a favor del derecho a decidir y a favor de la libertad&#8221;.<\/p>\n<p><img loading=\"lazy\" decoding=\"async\" class=\"alignnone size-thumbnail wp-image-497464\" src=\"https:\/\/diarioelpopular.com\/wp-content\/uploads\/2021\/05\/Screen-Shot-2021-05-02-at-11.32.37-AM-150x150.png\" alt=\"\" width=\"150\" height=\"150\" \/><\/p>\n<p>Los organizadores dijeron en un comunicado que la protesta del s\u00e1bado fue la primera de varias planeadas para el mes de mayo.<\/p>\n<p>El portavoz policial Manuel Couture dijo que los agentes emitieron algunas multas por incumplimiento de las medidas sanitarias. \u201cSi excluimos el incumplimiento de las medidas sanitarias, era una multitud bastante pac\u00edfica y festiva\u201d, dijo Couture.<\/p>\n<p>Quebec inform\u00f3 este s\u00e1bado 1.101 nuevos casos de COVID-19 y siete muertes atribuidas al nuevo coronavirus, una de las cuales tuvo lugar en las \u00faltimas 24 horas.<\/p>\n<p>&nbsp;<\/p>\n<p>&nbsp;<\/p>\n","protected":false},"excerpt":{"rendered":"<p>&#8211; La ciudad de Toronto has dicho que el 40 por ciento de los residentes elegibles de Toronto ahora han sido vacunados contra COVID-19. &#8211;&hellip;<\/p>\n","protected":false},"author":99,"featured_media":497465,"comment_status":"open","ping_status":"open","sticky":false,"template":"","format":"standard","meta":{"footnotes":""},"categories":[21,11191],"tags":[],"class_list":["post-497460","post","type-post","status-publish","format-standard","has-post-thumbnail","hentry","category-canada","category-top-news"],"_links":{"self":[{"href":"https:\/\/diarioelpopular.com\/index.php\/wp-json\/wp\/v2\/posts\/497460","targetHints":{"allow":["GET"]}}],"collection":[{"href":"https:\/\/diarioelpopular.com\/index.php\/wp-json\/wp\/v2\/posts"}],"about":[{"href":"https:\/\/diarioelpopular.com\/index.php\/wp-json\/wp\/v2\/types\/post"}],"author":[{"embeddable":true,"href":"https:\/\/diarioelpopular.com\/index.php\/wp-json\/wp\/v2\/users\/99"}],"replies":[{"embeddable":true,"href":"https:\/\/diarioelpopular.com\/index.php\/wp-json\/wp\/v2\/comments?post=497460"}],"version-history":[{"count":1,"href":"https:\/\/diarioelpopular.com\/index.php\/wp-json\/wp\/v2\/posts\/497460\/revisions"}],"predecessor-version":[{"id":497466,"href":"https:\/\/diarioelpopular.com\/index.php\/wp-json\/wp\/v2\/posts\/497460\/revisions\/497466"}],"wp:featuredmedia":[{"embeddable":true,"href":"https:\/\/diarioelpopular.com\/index.php\/wp-json\/wp\/v2\/media\/497465"}],"wp:attachment":[{"href":"https:\/\/diarioelpopular.com\/index.php\/wp-json\/wp\/v2\/media?parent=497460"}],"wp:term":[{"taxonomy":"category","embeddable":true,"href":"https:\/\/diarioelpopular.com\/index.php\/wp-json\/wp\/v2\/categories?post=497460"},{"taxonomy":"post_tag","embeddable":true,"href":"https:\/\/diarioelpopular.com\/index.php\/wp-json\/wp\/v2\/tags?post=497460"}],"curies":[{"name":"wp","href":"https:\/\/api.w.org\/{rel}","templated":true}]}}