{"id":497501,"date":"2021-05-03T11:42:46","date_gmt":"2021-05-03T15:42:46","guid":{"rendered":"https:\/\/diarioelpopular.com\/?p=497501"},"modified":"2021-05-03T11:42:46","modified_gmt":"2021-05-03T15:42:46","slug":"colombia-protestas-ganan-pulseada-a-duque","status":"publish","type":"post","link":"https:\/\/diarioelpopular.com\/index.php\/2021\/05\/03\/colombia-protestas-ganan-pulseada-a-duque\/","title":{"rendered":"Colombia: Protestas ganan pulseada a Duque"},"content":{"rendered":"<div id=\"attachment_497502\" style=\"width: 160px\" class=\"wp-caption alignnone\"><img loading=\"lazy\" decoding=\"async\" aria-describedby=\"caption-attachment-497502\" class=\"size-thumbnail wp-image-497502\" src=\"https:\/\/diarioelpopular.com\/wp-content\/uploads\/2021\/05\/f1cd6fead057c28586bdcde1da8339be-150x150.jpg\" alt=\"\" width=\"150\" height=\"150\" \/><p id=\"caption-attachment-497502\" class=\"wp-caption-text\"><br \/><em>Iv\u00e1n Duque, presidente de Colombia<\/em><br \/><em>(foto: EPA)<\/em><\/p><\/div>\n<h4><em><strong>Mandatario insiste en obtener recursos debido a crisis por Covid<\/strong><\/em><\/h4>\n<p><em><strong>BOGOTA 3 MAY &#8211;<\/strong><\/em> La calle le gan\u00f3 el pulso al gobierno de Iv\u00e1n Duque, que despu\u00e9s de cuatro d\u00edas de protestas anunci\u00f3 hoy el retiro de la reforma tributaria que present\u00f3 al Congreso, aunque insisti\u00f3 en la necesidad de una iniciativa legislativa para obtener recursos ante la crisis econ\u00f3mica desatada por la pandemia.<br \/>\n&#8220;Le solicito al Congreso de la Rep\u00fablica el retiro del proyecto radicado por el Ministerio de Hacienda y tramitar, de manera urgente, un nuevo proyecto, fruto de los consensos, y as\u00ed evitar incertidumbre financiera&#8221;, precis\u00f3 Duque en una alocuci\u00f3n.<br \/>\nEl presidente recalc\u00f3 que la reforma no era un &#8220;capricho&#8221; sino una &#8220;necesidad&#8221; y asegur\u00f3 que el retiro o no de la iniciativa del Legislativo, donde no ten\u00eda apoyo pol\u00edtico, &#8220;no era la discusi\u00f3n&#8221;, pues la urgencia del proyecto era darle continuidad a varios programas sociales.<br \/>\nSin embargo, el mandatario no mencion\u00f3 otra de las razones que durante la semana esboz\u00f3 como argumento para no ceder al retiro de la reforma y era el mensaje que se le enviar\u00eda a las calificadoras de riesgos internacionales. Sobre ese asunto no se refiri\u00f3.<br \/>\nEl pasado mi\u00e9rcoles las centrales obreras, los campesinos, profesores, ind\u00edgenas y jubilados, entre otros, se lanzaron de manera masiva a las calles de las principales ciudades y poblaciones del pa\u00eds para exigir el retiro de la reforma tributaria, que no contaba con el respaldo de la mayor\u00eda de partidos pol\u00edticos y era cuestionada por sectores sociales, econ\u00f3micos, industriales e intelectuales.<br \/>\nLa huelga nacional se extendi\u00f3 hasta el s\u00e1bado, con masivas asistencias calificadas por autoridades civiles y hasta por la ONU como pac\u00edficas, aunque se presentaron desmanes en ciudades como Bogot\u00e1, Cali, Medell\u00edn, Pasto, Barranquilla y Villavicencio, entre otras.<br \/>\nAl menos seis personas murieron durante los cuatro d\u00edas de manifestaciones: cuatro en Cali, un joven en Ibagu\u00e9 y un polic\u00eda en Soacha, municipio contiguo a Bogot\u00e1.<br \/>\nBuen parte de la prensa local privilegi\u00f3 informar sobre los desmanes en desmedro de la creatividad y lo masivas que fueron las protestas, en sinton\u00eda con la \u00f3ptica del gobierno que enfatiz\u00f3 en ese asunto y que se manten\u00eda inc\u00f3lume ante el reclamo hecho desde las calles.<br \/>\nLa noche del s\u00e1bado, Duque anunci\u00f3 el env\u00edo de las tropas a las calles para contener los actos vand\u00e1licos, apegado a la figura legal de la &#8220;asistencia militar&#8221;, un recurso jur\u00eddico al que se acude en caso de alteraci\u00f3n de la seguridad y la convivencia ciudadana, y la cual aplicar\u00eda en coordinaci\u00f3n con los mandatarios locales.<br \/>\nSin embargo, los alcaldes de las tres ciudades con mayor presencia de manifestantes en las calles y donde se dieron algunos disturbios avisaron de inmediato que no ve\u00edan la necesidad de militarizar las protestas.<br \/>\n&#8220;La movilizaci\u00f3n pac\u00edfica fue mayoritaria y vibrante en Bogot\u00e1. Algunos actos vand\u00e1licos aislados obligaron la intervenci\u00f3n policial. Pese a las dificultades del d\u00eda, nuestra @policiabogota tiene la situaci\u00f3n bajo control. No se requiere, ni he solicitado, ninguna militarizaci\u00f3n&#8221;, escribi\u00f3 en Twitter Claudia L\u00f3pez, alcaldesa de la capital.<br \/>\n&#8220;Medell\u00edn no solicitar\u00e1 asistencia militar adicional en el marco de las movilizaciones actuales. Agradecemos al Ej\u00e9rcito seguir acompa\u00f1ando las tareas de protecci\u00f3n de infraestructura cr\u00edtica en la periferia y zonas rurales de la ciudad&#8221;, respondi\u00f3 Daniel Quintero, mandatario de Medell\u00edn, en esa misma red social.<br \/>\nMientras que el alcalde de Cali, Jorge Iv\u00e1n Opina, dijo en la ma\u00f1ana de este domingo que m\u00e1s que &#8220;militarizar la sociedad&#8221; lo que se necesitaba era &#8220;retirar la reforma tributar\u00eda&#8221; y &#8220;abrir un gran di\u00e1logo nacional con todos los sectores que permita un gran acuerdo sobre la pandemia del Covid y sus consecuencias socioecon\u00f3micas&#8221;.<br \/>\nEn tanto que el gobernador de Magdalena (norte), Carlos Caicedo, dijo que responder &#8220;con militarizaci\u00f3n de ciudades a la leg\u00edtima petici\u00f3n popular de retirar la reforma tributaria&#8221; era &#8220;perder la condici\u00f3n democr\u00e1tica&#8221; y le suger\u00eda a Duque retirar la reforma.<br \/>\nEl Presidente avis\u00f3 que una nueva propuesta de reforma tributaria debe sustentarse en la idea de que &#8220;los de mayor ingreso contribuyen solidariamente con los m\u00e1s vulnerables&#8221;.<br \/>\nEn ese orden anunci\u00f3 que las l\u00edneas de la nueva reforma incluir\u00eda una sobre tasa de renta temporal a las empresas y las personas de mayores ingresos, mantener de manera transitoria el impuesto al patrimonio, aumentar por un tiempo el impuesto a los dividendos y austeridad en el Estado.<br \/>\nEl senador izquierdista, Iv\u00e1n Cepeda, asegur\u00f3 en Twitter que fueron los &#8220;j\u00f3venes&#8221;, las &#8220;organizaciones sociales&#8221; y &#8220;la ciudadan\u00eda movilizada&#8221; los que &#8220;pusieron los muertos y derrotaron al gobierno&#8221;, al que le pidi\u00f3 no presentar una &#8220;reforma maquillada&#8221;, puesto que la &#8220;ciudadan\u00eda no aceptar\u00e1 enga\u00f1os&#8221;.<\/p>\n","protected":false},"excerpt":{"rendered":"<p>Mandatario insiste en obtener recursos debido a crisis por Covid BOGOTA 3 MAY &#8211; La calle le gan\u00f3 el pulso al gobierno de Iv\u00e1n Duque,&hellip;<\/p>\n","protected":false},"author":99,"featured_media":497502,"comment_status":"open","ping_status":"open","sticky":false,"template":"","format":"standard","meta":{"footnotes":""},"categories":[23],"tags":[],"class_list":["post-497501","post","type-post","status-publish","format-standard","has-post-thumbnail","hentry","category-latinoamerica"],"_links":{"self":[{"href":"https:\/\/diarioelpopular.com\/index.php\/wp-json\/wp\/v2\/posts\/497501","targetHints":{"allow":["GET"]}}],"collection":[{"href":"https:\/\/diarioelpopular.com\/index.php\/wp-json\/wp\/v2\/posts"}],"about":[{"href":"https:\/\/diarioelpopular.com\/index.php\/wp-json\/wp\/v2\/types\/post"}],"author":[{"embeddable":true,"href":"https:\/\/diarioelpopular.com\/index.php\/wp-json\/wp\/v2\/users\/99"}],"replies":[{"embeddable":true,"href":"https:\/\/diarioelpopular.com\/index.php\/wp-json\/wp\/v2\/comments?post=497501"}],"version-history":[{"count":1,"href":"https:\/\/diarioelpopular.com\/index.php\/wp-json\/wp\/v2\/posts\/497501\/revisions"}],"predecessor-version":[{"id":497503,"href":"https:\/\/diarioelpopular.com\/index.php\/wp-json\/wp\/v2\/posts\/497501\/revisions\/497503"}],"wp:featuredmedia":[{"embeddable":true,"href":"https:\/\/diarioelpopular.com\/index.php\/wp-json\/wp\/v2\/media\/497502"}],"wp:attachment":[{"href":"https:\/\/diarioelpopular.com\/index.php\/wp-json\/wp\/v2\/media?parent=497501"}],"wp:term":[{"taxonomy":"category","embeddable":true,"href":"https:\/\/diarioelpopular.com\/index.php\/wp-json\/wp\/v2\/categories?post=497501"},{"taxonomy":"post_tag","embeddable":true,"href":"https:\/\/diarioelpopular.com\/index.php\/wp-json\/wp\/v2\/tags?post=497501"}],"curies":[{"name":"wp","href":"https:\/\/api.w.org\/{rel}","templated":true}]}}