{"id":497511,"date":"2021-05-04T11:48:42","date_gmt":"2021-05-04T15:48:42","guid":{"rendered":"https:\/\/diarioelpopular.com\/?p=497511"},"modified":"2021-05-04T11:48:42","modified_gmt":"2021-05-04T15:48:42","slug":"economia-chilena-con-aires-de-recuperacion","status":"publish","type":"post","link":"https:\/\/diarioelpopular.com\/index.php\/2021\/05\/04\/economia-chilena-con-aires-de-recuperacion\/","title":{"rendered":"Econom\u00eda chilena con aires de recuperaci\u00f3n"},"content":{"rendered":"<div id=\"attachment_497512\" style=\"width: 160px\" class=\"wp-caption alignnone\"><img loading=\"lazy\" decoding=\"async\" aria-describedby=\"caption-attachment-497512\" class=\"size-thumbnail wp-image-497512\" src=\"https:\/\/diarioelpopular.com\/wp-content\/uploads\/2021\/05\/4248c4e4fc0b6d4ced7745650b12a371-150x150.jpg\" alt=\"\" width=\"150\" height=\"150\" \/><p id=\"caption-attachment-497512\" class=\"wp-caption-text\"><br \/><em>Econom\u00eda chilena con aires de recuperaci\u00f3n<\/em><br \/><em>(foto: ANSA)<\/em><\/p><\/div>\n<h4><em><strong>&#8220;Una luz de esperanza&#8221;, gobierno<\/strong><\/em><\/h4>\n<p><em><strong>SANTIAGO DE CHILE, 04 MAY &#8211;<\/strong><\/em> La econom\u00eda chilena entreg\u00f3 un respiro al experimentar su mayor expansi\u00f3n desde abril de 2018, registrando un crecimiento de 6,4%, de acuerdo a cifras entregadas este lunes por el Banco Central.<br \/>\nEl instituto emisor detall\u00f3 que la serie desestacionalizada disminuy\u00f3 1,6% respecto del mes precedente y aument\u00f3 5,0% en doce meses.<br \/>\nTodos los componentes del Indicador Mensual de Actividad Econ\u00f3mica crecieron, destacando las contribuciones de las actividades de servicios y el comercio.<br \/>\n&#8220;Este resultado -apunt\u00f3 el Central- se explica, en parte, por la menor base de comparaci\u00f3n de marzo del a\u00f1o anterior, per\u00edodo que marc\u00f3 el inicio de la emergencia sanitaria asociada al Covid-19&#8221;.<br \/>\nEl ministro de Hacienda, Rodrigo Cerda, coment\u00f3 que &#8220;este crecimiento es mayor a lo que estaba esperando el mercado, y desde ese punto de vista en una buena noticia para la econom\u00eda y para la reactivaci\u00f3n econ\u00f3mica&#8221;, aunque llam\u00f3 a tomar este dato &#8220;con calma&#8221;.<br \/>\n&#8220;Efectivamente es el comienzo de la recuperaci\u00f3n, pero todav\u00eda no falta hacia adelante&#8221;, recalc\u00f3, a\u00f1adiendo que a\u00fan &#8220;hay muchos chilenos que no han recuperado su empleo&#8221;.\u00a0Entonces, continu\u00f3, &#8220;este es un buen dato y lo tomamos como una luz de esperanza para poder tener mayor reactivaci\u00f3n y mayor empleo en los pr\u00f3ximos meses&#8221;.<br \/>\nNo obstante, a\u00f1adi\u00f3, &#8220;hay que seguir trabajando, porque es necesario mantener este ritmo de crecimiento&#8221;, con el fin de tener una mayor recaudaci\u00f3n fiscal y seguir financiando las ayudas sociales.<br \/>\nCerda comparti\u00f3 que &#8220;hace bastantes meses que no ve\u00edamos mayor actividad econ\u00f3mica como lo estamos viendo ahora&#8221;, y subray\u00f3 que &#8220;lo que estamos viendo efectivamente son estos primeros rebotes y rebrotes que nos permiten ir generando mejores expectativas hacia adelante&#8221;.<br \/>\nDetall\u00f3 que &#8220;desde el sector p\u00fablico hemos tratado de ir lo m\u00e1s r\u00e1pido posible con la inversi\u00f3n p\u00fablica, tambi\u00e9n estamos dando subsidios al empleo. Todo ese tipo de cosas deber\u00edan ir ayud\u00e1ndonos, pero tambi\u00e9n entendemos que es muy importante que nos cuidemos, porque eso nos va a permitir que retroceda m\u00e1s la pandemia y una vez que retroceda la pandemia, nuestra econom\u00eda efectivamente va a tomar mayor impulso. El crecimiento es una tarea de todos&#8221;, recalc\u00f3.<br \/>\nEnfatiz\u00f3 que &#8220;el crecimiento no est\u00e1 garantizado, y tenemos todos que tratar de echar andar nuevo nuestra econom\u00eda&#8221;.<br \/>\n&#8220;En abril vamos a tener tambi\u00e9n algo m\u00e1s de cuarentenas, por lo tanto, hay que ser cautelosos. Pero esperamos que nuestra econom\u00eda se vaya adecuando paulatinamente&#8221;, complet\u00f3.<br \/>\nLa producci\u00f3n de bienes aument\u00f3 2,3% por el desempe\u00f1o de la industria manufacturera, que creci\u00f3 7,7%, y, en menor medida, por el alza de la miner\u00eda y el resto de bienes, que crecieron 1,7% y 1,3%, respectivamente.<br \/>\nCon cifras ajustadas por estacionalidad, la producci\u00f3n de bienes aument\u00f3 1,0% respecto del mes anterior. Este resultado fue determinado por el aumento de la miner\u00eda y del resto de bienes, efecto que fue parcialmente compensado por la ca\u00edda de la industria manufacturera.<br \/>\nLa actividad comercial creci\u00f3 20,0%, impulsada por las ventas mayoristas y minoristas. En menor medida, contribuy\u00f3 el comercio automotor. Los servicios crecieron 5,1%, resultado explicado principalmente por el desempe\u00f1o de los servicios personales, en particular de salud.<br \/>\nEn menor medida, tambi\u00e9n se registraron crecimientos en transportes, comunicaciones y servicios de informaci\u00f3n, y restaurantes y hoteles.<br \/>\nEl incremento del tercer mes del a\u00f1o se ubic\u00f3 por encima de las estimaciones de mercado y no anotaba un signo positivo desde noviembre, cuando se ubic\u00f3 en un 1%, hasta ese momento el \u00fanico crecimiento registrado desde que el coronavirus se instal\u00f3 en el pa\u00eds en marzo de 2020.<\/p>\n","protected":false},"excerpt":{"rendered":"<p>&#8220;Una luz de esperanza&#8221;, gobierno SANTIAGO DE CHILE, 04 MAY &#8211; La econom\u00eda chilena entreg\u00f3 un respiro al experimentar su mayor expansi\u00f3n desde abril de&hellip;<\/p>\n","protected":false},"author":99,"featured_media":497512,"comment_status":"open","ping_status":"open","sticky":false,"template":"","format":"standard","meta":{"footnotes":""},"categories":[23],"tags":[],"class_list":["post-497511","post","type-post","status-publish","format-standard","has-post-thumbnail","hentry","category-latinoamerica"],"_links":{"self":[{"href":"https:\/\/diarioelpopular.com\/index.php\/wp-json\/wp\/v2\/posts\/497511","targetHints":{"allow":["GET"]}}],"collection":[{"href":"https:\/\/diarioelpopular.com\/index.php\/wp-json\/wp\/v2\/posts"}],"about":[{"href":"https:\/\/diarioelpopular.com\/index.php\/wp-json\/wp\/v2\/types\/post"}],"author":[{"embeddable":true,"href":"https:\/\/diarioelpopular.com\/index.php\/wp-json\/wp\/v2\/users\/99"}],"replies":[{"embeddable":true,"href":"https:\/\/diarioelpopular.com\/index.php\/wp-json\/wp\/v2\/comments?post=497511"}],"version-history":[{"count":1,"href":"https:\/\/diarioelpopular.com\/index.php\/wp-json\/wp\/v2\/posts\/497511\/revisions"}],"predecessor-version":[{"id":497513,"href":"https:\/\/diarioelpopular.com\/index.php\/wp-json\/wp\/v2\/posts\/497511\/revisions\/497513"}],"wp:featuredmedia":[{"embeddable":true,"href":"https:\/\/diarioelpopular.com\/index.php\/wp-json\/wp\/v2\/media\/497512"}],"wp:attachment":[{"href":"https:\/\/diarioelpopular.com\/index.php\/wp-json\/wp\/v2\/media?parent=497511"}],"wp:term":[{"taxonomy":"category","embeddable":true,"href":"https:\/\/diarioelpopular.com\/index.php\/wp-json\/wp\/v2\/categories?post=497511"},{"taxonomy":"post_tag","embeddable":true,"href":"https:\/\/diarioelpopular.com\/index.php\/wp-json\/wp\/v2\/tags?post=497511"}],"curies":[{"name":"wp","href":"https:\/\/api.w.org\/{rel}","templated":true}]}}