{"id":497517,"date":"2021-05-04T11:55:54","date_gmt":"2021-05-04T15:55:54","guid":{"rendered":"https:\/\/diarioelpopular.com\/?p=497517"},"modified":"2021-05-04T11:55:54","modified_gmt":"2021-05-04T15:55:54","slug":"colombia-protestas-continuan-pese-triunfo-de-la-calle","status":"publish","type":"post","link":"https:\/\/diarioelpopular.com\/index.php\/2021\/05\/04\/colombia-protestas-continuan-pese-triunfo-de-la-calle\/","title":{"rendered":"Colombia: Protestas contin\u00faan pese triunfo de la calle"},"content":{"rendered":"<div id=\"attachment_497518\" style=\"width: 160px\" class=\"wp-caption alignnone\"><img loading=\"lazy\" decoding=\"async\" aria-describedby=\"caption-attachment-497518\" class=\"size-thumbnail wp-image-497518\" src=\"https:\/\/diarioelpopular.com\/wp-content\/uploads\/2021\/05\/4f73eb9c6fc70d4974f368398908cb0b-150x150.jpg\" alt=\"\" width=\"150\" height=\"150\" \/><p id=\"caption-attachment-497518\" class=\"wp-caption-text\"><br \/><em>Contin\u00faan las protestas en Bogot\u00e1<\/em><br \/><em>(foto: EPA)<\/em><\/p><\/div>\n<h4><em><strong>Este mi\u00e9rcoles nuevo llamado a la huelga nacional<\/strong><\/em><\/h4>\n<p><em><strong>BOGOTA 4 MAY &#8211;<\/strong><\/em> El Comit\u00e9 Nacional del Paro (CNP) anunci\u00f3 que las protestas se mantienen, pese a que el gobierno de Iv\u00e1n Duque retir\u00f3 del Congreso la reforma tributaria, origen y detonante de las revueltas que ya llevan seis d\u00edas.<br \/>\nLas centrales obreras, los profesores y estudiantes que integran el CNP calificaron como &#8220;un triunfo de los millones de colombianas y colombianos que se han movilizado&#8221; el retiro del proyecto del Legislativo, pero avisaron que las protestas no cesar\u00e1n.<br \/>\n&#8220;Con este anuncio no se desactiva la movilizaci\u00f3n; la gente, en las calles, est\u00e1 exigiendo mucho m\u00e1s que el retiro de la reforma tributaria&#8221;, advirtieron los convocantes a las manifestaciones en un comunicado.<br \/>\nFrancisco Malt\u00e9s, presidente de la Central Unitaria de Trabajadores (CUT) y uno de los voceros de la CNP, dijo que la huelga nacional se mantiene porque el gobierno ahora intenta crear un &#8220;frente nacional&#8221;, en referencia a la divisi\u00f3n del poder por parte de los partidos mayoritarios en la d\u00e9cada de los 50, para excluir la voz de los manifestantes.<br \/>\n&#8220;Creo que el peor mensaje que hay para el pa\u00eds es un nuevo frente nacional excluyente de los que sufrimos de las consecuencia y de quienes hemos estado en las manifestaciones&#8221;, describi\u00f3 el vocero sindical, que critic\u00f3 al presidente Duque de quien dijo solo &#8220;le gusta el di\u00e1logo con los que son afines a su pol\u00edtica&#8221;.<br \/>\nEl CNP no solo avis\u00f3 que las protestas contin\u00faan, sino que cit\u00f3 para este mi\u00e9rcoles a una nueva manifestaci\u00f3n masiva en todo el pa\u00eds, como la ocurrida la semana pasada y que dio origen a las protestas que hoy segu\u00edan vigentes con cortes de v\u00edas por parte de camioneros y manifestantes, sumados a marchas en ciudades como Cali y Barranquilla.<br \/>\nLos organizadores de la huelga nacional levantaron hoy el list\u00f3n de sus reclamos y ahora exigen al Ejecutivo que desmilitarice las ciudades, castigue a los &#8220;responsables&#8221; de agredir a los manifestantes y retire un proyecto de ley que pretende reformar la salud local en tiempos de crisis por la pandemia y que seg\u00fan los opositores convierte el servicio en negocio en manos de particulares.<br \/>\nTambi\u00e9n pidieron &#8220;renta b\u00e1sica&#8221; digna, vacunaci\u00f3n masiva, defender la producci\u00f3n nacional agr\u00edcola, subsidiar a las peque\u00f1as y medianas empresas, apoyo educativo y hasta ponerle fin a la &#8220;discriminacio?n de ge?nero, diversidad sexual y e?tnica&#8221;, entre otros pedidos. Frente al argumento de que las manifestaci\u00f3n podr\u00e1n convertirse en vector que aumente los contagios con Covid-19, que tienen al borde del colapso a varias ciudades, el Comit\u00e9 del paro urgi\u00f3 a los manifestante del pr\u00f3ximo mi\u00e9rcoles para que cumplan con las &#8220;normas de bioseguridad&#8221;.<br \/>\n&#8220;Es m\u00e1s la indignaci\u00f3n que hay con el gobierno por el hambre que est\u00e1 aguantando nuestro pueblo; es m\u00e1s el temor al hambre que al virus&#8221;, advirti\u00f3 Malt\u00e9s.<\/p>\n","protected":false},"excerpt":{"rendered":"<p>Este mi\u00e9rcoles nuevo llamado a la huelga nacional BOGOTA 4 MAY &#8211; El Comit\u00e9 Nacional del Paro (CNP) anunci\u00f3 que las protestas se mantienen, pese&hellip;<\/p>\n","protected":false},"author":99,"featured_media":497518,"comment_status":"open","ping_status":"open","sticky":false,"template":"","format":"standard","meta":{"footnotes":""},"categories":[23],"tags":[],"class_list":["post-497517","post","type-post","status-publish","format-standard","has-post-thumbnail","hentry","category-latinoamerica"],"_links":{"self":[{"href":"https:\/\/diarioelpopular.com\/index.php\/wp-json\/wp\/v2\/posts\/497517","targetHints":{"allow":["GET"]}}],"collection":[{"href":"https:\/\/diarioelpopular.com\/index.php\/wp-json\/wp\/v2\/posts"}],"about":[{"href":"https:\/\/diarioelpopular.com\/index.php\/wp-json\/wp\/v2\/types\/post"}],"author":[{"embeddable":true,"href":"https:\/\/diarioelpopular.com\/index.php\/wp-json\/wp\/v2\/users\/99"}],"replies":[{"embeddable":true,"href":"https:\/\/diarioelpopular.com\/index.php\/wp-json\/wp\/v2\/comments?post=497517"}],"version-history":[{"count":1,"href":"https:\/\/diarioelpopular.com\/index.php\/wp-json\/wp\/v2\/posts\/497517\/revisions"}],"predecessor-version":[{"id":497519,"href":"https:\/\/diarioelpopular.com\/index.php\/wp-json\/wp\/v2\/posts\/497517\/revisions\/497519"}],"wp:featuredmedia":[{"embeddable":true,"href":"https:\/\/diarioelpopular.com\/index.php\/wp-json\/wp\/v2\/media\/497518"}],"wp:attachment":[{"href":"https:\/\/diarioelpopular.com\/index.php\/wp-json\/wp\/v2\/media?parent=497517"}],"wp:term":[{"taxonomy":"category","embeddable":true,"href":"https:\/\/diarioelpopular.com\/index.php\/wp-json\/wp\/v2\/categories?post=497517"},{"taxonomy":"post_tag","embeddable":true,"href":"https:\/\/diarioelpopular.com\/index.php\/wp-json\/wp\/v2\/tags?post=497517"}],"curies":[{"name":"wp","href":"https:\/\/api.w.org\/{rel}","templated":true}]}}