{"id":497520,"date":"2021-05-04T11:57:57","date_gmt":"2021-05-04T15:57:57","guid":{"rendered":"https:\/\/diarioelpopular.com\/?p=497520"},"modified":"2021-05-04T11:57:57","modified_gmt":"2021-05-04T15:57:57","slug":"corte-argentina-avala-educacion-presencial","status":"publish","type":"post","link":"https:\/\/diarioelpopular.com\/index.php\/2021\/05\/04\/corte-argentina-avala-educacion-presencial\/","title":{"rendered":"Corte argentina avala educaci\u00f3n presencial"},"content":{"rendered":"<div id=\"attachment_497521\" style=\"width: 160px\" class=\"wp-caption alignnone\"><img loading=\"lazy\" decoding=\"async\" aria-describedby=\"caption-attachment-497521\" class=\"size-thumbnail wp-image-497521\" src=\"https:\/\/diarioelpopular.com\/wp-content\/uploads\/2021\/05\/2e3e5ad17516da808cc1afca07916e94-150x150.jpg\" alt=\"\" width=\"150\" height=\"150\" \/><p id=\"caption-attachment-497521\" class=\"wp-caption-text\"><br \/><em>Corte Suprema argentina defiende las clases presenciales<\/em><\/p><\/div>\n<h4><em><strong>Falla a favor de la autonom\u00eda de la Ciudad de Buenos Aires<\/strong><\/em><\/h4>\n<p><em><strong>BUENOS AIRES 4 MAY &#8211;<\/strong><\/em> La Corte Suprema argentina fall\u00f3 este martes en contra de la decisi\u00f3n de suspender las clases presenciales como m\u00e9todo para aplacar las consecuencias sanitarias de la segunda ola del COVID-19.<br \/>\nDe esta manera, la corte avala la autonom\u00eda de la Ciudad de Buenos Aires para definir la modalidad de la educaci\u00f3n en su territorio.<br \/>\nEl gobierno de la ciudad hab\u00eda desconocido el Decreto de Necesidad y Urgencia (DNU) 241, dictado el 16 de abril pasado, en el que se tomaban varias medidas restrictivas en la circulaci\u00f3n de personas en el AMBA (la zona urbana com\u00fan que conforman la Ciudad de Buenos Aires y 40 municipios de la Provincia de Buenos Aires) para evitar el aumento de casos en la zona m\u00e1s cr\u00edtica del pa\u00eds.<br \/>\nUna de ellas fue suspender las clases presenciales. El gobernador de la provincia de Buenos Aires, Axel Kicillof, aval\u00f3 la medida pero el alcalde de la Ciudad, Horacio Rodr\u00edguez Larreta realiz\u00f3 una presentaci\u00f3n judicial para no acatar el decreto nacional.<\/p>\n","protected":false},"excerpt":{"rendered":"<p>Falla a favor de la autonom\u00eda de la Ciudad de Buenos Aires BUENOS AIRES 4 MAY &#8211; La Corte Suprema argentina fall\u00f3 este martes en&hellip;<\/p>\n","protected":false},"author":99,"featured_media":497521,"comment_status":"open","ping_status":"open","sticky":false,"template":"","format":"standard","meta":{"footnotes":""},"categories":[23],"tags":[],"class_list":["post-497520","post","type-post","status-publish","format-standard","has-post-thumbnail","hentry","category-latinoamerica"],"_links":{"self":[{"href":"https:\/\/diarioelpopular.com\/index.php\/wp-json\/wp\/v2\/posts\/497520","targetHints":{"allow":["GET"]}}],"collection":[{"href":"https:\/\/diarioelpopular.com\/index.php\/wp-json\/wp\/v2\/posts"}],"about":[{"href":"https:\/\/diarioelpopular.com\/index.php\/wp-json\/wp\/v2\/types\/post"}],"author":[{"embeddable":true,"href":"https:\/\/diarioelpopular.com\/index.php\/wp-json\/wp\/v2\/users\/99"}],"replies":[{"embeddable":true,"href":"https:\/\/diarioelpopular.com\/index.php\/wp-json\/wp\/v2\/comments?post=497520"}],"version-history":[{"count":1,"href":"https:\/\/diarioelpopular.com\/index.php\/wp-json\/wp\/v2\/posts\/497520\/revisions"}],"predecessor-version":[{"id":497522,"href":"https:\/\/diarioelpopular.com\/index.php\/wp-json\/wp\/v2\/posts\/497520\/revisions\/497522"}],"wp:featuredmedia":[{"embeddable":true,"href":"https:\/\/diarioelpopular.com\/index.php\/wp-json\/wp\/v2\/media\/497521"}],"wp:attachment":[{"href":"https:\/\/diarioelpopular.com\/index.php\/wp-json\/wp\/v2\/media?parent=497520"}],"wp:term":[{"taxonomy":"category","embeddable":true,"href":"https:\/\/diarioelpopular.com\/index.php\/wp-json\/wp\/v2\/categories?post=497520"},{"taxonomy":"post_tag","embeddable":true,"href":"https:\/\/diarioelpopular.com\/index.php\/wp-json\/wp\/v2\/tags?post=497520"}],"curies":[{"name":"wp","href":"https:\/\/api.w.org\/{rel}","templated":true}]}}