{"id":497523,"date":"2021-05-04T12:00:09","date_gmt":"2021-05-04T16:00:09","guid":{"rendered":"https:\/\/diarioelpopular.com\/?p=497523"},"modified":"2021-05-04T12:00:09","modified_gmt":"2021-05-04T16:00:09","slug":"mexico-23-muertos-y-77-hospitalizados-accidente-tren","status":"publish","type":"post","link":"https:\/\/diarioelpopular.com\/index.php\/2021\/05\/04\/mexico-23-muertos-y-77-hospitalizados-accidente-tren\/","title":{"rendered":"M\u00e9xico: 23 muertos y 77 hospitalizados accidente tren"},"content":{"rendered":"<div id=\"attachment_497524\" style=\"width: 160px\" class=\"wp-caption alignnone\"><img loading=\"lazy\" decoding=\"async\" aria-describedby=\"caption-attachment-497524\" class=\"size-thumbnail wp-image-497524\" src=\"https:\/\/diarioelpopular.com\/wp-content\/uploads\/2021\/05\/11a874c0d9c186a30dfd733099b03694-150x150.jpg\" alt=\"\" width=\"150\" height=\"150\" \/><p id=\"caption-attachment-497524\" class=\"wp-caption-text\"><br \/><em>Desastre en el metro de Ciudad de M\u00e9xico<\/em><br \/><em>(foto: EPA)<\/em><\/p><\/div>\n<h4><em><strong>Sospechan falta mantenimiento, gobierno pide no especular<\/strong><\/em><\/h4>\n<p><em><strong>CIUDAD DE MEXICO, 04 MAY &#8211;<\/strong><\/em> Al menos 23 muertos y 77 hospitalizados dej\u00f3 el desplome anoche de dos furgones del denominado Metro, desde una v\u00eda elevada, al oriente de la capital mexicana, cuando colapsaron dos pesadas &#8220;ballenas&#8221; o &#8220;trabes&#8221; (travesa\u00f1os) de concreto que sosten\u00eda las v\u00edas f\u00e9rreas.<br \/>\nMientras crecen entre la gente y los especialistas las sospechas de falta de mantenimiento como la causa m\u00e1s probable de la tragedia, la jefa de gobierno de la capital Claudia Sheinbaum pidi\u00f3 esperar a los &#8220;peritajes&#8221; de los especialistas, mientras el presidente Andr\u00e9s L\u00f3pez Obrador prometi\u00f3 una &#8220;investigaci\u00f3n transparente&#8221;. &#8220;No se va a ocultar absolutamente nada&#8221;, afirm\u00f3 L\u00f3pez Obrador, quien junto con Sheinbaum pidi\u00f3 &#8220;no culpar a nadie sin tener pruebas ni caer en el terreno de la especulaci\u00f3n&#8221;, al indicar que se trata de una &#8220;triste noticia&#8221;. El mandatario envi\u00f3 el p\u00e9same a los deudos de las v\u00edctimas del episodio, ocurrido a las22,20 locales del martes (03,20 GMT de hoy) en Tl\u00e1huac, uno de los suburbios m\u00e1s poblados y precarios de la capital, en la zona oriente. Sheinbaum se\u00f1al\u00f3 que la indagaci\u00f3n estar\u00e1 a cargo de la Fiscal\u00eda General de la capital y de una empresa internacional de reconocido prestigio para llegar al fondo del caso. El canciller Marcelo Ebrard, que era jefe de gobierno cuando se inaugur\u00f3 la L\u00ednea 12 del Metro en 2012, y que forma parte de la compleja red del tren subterr\u00e1neo de la capital, que incluye 14 kil\u00f3metros de recorrido de superficie, se\u00f1al\u00f3 que est\u00e1 &#8220;a disposici\u00f3n de las autoridades&#8221;. Sin embargo, indic\u00f3 que &#8220;el que nada debe nada teme&#8221; al se\u00f1alar que actu\u00f3 &#8220;con integridad&#8221; y deslindarse de las escandalosas irregularidades que rodearon la construcci\u00f3n de esta ruta, llamada tambi\u00e9n &#8220;L\u00ednea Dorada&#8221;, que une la zona sureste con la suroriente de la urbe pero urgi\u00f3 a &#8220;investigar las causas&#8221; del percance. Sheinbaum confirm\u00f3 que hay a\u00fan cuatro cuerpos de personas atrapadas entre los furgones que se desplomaron sobre varios autom\u00f3viles en una transitada avenida de Tl\u00e1huac. Dos furgones del convoy del tren cayeron desde unos 10 metros de altura en momentos en que transportaba al menos el 50% del cupo de pasajeros, muchos de los cuales salieron por su propio pie rompiendo ventanas, mientras otros esperaron a la ayuda de los socorristas por haber sufrido heridas o estar atrapados. Testigos se\u00f1alaron haber escuchado un fuerte estruendo al momento de desplomarse los travesa\u00f1os con los furgones y luego se levant\u00f3 una gran nube de polvo, despu\u00e9s de lo cual &#8220;comenzaron a o\u00edrse gritos y pedidos de ayuda&#8221;. &#8220;Sent\u00ed c\u00f3mo me cayeron muchas personas encima. Me duele mucho la cadera&#8221;, dijo a la televisi\u00f3n local un hombre que fue llevado por cuerpos de socorro en una camilla. Desde anoche, la intendente indic\u00f3 que &#8220;se van a hacer todas las investigaciones hasta saber realmente cu\u00e1les son las causas y, por el momento, a lo que estamos dedicados es a la atenci\u00f3n de las personas trasladadas a hospitales&#8221;. La construcci\u00f3n de la L\u00ednea 12 estuvo rodeada desde el principio de pol\u00e9mica por acusaciones de irregularidades en los contratos y por irregularidades y corrupci\u00f3n en la obra, pues el costo se elev\u00f3 70% por encima del presupuesto original. La gobernadora descart\u00f3 anomal\u00edas en el mantenimiento de la l\u00ednea y dijo que &#8220;hubo revisiones constantes en los \u00faltimos meses&#8221;, entre ellas una &#8220;estructural&#8221; el a\u00f1o pasado cuyos resultados se van a dar a conocer p\u00fablicamente. Ebrard por su parte dijo que &#8220;comparto la indignaci\u00f3n&#8221; que existe tras el accidente, al celebrar la posici\u00f3n de la jefa de gobierno para &#8220;esclarecer que ocurri\u00f3 y establecer qu\u00e9 responsabilidades hay y actuar en consecuencia sin importar qui\u00e9n sea&#8221;. El ministro fue acusado de actos de corrupci\u00f3n tras entrar en operaci\u00f3n la l\u00ednea, que registr\u00f3 66 aver\u00edas desde su inauguraci\u00f3n pero luego result\u00f3 absuelto. La l\u00ednea estuvo sin funcionar por varios meses, sobre todo en el trayecto elevado, que incluye la zona accidentada, donde se report\u00f3 el desgaste de rieles por desniveles y &#8220;alineaciones fuera de los par\u00e1metros normales&#8221;. En 2017, se denunciaron &#8220;fallas estructurales&#8221; en una columna del segmento elevado, por lo cual fueron cerradas temporalmente 6 estaciones.<\/p>\n","protected":false},"excerpt":{"rendered":"<p>Sospechan falta mantenimiento, gobierno pide no especular CIUDAD DE MEXICO, 04 MAY &#8211; Al menos 23 muertos y 77 hospitalizados dej\u00f3 el desplome anoche de&hellip;<\/p>\n","protected":false},"author":99,"featured_media":497524,"comment_status":"open","ping_status":"open","sticky":false,"template":"","format":"standard","meta":{"footnotes":""},"categories":[23],"tags":[],"class_list":["post-497523","post","type-post","status-publish","format-standard","has-post-thumbnail","hentry","category-latinoamerica"],"_links":{"self":[{"href":"https:\/\/diarioelpopular.com\/index.php\/wp-json\/wp\/v2\/posts\/497523","targetHints":{"allow":["GET"]}}],"collection":[{"href":"https:\/\/diarioelpopular.com\/index.php\/wp-json\/wp\/v2\/posts"}],"about":[{"href":"https:\/\/diarioelpopular.com\/index.php\/wp-json\/wp\/v2\/types\/post"}],"author":[{"embeddable":true,"href":"https:\/\/diarioelpopular.com\/index.php\/wp-json\/wp\/v2\/users\/99"}],"replies":[{"embeddable":true,"href":"https:\/\/diarioelpopular.com\/index.php\/wp-json\/wp\/v2\/comments?post=497523"}],"version-history":[{"count":1,"href":"https:\/\/diarioelpopular.com\/index.php\/wp-json\/wp\/v2\/posts\/497523\/revisions"}],"predecessor-version":[{"id":497525,"href":"https:\/\/diarioelpopular.com\/index.php\/wp-json\/wp\/v2\/posts\/497523\/revisions\/497525"}],"wp:featuredmedia":[{"embeddable":true,"href":"https:\/\/diarioelpopular.com\/index.php\/wp-json\/wp\/v2\/media\/497524"}],"wp:attachment":[{"href":"https:\/\/diarioelpopular.com\/index.php\/wp-json\/wp\/v2\/media?parent=497523"}],"wp:term":[{"taxonomy":"category","embeddable":true,"href":"https:\/\/diarioelpopular.com\/index.php\/wp-json\/wp\/v2\/categories?post=497523"},{"taxonomy":"post_tag","embeddable":true,"href":"https:\/\/diarioelpopular.com\/index.php\/wp-json\/wp\/v2\/tags?post=497523"}],"curies":[{"name":"wp","href":"https:\/\/api.w.org\/{rel}","templated":true}]}}