{"id":497546,"date":"2021-05-05T17:40:29","date_gmt":"2021-05-05T21:40:29","guid":{"rendered":"https:\/\/diarioelpopular.com\/?p=497546"},"modified":"2021-05-05T17:40:29","modified_gmt":"2021-05-05T21:40:29","slug":"ivan-duque-tiende-la-mano-a-los-manifestantes-para-frenar-la-violencia-en-las-calles-de-colombia","status":"publish","type":"post","link":"https:\/\/diarioelpopular.com\/index.php\/2021\/05\/05\/ivan-duque-tiende-la-mano-a-los-manifestantes-para-frenar-la-violencia-en-las-calles-de-colombia\/","title":{"rendered":"Iv\u00e1n Duque tiende la mano a los manifestantes para frenar la violencia en las calles de Colombia"},"content":{"rendered":"<div id=\"attachment_497547\" style=\"width: 646px\" class=\"wp-caption alignnone\"><img loading=\"lazy\" decoding=\"async\" aria-describedby=\"caption-attachment-497547\" class=\"size-custom-full-size wp-image-497547\" src=\"https:\/\/diarioelpopular.com\/wp-content\/uploads\/2021\/05\/OJQWPUIOUOMIVS2FSLQKQG3L7U-636x402.jpg\" alt=\"\" width=\"636\" height=\"402\" srcset=\"https:\/\/diarioelpopular.com\/wp-content\/uploads\/2021\/05\/OJQWPUIOUOMIVS2FSLQKQG3L7U-636x402.jpg 636w, https:\/\/diarioelpopular.com\/wp-content\/uploads\/2021\/05\/OJQWPUIOUOMIVS2FSLQKQG3L7U-300x190.jpg 300w, https:\/\/diarioelpopular.com\/wp-content\/uploads\/2021\/05\/OJQWPUIOUOMIVS2FSLQKQG3L7U-768x486.jpg 768w, https:\/\/diarioelpopular.com\/wp-content\/uploads\/2021\/05\/OJQWPUIOUOMIVS2FSLQKQG3L7U-85x55.jpg 85w, https:\/\/diarioelpopular.com\/wp-content\/uploads\/2021\/05\/OJQWPUIOUOMIVS2FSLQKQG3L7U-115x73.jpg 115w, https:\/\/diarioelpopular.com\/wp-content\/uploads\/2021\/05\/OJQWPUIOUOMIVS2FSLQKQG3L7U.jpg 828w\" sizes=\"auto, (max-width: 636px) 100vw, 636px\" \/><p id=\"caption-attachment-497547\" class=\"wp-caption-text\"><br \/><em>Un hombre mira a trav\u00e9s de una ventana rota de una comisar\u00eda destrozada luego de una protesta en Bogot\u00e1, el 5 de mayo.<\/em><br \/><em>LUISA GONZALEZ \/ REUTERS<\/em><\/p><\/div>\n<h4 class=\"a_st font_secondary color_gray_dark \"><em><strong>Bogot\u00e1 vive una noche de enfrentamientos con m\u00e1s de 70 manifestantes y 19 polic\u00edas heridos<\/strong><\/em><\/h4>\n<p><a href=\"https:\/\/elpais.com\/noticias\/ivan-duque-marquez\/\">Iv\u00e1n Duque<\/a> intenta recuperar la iniciativa pol\u00edtica. El presidente de Colombia ha ofrecido un di\u00e1logo a los organizadores de las protestas que desde hace una semana han tomado las calles para mostrar su descontento con el Gobierno y la situaci\u00f3n por la que atraviesa el pa\u00eds.<\/p>\n<p><a href=\"https:\/\/elpais.com\/internacional\/2021-05-04\/la-violencia-policial-se-descontrola-en-colombia.html\"> El asesinato de manifestantes a manos de las fuerzas de seguridad<\/a> y el ataque vand\u00e1lico de encapuchados contra tiendas, bancos y comisar\u00edas de polic\u00eda ha disparado la tensi\u00f3n al m\u00e1ximo. El pa\u00eds lleva una semana congelado, con ciudades y carreteras bloqueadas y comercios con la persiana bajada.<\/p>\n<p class=\"\">El Gobierno ha recurrido a una frase de \u00c1lvaro G\u00f3mez Hurtado, un hist\u00f3rico dirigente conservador asesinado en Bogot\u00e1 en 1995, para acercarse a los l\u00edderes de las protestas: \u201cUn acuerdo sobre lo fundamental\u201d. Es decir, un m\u00ednimo desde donde construir un di\u00e1logo que ayude a unir a la sociedad colombiana. \u201cNo soy una persona de sesgos\u201d, ha dicho Duque en <i>Blu Radio<\/i>. \u201cMuchas personas me dec\u00edan que si me reunir\u00eda con <a href=\"https:\/\/elpais.com\/noticias\/rodrigo-londono-echeverri\/\">Timochenko\u00a0<\/a>(exguerrillero de las FARC que se atuvo al proceso de paz). Si lo he hecho con \u00e9l, \u00bfc\u00f3mo no me voy a reunir con otros dirigentes pol\u00edticos? Los espacios de conversaci\u00f3n uno no los puede cercenar\u201d.<\/p>\n<div class=\"f f__v video_player | clearfix relative  \">\n<div class=\"pointer  \"><img decoding=\"async\" class=\"video-placeholder\" src=\"https:\/\/imagenes.elpais.com\/resizer\/TMA3-6CbnujXhxoa02gB73qKG2w=\/828x0\/cloudfront-eu-central-1.images.arcpublishing.com\/prisa\/6Q6IRM4HTVDZHHINZPALQYAQNQ.jpg\" \/><\/p>\n<div id=\"video_20210505112616183\" class=\"player | relative z_index_1\" tabindex=\"0\"><\/div>\n<\/div>\n<div class=\"row\">\n<div class=\"f_c | border_1 border_bottom border_gray_ultra_light_warm padding_vertical text_align_right color_gray_medium  width_full\"><em>En v\u00eddeo, Iv\u00e1n Duque, el presidente de Colombia, ha convocado este mi\u00e9rcoles al di\u00e1logo \u201csin diferencias ideol\u00f3gicas\u201d ante las protestas. <span class=\"f_a | color_black uppercase author light\">EFE \/ PRESIDENCIA DE COLOMBIA<\/span><\/em><\/div>\n<\/div>\n<\/div>\n<p class=\"\">El emisario de Duque para materializar este acercamiento con los l\u00edderes de la protesta es Miguel Ceballos, Alto Comisionado para la Paz. Por tel\u00e9fono, Ceballos asegura que su misi\u00f3n principal es detener la violencia que, por ahora, le ha costado la vida a 20 personas y ha herido a m\u00e1s de 800. El director de la polic\u00eda, el general Vargas, asegura que no le ha dado a sus hombres la orden de disparar, aunque se ha documentado que algunos de ellos han disparado a matar a manifestantes desarmados. \u201cNo m\u00e1s violencia, no queremos que haya abusos policiales ni de manifestantes contra sociedad civil o las fuerzas del orden\u201d, cuenta.<\/p>\n<p class=\"\">Las protestas arrancaron hace una semana para pedir la retirada de la<a href=\"https:\/\/elpais.com\/internacional\/2021-05-02\/el-presidente-de-colombia-retira-la-reforma-tributaria.html\">reforma tributaria<\/a>, una subida de impuestos con la que el Gobierno quer\u00eda tapar el agujero que hab\u00eda dejado la pandemia en las arcas. Los expertos econ\u00f3micos defend\u00edan este ajuste fiscal como mecanismo para distribuir mejor la riqueza, entre otras cosas. Al cuarto d\u00eda de choques en las calles, con<a href=\"https:\/\/elpais.com\/internacional\/2021-05-02\/duque-saca-los-militares-a-la-calle-para-contener-las-protestas-contra-la-reforma-tributaria.html\">el ej\u00e9rcito patrullando las ciudades<\/a>, el presidente retir\u00f3 la reforma y <a href=\"https:\/\/elpais.com\/internacional\/2021-05-03\/dimite-el-ministro-de-hacienda-de-colombia-que-promovio-la-reforma-tributaria.html\">dej\u00f3 caer al ministro de Hacienda<\/a> que la hab\u00eda impulsado. Esas decisiones no calmaron las aguas. La herida de Colombia es m\u00e1s profunda que un simple proyecto de ley que no ha llegado a ser tramitado en el Congreso. Por eso, Ceballos, dentro de este di\u00e1logo, considera que es fundamental para apaciguar la crisis acelerar la vacunaci\u00f3n, reactivar la econom\u00eda y ofrecer educaci\u00f3n universitaria gratuita a personas de bajos recursos.<\/p>\n<p class=\"\">Esos j\u00f3venes a los que el Duque trata de contentar ahora han sido los protagonistas de esta crisis, para bien y para mal. Ellos han liderado las cr\u00edticas contra el Gobierno, contra un presidente con el que no se sienten identificados pese a ser el m\u00e1s joven que ha gobernado nunca en Colombia. Duque acabar\u00e1 de cumplir 46 a\u00f1os el d\u00eda que abandone la presidencia dentro de 15 meses. Pero los j\u00f3venes tambi\u00e9n han puesto los muertos. Algunas de las v\u00edctimas apenas eran unos adolescentes.<\/p>\n<p class=\"\">En Cali, una ciudad bloqueada durante varios d\u00edas por tierra y por aire, se han producido muchos enfrentamientos entre j\u00f3venes y polic\u00edas en los barrios m\u00e1s marginales. Chavales sin estudios, sin empleo y sin un futuro claro. Cinco de ellos murieron la noche del martes. En redes sociales se ha hecho viral el<i>hashtag<\/i> #Nosest\u00e1nmatando.<\/p>\n<p class=\"\">Los disturbios m\u00e1s importantes del mi\u00e9rcoles, sin embargo, tuvieron lugar en Bogot\u00e1, la capital. La alcaldesa, Claudia L\u00f3pez, se\u00f1al\u00f3 que la escalada de violencia \u201cfue brutal\u201d. Hay m\u00e1s de 70 manifestantes y 19 polic\u00edas heridos. Un centro de atenci\u00f3n inmediata, peque\u00f1as estaciones de polic\u00eda dispersas por los barrios, fue incendiado con diez agentes en su interior. Esos lugares suelen ser el blanco de los manifestantes porque un joven fue asesinado ah\u00ed por la polic\u00eda el a\u00f1o pasado.<\/p>\n<p class=\"\">Mientras tanto, Duque busca aplacar la furia acerc\u00e1ndose a ellos. El d\u00eda que tumb\u00f3 la reforma tributaria, el proyecto estelar de su mandato, <a href=\"https:\/\/elpais.com\/internacional\/2021-05-03\/duque-trata-de-impulsar-una-nueva-reforma-tributaria-en-colombia.html\">dijo que tratar\u00eda de levantar una nueva con m\u00e1s consenso. <\/a>No ha podido ponerse a ello. Seg\u00fan quienes le rodean, duerme poco y est\u00e1 pendiente de ese di\u00e1logo que copar\u00e1 la agenda de su Gobierno las dos pr\u00f3ximas semanas y de los focos de violencia. Antes de salvar la tributaria debe apaciguar las calles del pa\u00eds.<\/p>\n","protected":false},"excerpt":{"rendered":"<p>Bogot\u00e1 vive una noche de enfrentamientos con m\u00e1s de 70 manifestantes y 19 polic\u00edas heridos Iv\u00e1n Duque intenta recuperar la iniciativa pol\u00edtica. El presidente de&hellip;<\/p>\n","protected":false},"author":99,"featured_media":497547,"comment_status":"open","ping_status":"open","sticky":false,"template":"","format":"standard","meta":{"footnotes":""},"categories":[23],"tags":[],"class_list":["post-497546","post","type-post","status-publish","format-standard","has-post-thumbnail","hentry","category-latinoamerica"],"_links":{"self":[{"href":"https:\/\/diarioelpopular.com\/index.php\/wp-json\/wp\/v2\/posts\/497546","targetHints":{"allow":["GET"]}}],"collection":[{"href":"https:\/\/diarioelpopular.com\/index.php\/wp-json\/wp\/v2\/posts"}],"about":[{"href":"https:\/\/diarioelpopular.com\/index.php\/wp-json\/wp\/v2\/types\/post"}],"author":[{"embeddable":true,"href":"https:\/\/diarioelpopular.com\/index.php\/wp-json\/wp\/v2\/users\/99"}],"replies":[{"embeddable":true,"href":"https:\/\/diarioelpopular.com\/index.php\/wp-json\/wp\/v2\/comments?post=497546"}],"version-history":[{"count":1,"href":"https:\/\/diarioelpopular.com\/index.php\/wp-json\/wp\/v2\/posts\/497546\/revisions"}],"predecessor-version":[{"id":497548,"href":"https:\/\/diarioelpopular.com\/index.php\/wp-json\/wp\/v2\/posts\/497546\/revisions\/497548"}],"wp:featuredmedia":[{"embeddable":true,"href":"https:\/\/diarioelpopular.com\/index.php\/wp-json\/wp\/v2\/media\/497547"}],"wp:attachment":[{"href":"https:\/\/diarioelpopular.com\/index.php\/wp-json\/wp\/v2\/media?parent=497546"}],"wp:term":[{"taxonomy":"category","embeddable":true,"href":"https:\/\/diarioelpopular.com\/index.php\/wp-json\/wp\/v2\/categories?post=497546"},{"taxonomy":"post_tag","embeddable":true,"href":"https:\/\/diarioelpopular.com\/index.php\/wp-json\/wp\/v2\/tags?post=497546"}],"curies":[{"name":"wp","href":"https:\/\/api.w.org\/{rel}","templated":true}]}}