{"id":497566,"date":"2021-05-06T12:21:24","date_gmt":"2021-05-06T16:21:24","guid":{"rendered":"https:\/\/diarioelpopular.com\/?p=497566"},"modified":"2021-05-06T12:21:24","modified_gmt":"2021-05-06T16:21:24","slug":"otro-dia-de-protestas-en-colombia","status":"publish","type":"post","link":"https:\/\/diarioelpopular.com\/index.php\/2021\/05\/06\/otro-dia-de-protestas-en-colombia\/","title":{"rendered":"Otro d\u00eda de protestas en Colombia"},"content":{"rendered":"<div id=\"attachment_497567\" style=\"width: 160px\" class=\"wp-caption alignnone\"><img loading=\"lazy\" decoding=\"async\" aria-describedby=\"caption-attachment-497567\" class=\"size-thumbnail wp-image-497567\" src=\"https:\/\/diarioelpopular.com\/wp-content\/uploads\/2021\/05\/fb8135ff59298cfc9781fa60403552e1-150x150.jpg\" alt=\"\" width=\"150\" height=\"150\" \/><p id=\"caption-attachment-497567\" class=\"wp-caption-text\"><br \/><em>Protestas antigubernamentales en Bogot\u00e1<\/em><br \/><em>(foto: EPA)<\/em><\/p><\/div>\n<h4><em><strong>Congresistas de oposici\u00f3n denuncian sospechoso bloqueo Internet<\/strong><\/em><\/h4>\n<p><em><strong>BOGOTA 6 MAY<\/strong><\/em> &#8211; Ni las lluvias, ni el fr\u00edo lograron disolver este mi\u00e9rcoles las marchas en Bogot\u00e1, epicentro de la protesta nacional contra el gobierno de Iv\u00e1n Duque, que volvieron a ser masivas; mientras que en ciudades como Cali, Medell\u00edn y Barranquilla hubo marchas y en algunos casos enfrentamientos entre manifestantes y polic\u00edas.<br \/>\nCon las de hoy se completaron ocho d\u00edas continuos de manifestaciones en el pa\u00eds, en las que 24 personas han perdido la vida, seg\u00fan la Defensor\u00eda del Pueblo, mientras que cientos -entre civiles y polic\u00edas- han resultado heridos, sin contar con los destrozos y da\u00f1os a autobuses, a peque\u00f1as estaciones policiales y a bancos.<br \/>\nEn la jornada de este mi\u00e9rcoles un grupo de manifestantes intent\u00f3 derribar las vallas que resguardaban el Capitolio lo que provoc\u00f3 la intervenci\u00f3n de la polic\u00eda antimotines que disolvi\u00f3 la protesta, que era una de varias que se realizaron en Bogot\u00e1 y que esta noche se manten\u00edan en algunas zonas.<br \/>\nEn precauci\u00f3n, la Alcald\u00eda suspendi\u00f3 el sistema de transporte p\u00fablico en la tarde, mientras los comercios cerraron sus puertas mucho m\u00e1s temprano previendo posibles actos violentos y ante la falta de autobuses.<br \/>\nEn Medell\u00edn (noroeste) la gran marcha se cit\u00f3 en la plaza de Los Deseos, centro de la ciudad, a donde acudieron miles de j\u00f3venes con banderas y pancartas, acompa\u00f1ados con m\u00fasica y sin alteraciones del orden p\u00fablico.<br \/>\nEn Cali (suroeste), junto con Bogot\u00e1 las ciudades m\u00e1s afectadas por actos violentos, las manifestaciones fueron pac\u00edficas, se llevaron a cabo en 20 lugares, mientras la alcald\u00eda en compa\u00f1\u00eda de la Defensor\u00eda lograron habilitar pasos a las entradas de esa urbe para el paso de camiones con suministros, medicamentos y bienes.<br \/>\nEn Barranquilla, las protestas transcurr\u00edan en tranquilidad hasta que se registr\u00f3 un enfrentamiento entre manifestantes y la polic\u00eda antimotines. En los hechos un joven se golpe\u00f3 la cabeza, tras recibir el impacto de un chorro de agua lanzado por una tanqueta oficial y debi\u00f3 ser remitido a un centro hospitalario bajo pron\u00f3stico reservado.<br \/>\nFrancisco Malt\u00e9s, presidente de la Central Unitaria de Trabajadores (CUT) y uno de los voceros de Comit\u00e9 Nacional de Paro, pidi\u00f3 al presidente, Iv\u00e1n Duque, parar &#8220;la matanza contra la protesta pacifica&#8221;, en un mensaje en sus redes sociales, en el que tambi\u00e9n pregunt\u00f3 si era cierto que el jefe de Estado estaba pr\u00f3ximo a decretar el estado de conmoci\u00f3n.<br \/>\nEl mandatario desliz\u00f3 que no cerraba la puerta a esa posibilidad, que es un recurso extraordinario que permite la Constituci\u00f3n en caso de grave afectaci\u00f3n del orden p\u00fablico y en el que se suspenden algunos derechos civiles.<br \/>\n&#8220;No estoy diciendo que lo voy a hacer, ni que es inminente, estoy diciendo que no renunciamos a ninguna herramienta que nos d\u00e9 la Constituci\u00f3n y la ley para proteger a los ciudadanos&#8221;, afirm\u00f3 hoy Duque a Blu Radio.<br \/>\nEntre tanto, un grupo de congresistas de oposici\u00f3n, enviaron una carta a Comisi\u00f3n Interamericana de Derechos Humanos (CIDH), la OEA y la Uni\u00f3n Internacional de Telecomunicaciones (UIT) en la que denunciaba el &#8220;bloqueo y la ca\u00edda de la se\u00f1al de Internet en varias regiones de Colombia&#8221;, durante la noche del martes y la madrugada de este mi\u00e9rcoles.<br \/>\nCitaron como ejemplo de su denuncia la versi\u00f3n dada a conocer por parte de la organizaci\u00f3n Netblocks.org que confirm\u00f3 de una p\u00e9rdida de la se\u00f1al de Internet en zonas de Cali, donde anoche se registraron actos de violencia, en los que habr\u00edan estado involucrados polic\u00edas.<br \/>\nA trav\u00e9s de redes sociales se han evidenciado los desafueros de la polic\u00eda, instituci\u00f3n que abri\u00f3 una veintena de investigaciones preliminares para establecer responsabilidades sobre denuncias de violencia de los uniformados en el marco de las protestas.<br \/>\n&#8220;Hacemos un llamado para que se investigue sobre una posible censura y bloqueos para la transici\u00f3n de informaci\u00f3n verazmente y oportuna que se realiz\u00f3 en los momentos m\u00e1s cr\u00edticos de los ataques de la fuerza p\u00fablica&#8221;, dijeron en su carta los legisladores, que reclamaron a estas instituciones que se documente su denuncia.<\/p>\n","protected":false},"excerpt":{"rendered":"<p>Congresistas de oposici\u00f3n denuncian sospechoso bloqueo Internet BOGOTA 6 MAY &#8211; Ni las lluvias, ni el fr\u00edo lograron disolver este mi\u00e9rcoles las marchas en Bogot\u00e1,&hellip;<\/p>\n","protected":false},"author":99,"featured_media":497567,"comment_status":"open","ping_status":"open","sticky":false,"template":"","format":"standard","meta":{"footnotes":""},"categories":[23],"tags":[],"class_list":["post-497566","post","type-post","status-publish","format-standard","has-post-thumbnail","hentry","category-latinoamerica"],"_links":{"self":[{"href":"https:\/\/diarioelpopular.com\/index.php\/wp-json\/wp\/v2\/posts\/497566","targetHints":{"allow":["GET"]}}],"collection":[{"href":"https:\/\/diarioelpopular.com\/index.php\/wp-json\/wp\/v2\/posts"}],"about":[{"href":"https:\/\/diarioelpopular.com\/index.php\/wp-json\/wp\/v2\/types\/post"}],"author":[{"embeddable":true,"href":"https:\/\/diarioelpopular.com\/index.php\/wp-json\/wp\/v2\/users\/99"}],"replies":[{"embeddable":true,"href":"https:\/\/diarioelpopular.com\/index.php\/wp-json\/wp\/v2\/comments?post=497566"}],"version-history":[{"count":1,"href":"https:\/\/diarioelpopular.com\/index.php\/wp-json\/wp\/v2\/posts\/497566\/revisions"}],"predecessor-version":[{"id":497568,"href":"https:\/\/diarioelpopular.com\/index.php\/wp-json\/wp\/v2\/posts\/497566\/revisions\/497568"}],"wp:featuredmedia":[{"embeddable":true,"href":"https:\/\/diarioelpopular.com\/index.php\/wp-json\/wp\/v2\/media\/497567"}],"wp:attachment":[{"href":"https:\/\/diarioelpopular.com\/index.php\/wp-json\/wp\/v2\/media?parent=497566"}],"wp:term":[{"taxonomy":"category","embeddable":true,"href":"https:\/\/diarioelpopular.com\/index.php\/wp-json\/wp\/v2\/categories?post=497566"},{"taxonomy":"post_tag","embeddable":true,"href":"https:\/\/diarioelpopular.com\/index.php\/wp-json\/wp\/v2\/tags?post=497566"}],"curies":[{"name":"wp","href":"https:\/\/api.w.org\/{rel}","templated":true}]}}