{"id":497587,"date":"2021-05-07T11:22:00","date_gmt":"2021-05-07T15:22:00","guid":{"rendered":"https:\/\/diarioelpopular.com\/?p=497587"},"modified":"2021-05-07T11:22:00","modified_gmt":"2021-05-07T15:22:00","slug":"el-papa-envia-videomensaje-por-el-dia-de-la-virgen-de-lujan","status":"publish","type":"post","link":"https:\/\/diarioelpopular.com\/index.php\/2021\/05\/07\/el-papa-envia-videomensaje-por-el-dia-de-la-virgen-de-lujan\/","title":{"rendered":"El papa env\u00eda videomensaje por el d\u00eda de la Virgen de Luj\u00e1n"},"content":{"rendered":"<div id=\"attachment_497588\" style=\"width: 310px\" class=\"wp-caption alignnone\"><img loading=\"lazy\" decoding=\"async\" aria-describedby=\"caption-attachment-497588\" class=\"size-medium wp-image-497588\" src=\"https:\/\/diarioelpopular.com\/wp-content\/uploads\/2021\/05\/1.5322b05695fb974048c41ceda906ab1c-300x166.gif\" alt=\"\" width=\"300\" height=\"166\" srcset=\"https:\/\/diarioelpopular.com\/wp-content\/uploads\/2021\/05\/1.5322b05695fb974048c41ceda906ab1c-300x166.gif 300w, https:\/\/diarioelpopular.com\/wp-content\/uploads\/2021\/05\/1.5322b05695fb974048c41ceda906ab1c-768x426.gif 768w, https:\/\/diarioelpopular.com\/wp-content\/uploads\/2021\/05\/1.5322b05695fb974048c41ceda906ab1c-636x352.gif 636w, https:\/\/diarioelpopular.com\/wp-content\/uploads\/2021\/05\/1.5322b05695fb974048c41ceda906ab1c-132x73.gif 132w\" sizes=\"auto, (max-width: 300px) 100vw, 300px\" \/><p id=\"caption-attachment-497588\" class=\"wp-caption-text\"><br \/><em>Virgen de Luj\u00e1n<\/em><\/p><\/div>\n<p><em><strong>CIUDAD DEL VATICANO, 07 MAY &#8211;<\/strong> <\/em>El papa Francisco se dirigi\u00f3 al pueblo argentino en un videomensaje enviado en v\u00edsperas de la fiesta de Nuestra Se\u00f1ora de Luj\u00e1n, patrona de la Argentina, que se celebra este 8 de mayo.<br \/>\n&#8220;Mes de mayo, mes de Mar\u00eda, 8 de mayo, miro a Luj\u00e1n&#8221;, dijo Francisco.<br \/>\n&#8220;Deseo estar cerca de ustedes este viernes 7, en las vigilis, donde todos ustedes obispos se reunir\u00e1n para recitar el Rosario por la salud del pueblo argentino. Desde aqu\u00ed los acompa\u00f1o&#8221;, agreg\u00f3.<br \/>\n&#8220;Y tambi\u00e9n este s\u00e1bado 8, cuando sea la conexi\u00f3n con el Rosario del santuario que se realizar\u00e1 ese d\u00eda a las 13.00 y a las 19.00, con la misa del cambio de manto. En esa misa ser\u00e1n convocados para preparar juntos el novenario de 2030 para celebrar los 400 a\u00f1os del milagro&#8221;, observ\u00f3.<br \/>\n&#8220;Es un camino muy largo, pero que pasa r\u00e1pidamente, hay que hacerlo. Un camino de memoria de lo que la Virgen hizo all\u00ed, quiso quedarse all\u00ed. Un camino de memoria, de tantos a\u00f1os y a\u00f1os de peregrinaciones, de b\u00fasquedas, de milagros, de hijas e hijos que caminan para ver a la madre&#8221;, explic\u00f3.<br \/>\n&#8220;Recuerden todo lo que la Virgen hizo en nuestra patria.\u00a0D\u00e9jense acompa\u00f1ar por ella y acomp\u00e1\u00f1enla en su camino Que Dios bendiga a todos y que la Virgen los custodie. Y por favor, no olviden de rezar por m\u00ed&#8221;, concluy\u00f3.<\/p>\n","protected":false},"excerpt":{"rendered":"<p>CIUDAD DEL VATICANO, 07 MAY &#8211; El papa Francisco se dirigi\u00f3 al pueblo argentino en un videomensaje enviado en v\u00edsperas de la fiesta de Nuestra&hellip;<\/p>\n","protected":false},"author":99,"featured_media":497588,"comment_status":"open","ping_status":"open","sticky":false,"template":"","format":"standard","meta":{"footnotes":""},"categories":[23],"tags":[],"class_list":["post-497587","post","type-post","status-publish","format-standard","has-post-thumbnail","hentry","category-latinoamerica"],"_links":{"self":[{"href":"https:\/\/diarioelpopular.com\/index.php\/wp-json\/wp\/v2\/posts\/497587","targetHints":{"allow":["GET"]}}],"collection":[{"href":"https:\/\/diarioelpopular.com\/index.php\/wp-json\/wp\/v2\/posts"}],"about":[{"href":"https:\/\/diarioelpopular.com\/index.php\/wp-json\/wp\/v2\/types\/post"}],"author":[{"embeddable":true,"href":"https:\/\/diarioelpopular.com\/index.php\/wp-json\/wp\/v2\/users\/99"}],"replies":[{"embeddable":true,"href":"https:\/\/diarioelpopular.com\/index.php\/wp-json\/wp\/v2\/comments?post=497587"}],"version-history":[{"count":1,"href":"https:\/\/diarioelpopular.com\/index.php\/wp-json\/wp\/v2\/posts\/497587\/revisions"}],"predecessor-version":[{"id":497589,"href":"https:\/\/diarioelpopular.com\/index.php\/wp-json\/wp\/v2\/posts\/497587\/revisions\/497589"}],"wp:featuredmedia":[{"embeddable":true,"href":"https:\/\/diarioelpopular.com\/index.php\/wp-json\/wp\/v2\/media\/497588"}],"wp:attachment":[{"href":"https:\/\/diarioelpopular.com\/index.php\/wp-json\/wp\/v2\/media?parent=497587"}],"wp:term":[{"taxonomy":"category","embeddable":true,"href":"https:\/\/diarioelpopular.com\/index.php\/wp-json\/wp\/v2\/categories?post=497587"},{"taxonomy":"post_tag","embeddable":true,"href":"https:\/\/diarioelpopular.com\/index.php\/wp-json\/wp\/v2\/tags?post=497587"}],"curies":[{"name":"wp","href":"https:\/\/api.w.org\/{rel}","templated":true}]}}