{"id":497590,"date":"2021-05-07T11:25:50","date_gmt":"2021-05-07T15:25:50","guid":{"rendered":"https:\/\/diarioelpopular.com\/?p=497590"},"modified":"2021-05-07T11:26:54","modified_gmt":"2021-05-07T15:26:54","slug":"quienes-son-los-mejor-y-peor-valorados-nueva-ola-del-covid-19-pone-a-prueba-la-imagen-de-los-lideres-de-america","status":"publish","type":"post","link":"https:\/\/diarioelpopular.com\/index.php\/2021\/05\/07\/quienes-son-los-mejor-y-peor-valorados-nueva-ola-del-covid-19-pone-a-prueba-la-imagen-de-los-lideres-de-america\/","title":{"rendered":"\u00bfQui\u00e9nes son los mejor y peor valorados? Nueva ola del Covid-19 pone a prueba la imagen de los l\u00edderes de Am\u00e9rica"},"content":{"rendered":"<p>&nbsp;<\/p>\n<div id=\"attachment_497594\" style=\"width: 310px\" class=\"wp-caption alignnone\"><img loading=\"lazy\" decoding=\"async\" aria-describedby=\"caption-attachment-497594\" class=\"size-medium wp-image-497594\" src=\"https:\/\/diarioelpopular.com\/wp-content\/uploads\/2021\/05\/1.presidentes-300x169.gif\" alt=\"\" width=\"300\" height=\"169\" srcset=\"https:\/\/diarioelpopular.com\/wp-content\/uploads\/2021\/05\/1.presidentes-300x169.gif 300w, https:\/\/diarioelpopular.com\/wp-content\/uploads\/2021\/05\/1.presidentes-768x432.gif 768w, https:\/\/diarioelpopular.com\/wp-content\/uploads\/2021\/05\/1.presidentes-1200x675.gif 1200w, https:\/\/diarioelpopular.com\/wp-content\/uploads\/2021\/05\/1.presidentes-636x358.gif 636w, https:\/\/diarioelpopular.com\/wp-content\/uploads\/2021\/05\/1.presidentes-130x73.gif 130w\" sizes=\"auto, (max-width: 300px) 100vw, 300px\" \/><p id=\"caption-attachment-497594\" class=\"wp-caption-text\"><em>Los presidentes Alberto Fern\u00e1ndez, Jair Bolsonaro, Sebasti\u00e1n Pi\u00f1era, Lenin Moreno y Nayib Bukele.<\/em><\/p><\/div>\n<p><em><strong>La gesti\u00f3n de la pandemia y el suministro de vacunas inciden en la imagen de todos los mandatarios, en una regi\u00f3n signada por la polarizaci\u00f3n y los problemas econ\u00f3micos.<\/strong><\/em><\/p>\n<p>Buena parte de Am\u00e9rica Latina se encuentra sacudida como nunca antes por la segunda ola del coronavirus. Con un importante repunte de infectados y muertes, y ante la aparici\u00f3n de nuevas cepas del virus, m\u00e1s contagiosas y da\u00f1inas, son varios los gobiernos que han tenido que restringir nuevamente las libertades de circulaci\u00f3n, una medida impopular que afecta gravemente la econom\u00eda.<\/p>\n<p>Para peor, el continente ha quedado relegado en la distribuci\u00f3n mundial de vacunas contra el covid-19, y en esa disputa cada gesti\u00f3n se pone a prueba a la hora de conseguir el tan preciado ant\u00eddoto para iniciar, cuanto antes, la marcha de una ansiada &#8216;nueva normalidad&#8217;.<\/p>\n<p>Sin embargo, la crisis socioecon\u00f3mica que causa la pandemia arrastra hacia abajo la imagen de gobiernos que han sido ponderados por su exitoso plan de vacunaci\u00f3n, como es el caso de Chile, mientras que en algunos pa\u00edses el descr\u00e9dito por el Gobierno no logra ser apuntalado por el n\u00famero de dosis aplicadas, tal como ocurre en una convulsionada Colombia.<\/p>\n<p>En Argentina, en cambio, el desempe\u00f1o de Alberto Fern\u00e1ndez suma m\u00e1s apoyo entre las personas vacunadas que entre aquellas que no lo est\u00e1n. Y en Brasil, el negacionismo de Bolsonaro ha impactado con fuerza en la valoraci\u00f3n de su gesti\u00f3n.<\/p>\n<p><strong>Chile: El descontento social<\/strong><\/p>\n<p>Pasado un a\u00f1o y dos meses desde que se detect\u00f3 el primer caso de la enfermedad en Am\u00e9rica Latina, Chile, que logr\u00f3 avanzar como ning\u00fan otro de sus vecinos en la vacunaci\u00f3n de sus habitantes \u2013el 45 % de su poblaci\u00f3n ha completado el proceso de inmunizaci\u00f3n\u2013, mantiene en niveles bajos la popularidad de su presidente, Sebasti\u00e1n Pi\u00f1era.<\/p>\n<p>La gesti\u00f3n del mandatario tiene una aprobaci\u00f3n del 9 %, un 74 % de rechazo y otro 15 % no aprueba ni desaprueba, seg\u00fan revel\u00f3 una reciente encuesta del Centro de Estudios P\u00fablicos (CEP).<\/p>\n<p>El presidente apenas pudo cosechar un 3 % de aprobaci\u00f3n respecto de la \u00faltima medici\u00f3n de la CEP, datada de enero de 2019, cuando, a cuatro meses del estallido social, alcanz\u00f3 su m\u00ednimo hist\u00f3rico de 6 %.<\/p>\n<p>La \u00faltima acci\u00f3n de Pi\u00f1era que reaviv\u00f3 la llama del descontento popular ocurri\u00f3 la semana pasada. El l\u00edder de la coalici\u00f3n Chile Vamos recurri\u00f3 al Tribunal Constitucional (TC) para intentar frenar el proyecto de tercer retiro del 10 % de fondos de pensiones (AFP), una medida de emergencia que tuvo por objetivo dar soporte al golpeado bolsillo de los chilenos. Pi\u00f1era la promulg\u00f3 a rega\u00f1adientes tras la derrota en el TC y en el Congreso, donde el proyecto cont\u00f3 incluso con votos de su propio espacio.<\/p>\n<p>La calle se hab\u00eda hecho sentir. Cuando Pi\u00f1era anunci\u00f3 que recurrir\u00eda al Tribunal Constitucional, hubo cacerolazos, protestas y varios incidentes, principalmente en la capital, Santiago. A pesar de que el tercer retiro ya es un hecho, el 61 % de los chilenos piensa que el jefe de Estado recurri\u00f3 al TC para proteger las inversiones de las empresas de AFP en el sistema financiero, seg\u00fan una encuesta de Data Influye.<\/p>\n<p><strong>Argentina: La incidencia de las vacunas<\/strong><\/p>\n<p>En Argentina, que en las \u00faltimas semana ha registrado cifras r\u00e9cord de contagios y fallecidos, tensionando la capacidad hospitalaria, la aprobaci\u00f3n de la gesti\u00f3n del presidente Alberto Fern\u00e1ndez frente a la pandemia est\u00e1 en su nivel m\u00e1s pobre. Un 45 % la ve positiva y un 50 % la considera mala.<\/p>\n<p>Sin embargo, el apoyo crece de manera significativa entre las personas que recibieron al menos una dosis de las vacunas contra el coronavirus, segmento en el cual el 53 % tiene una valoraci\u00f3n positiva, y 47 % negativa, seg\u00fan un estudio de Opinaia publicado por La Naci\u00f3n.<\/p>\n<p>La expectativa del Gobierno por conseguir m\u00e1s vacunas y mejorar el ritmo del plan de inoculaci\u00f3n, se ve a diario. Y m\u00e1s all\u00e1 de las necesidades l\u00f3gicas de superar esta segunda ola, la llegada de m\u00e1s ant\u00eddotos ayuda a mejorar la imagen de su gesti\u00f3n, m\u00e1xime teniendo en cuenta que en octubre habr\u00e1 elecciones legislativas.<\/p>\n<p>La semana pasada, el propio Alberto Fern\u00e1ndez asisti\u00f3 al Aeropuerto de Ezeiza a recibir un vuelo proveniente de China, con un mill\u00f3n de dosis de la vacuna Sinopharm. Adem\u00e1s, hace dos semanas el pa\u00eds se convirti\u00f3 en el primero de Am\u00e9rica Latina en producir la vacuna Spuntik V contra el covid-19, que podr\u00eda realizarse de forma masiva a partir de junio.<\/p>\n<p><strong>Ecuador: Un fin de ciclo con baja aprobaci\u00f3n<\/strong><\/p>\n<p>Ya en sus \u00faltimos d\u00edas en el poder, Len\u00edn Moreno dejar\u00e1 la Presidencia de Ecuador con un 8 % de respaldo popular, posicion\u00e1ndose en el \u00faltimo lugar del r\u00e1nking de imagen presidencial de Am\u00e9rica Latina elaborado por la Fundaci\u00f3n Directorio Legislativo.<\/p>\n<p>En una naci\u00f3n sensiblemente polarizada entre corre\u00edstas y anticorre\u00edstas, Moreno no genera simpat\u00eda en ninguno de los dos bandos.<\/p>\n<p>Y el presidente electo, el banquero Guillermo Lasso, iniciar\u00e1 su mandato el pr\u00f3ximo 24 de mayo con varios desaf\u00edos: superar la crisis econ\u00f3mica, acelerar el proceso de vacunaci\u00f3n \u2013apenas un 3 % de la poblaci\u00f3n est\u00e1 inmunizada\u2013 y reducir los contagios para recuperar el sistema hospitalario, que en algunas ciudades como Quito est\u00e1 con el 100 % de ocupaci\u00f3n de camas en unidades de cuidados intensivos.<\/p>\n<p>Todo esto, sin un respaldo claro de los ecuatorianos, dato que sobresale al observar que en la primera vuelta de las elecciones, Lasso cosech\u00f3 solamente el 32 % de los votos.<\/p>\n<p><strong>Duque, en su peor momento<\/strong><\/p>\n<p>En medio de un clima caliente tras siete jornadas consecutivas de protestas, que comenzaron con el proyecto de reforma tributaria, la aprobaci\u00f3n del presidente Iv\u00e1n Duque se deteriora con fuerza y est\u00e1 en uno de sus peores momentos desde que inici\u00f3 su mandato, en agosto de 2018.<\/p>\n<p>A un a\u00f1o de las pr\u00f3ximas elecciones, solo un 33,1 % avala su gesti\u00f3n, seg\u00fan una encuesta de Invamer publicada por Valora Anal\u00edtica. Sin poder resolver el problema de la creciente violencia, con inestabilidad fiscal y atravesando la &#8220;tercera ola&#8221; del coronavirus, Duque sufri\u00f3 un derrumbe de casi 10 puntos respecto a la anterior medici\u00f3n \u2014de noviembre de 2020\u2014, cuando cosech\u00f3 una aprobaci\u00f3n del 43,6 %.<\/p>\n<p>Actualmente, la desaprobaci\u00f3n est\u00e1 en 63,2 %, mientras que en la anterior medici\u00f3n era de 51,9 %. En este caso, el desempe\u00f1o del Gobierno en relaci\u00f3n a la vacunaci\u00f3n es destacable. Ya ha inoculado a m\u00e1s de 5 millones de personas y cuenta con las dosis suficientes para inmunizar a otras 4 millones en el mes de mayo.<\/p>\n<p><strong>Bolsonaro y el &#8216;fantasma&#8217; de Lula<\/strong><\/p>\n<p>Tras pasar un a\u00f1o negando la pandemia, el presidente brasile\u00f1o Jair Bolsonaro empieza a sufrir los efectos de una cuestionada administraci\u00f3n de la salud.<\/p>\n<p>En lo que va de 2021, la evaluaci\u00f3n que la poblaci\u00f3n hace de su Gobierno empeor\u00f3 notablemente, ya que la valoraci\u00f3n de &#8216;malo&#8217; y &#8216;p\u00e9simo&#8217; pas\u00f3 de 40 % a 48 %, mientras que la calificaci\u00f3n \u00f3ptima y buena se redujo de 32 % a 27 %. As\u00ed lo demuestra el \u00faltimo sondeo de XP\/Ipespe, realizado a finales de marzo.<\/p>\n<p>En el mismo estudio, la consulta sobre la forma en que Bolsonaro est\u00e1 enfrentando la pandemia, la desaprobaci\u00f3n pas\u00f3 de 50 a 60 %, mientras que la aprobaci\u00f3n vir\u00f3 de 40 a 33 %. All\u00ed, el porcentaje de personas vacunadas con al menos una dosis alcanza al 14 % de la poblaci\u00f3n.<\/p>\n<p>La ca\u00edda de la imagen del mandatario contrasta con la buena &#8216;performance&#8217; del expresidente Luiz In\u00e1cio Lula Da Silva, quien ha recuperado la libertad y sus derechos pol\u00edticos hace poco m\u00e1s de un mes, gracias a la anulaci\u00f3n de sus condenas por presunta corrupci\u00f3n.<\/p>\n<p>El l\u00edder del PT supera a Bolsonaro en intenci\u00f3n de voto: alcanza el 29 % contra un 28 % del ultraderechista. Y la tendencia es favorable a Lula, ya que en el an\u00e1lisis anterior sumaba 25 % contra 27 % de Bolsonaro.<\/p>\n<p><strong>Nayib Bukele, el mejor evaluado<\/strong><\/p>\n<p>El Gobierno de El Salvador es el que mejor imagen tiene de toda Am\u00e9rica Latina respecto a la gesti\u00f3n de la pandemia. El 98 % de los salvadore\u00f1os aprueba a nivel general la forma en que el gobierno del presidente Nayib Bukele ha abordado la emergencia sanitaria del coronavirus, de acuerdo a un trabajo de la encuestadora CID Gallup publicada en marzo.<\/p>\n<p>En t\u00e9rminos generales, Bukele encabeza el r\u00e1nking de presidentes de Directorio Legislativo con 83 % de imagen positiva, seguido por Luis Abinader, de Rep\u00fablica Dominicana (68 %).<\/p>\n<p>Pero el mandatario &#8216;millennial&#8217; comienza a ser caracterizado como un autoritario. El domingo, hubo protestas en las calles luego de que la Asamblea Legislativa, de mayor\u00eda oficialista, destituyera a los cinco jueces de la Sala de lo Constitucional, una de las cuatro instancias que forman la Corte Suprema de Justicia, y al Fiscal General.<\/p>\n<p>Su embate a la Justicia fue considerado un &#8220;golpe&#8221; o &#8220;autogolpe&#8221; por diversas organizaciones sociales, y tambi\u00e9n despert\u00f3 fuertes cuestionamientos por parte de la comunidad internacional.<\/p>\n<p><strong>L\u00f3pez Obrador suma apoyo popular<\/strong><\/p>\n<p>Otro l\u00edder pol\u00edtico que mantiene y a\u00fan supera el apoyo popular logrado en las elecciones que lo posicionaron en la Presidencia es el jefe de Estado mexicano, Andr\u00e9s Manuel L\u00f3pez Obrador.<\/p>\n<p>Una encuesta del Centro Estrat\u00e9gico Latinoamericano de Geopol\u00edtica (CELAG) revel\u00f3 en abril que L\u00f3pez Obrador cuenta con un respaldo del 56 % de la ciudadan\u00eda, cifra que supera en tres puntos el porcentaje de votos cosechados en los comicios de 2018 (53 %).<\/p>\n<p>A pesar de ser el cuarto pa\u00eds con m\u00e1s muertes por covid-19 en el mundo, con m\u00e1s 217,000 fallecidos, dos tercios de los mexicanos eval\u00faan positivamente la campa\u00f1a de vacunaci\u00f3n que el Gobierno nacional est\u00e1 llevando a cabo para enfrentar la pandemia. Hasta ahora, el 10 % de la ciudadan\u00eda ha recibido una primera aplicaci\u00f3n.<\/p>\n","protected":false},"excerpt":{"rendered":"<p>&nbsp; La gesti\u00f3n de la pandemia y el suministro de vacunas inciden en la imagen de todos los mandatarios, en una regi\u00f3n signada por la&hellip;<\/p>\n","protected":false},"author":99,"featured_media":497591,"comment_status":"open","ping_status":"open","sticky":false,"template":"","format":"standard","meta":{"footnotes":""},"categories":[11358],"tags":[],"class_list":["post-497590","post","type-post","status-publish","format-standard","has-post-thumbnail","hentry","category-especiales"],"_links":{"self":[{"href":"https:\/\/diarioelpopular.com\/index.php\/wp-json\/wp\/v2\/posts\/497590","targetHints":{"allow":["GET"]}}],"collection":[{"href":"https:\/\/diarioelpopular.com\/index.php\/wp-json\/wp\/v2\/posts"}],"about":[{"href":"https:\/\/diarioelpopular.com\/index.php\/wp-json\/wp\/v2\/types\/post"}],"author":[{"embeddable":true,"href":"https:\/\/diarioelpopular.com\/index.php\/wp-json\/wp\/v2\/users\/99"}],"replies":[{"embeddable":true,"href":"https:\/\/diarioelpopular.com\/index.php\/wp-json\/wp\/v2\/comments?post=497590"}],"version-history":[{"count":2,"href":"https:\/\/diarioelpopular.com\/index.php\/wp-json\/wp\/v2\/posts\/497590\/revisions"}],"predecessor-version":[{"id":497595,"href":"https:\/\/diarioelpopular.com\/index.php\/wp-json\/wp\/v2\/posts\/497590\/revisions\/497595"}],"wp:featuredmedia":[{"embeddable":true,"href":"https:\/\/diarioelpopular.com\/index.php\/wp-json\/wp\/v2\/media\/497591"}],"wp:attachment":[{"href":"https:\/\/diarioelpopular.com\/index.php\/wp-json\/wp\/v2\/media?parent=497590"}],"wp:term":[{"taxonomy":"category","embeddable":true,"href":"https:\/\/diarioelpopular.com\/index.php\/wp-json\/wp\/v2\/categories?post=497590"},{"taxonomy":"post_tag","embeddable":true,"href":"https:\/\/diarioelpopular.com\/index.php\/wp-json\/wp\/v2\/tags?post=497590"}],"curies":[{"name":"wp","href":"https:\/\/api.w.org\/{rel}","templated":true}]}}