{"id":497601,"date":"2021-05-08T12:06:25","date_gmt":"2021-05-08T16:06:25","guid":{"rendered":"https:\/\/diarioelpopular.com\/?p=497601"},"modified":"2021-05-08T12:06:25","modified_gmt":"2021-05-08T16:06:25","slug":"temen-escasez-de-alimentos-por-los-bloqueos","status":"publish","type":"post","link":"https:\/\/diarioelpopular.com\/index.php\/2021\/05\/08\/temen-escasez-de-alimentos-por-los-bloqueos\/","title":{"rendered":"Temen escasez de alimentos por los bloqueos"},"content":{"rendered":"<div id=\"attachment_497603\" style=\"width: 646px\" class=\"wp-caption alignnone\"><img loading=\"lazy\" decoding=\"async\" aria-describedby=\"caption-attachment-497603\" class=\"size-custom-full-size wp-image-497603\" src=\"https:\/\/diarioelpopular.com\/wp-content\/uploads\/2021\/05\/2.f8e1101282eb3f826bb2c89232e1708e-636x424.jpg\" alt=\"\" width=\"636\" height=\"424\" srcset=\"https:\/\/diarioelpopular.com\/wp-content\/uploads\/2021\/05\/2.f8e1101282eb3f826bb2c89232e1708e-636x424.jpg 636w, https:\/\/diarioelpopular.com\/wp-content\/uploads\/2021\/05\/2.f8e1101282eb3f826bb2c89232e1708e-300x200.jpg 300w, https:\/\/diarioelpopular.com\/wp-content\/uploads\/2021\/05\/2.f8e1101282eb3f826bb2c89232e1708e-768x512.jpg 768w, https:\/\/diarioelpopular.com\/wp-content\/uploads\/2021\/05\/2.f8e1101282eb3f826bb2c89232e1708e-1990x1326.jpg 1990w, https:\/\/diarioelpopular.com\/wp-content\/uploads\/2021\/05\/2.f8e1101282eb3f826bb2c89232e1708e-1200x799.jpg 1200w, https:\/\/diarioelpopular.com\/wp-content\/uploads\/2021\/05\/2.f8e1101282eb3f826bb2c89232e1708e-110x73.jpg 110w, https:\/\/diarioelpopular.com\/wp-content\/uploads\/2021\/05\/2.f8e1101282eb3f826bb2c89232e1708e.jpg 1024w\" sizes=\"auto, (max-width: 636px) 100vw, 636px\" \/><p id=\"caption-attachment-497603\" class=\"wp-caption-text\"><br \/><em>Protestas en Colombia, con cortes de rutas que pueden desatar desabastecimiento<\/em><\/p><\/div>\n<h4><em><strong>Fiscal\u00eda amenaza con expropiaciones, gobierno urge a di\u00e1logo<\/strong><\/em><\/h4>\n<p><em><strong>BOGOTA 08 MAY &#8211;<\/strong><\/em> Al menos 140 cortes de v\u00edas y carreteras del pa\u00eds tiene documentados el gobierno colombiano, que teme a un desabastecimiento de alimentos y bienes en las principales ciudades y en medio de la pandemia.<br \/>\n&#8220;Es muy importante entender que lo que se est\u00e1 quedando es el alimento de todos nosotros&#8221; y &#8220;el ingreso de todos los campesinos que llevan mucho tiempo cultivando&#8221;, manifest\u00f3 este viernes Rodolfo Zea, ministro de Agricultura.<br \/>\nEl funcionario ha tocado las puertas de autoridades locales en diferentes zonas del Colombia para lograr que se retiren camiones o barricadas levantadas por manifestantes o en el peor de los casos que se establezcan corredores humanitarios para el paso de alimentos, medicinas y combustibles.<br \/>\nZea admiti\u00f3 que han tenido que recurrir a autoridades regionales, dado que &#8220;no es claro qui\u00e9nes son las personas con las que debemos hablar en esos bloqueos para que pase el alimento&#8221;.<br \/>\nLa cabeza visible de las protestas en Colombia, que hoy ajustan diez d\u00edas, es el Comit\u00e9 Nacional de Paro (CNP), que lideran varias centrales obreras, sin embargo, ese colectivo no tiene la vocer\u00eda de todos los intereses que hacen parte de la manifestaci\u00f3n en las que est\u00e1n involucrados ind\u00edgenas, campesinos y hasta j\u00f3venes de barrios, entre muchos otros.<br \/>\nLos cortes de carreteras en cercan\u00eda a ciudades como Cali, Armenia y Bogot\u00e1 incluye camiones apostados en las carreteras, algunos de ellos por voluntad propia y otros por temor a ser agredidos por manifestantes, adem\u00e1s de barricadas.<br \/>\nLa Fiscal\u00eda amenaz\u00f3 con aplicar extinci\u00f3n de dominio, la misma norma que se ejerce con los bienes de los narcotraficantes, sobre aquellos veh\u00edculos que impidan el tr\u00e1nsito por las carreteras, una decisi\u00f3n que ha sido calificada de inoperante, deshilvanada en lo jur\u00eddico y hasta provocadora.<br \/>\n&#8220;No vamos a hacer una acciones que generen una situaci\u00f3n de mayor violencia dentro de lo que se esta viviendo&#8221;, asegur\u00f3 hoy Martha Mancera, vicefiscal de la Naci\u00f3n, aunque reiter\u00f3 que podr\u00eda expropiarse por v\u00edas legales los veh\u00edculos que por &#8220;medios il\u00edcitos&#8221; bloquean carreteras, dado que estar\u00edan &#8220;afectado la vida humana&#8221; y &#8220;la seguridad alimenticia&#8221;.<br \/>\nFrancisco Jos\u00e9 Sintura, un respetado jurista local, acad\u00e9mico y exvicefiscal, critic\u00f3 los argumentos del ente acusador al se\u00f1alar las equivocaciones jur\u00eddicas de intentar ejercer ese tipo de expropiaci\u00f3n, que requieren -entre otras- del aval de un juez.<br \/>\n&#8220;El Fiscal General se equivoca en materia grave. 1) Ejercer Extinci\u00f3n sobre bienes que se usan para la protesta social, no son de origen, ni tienen destino il\u00edcito. Y adem\u00e1s, 2) sin decisi\u00f3n judicial, no se puede quedar con nada. Estos extremos protag\u00f3nicos son peligrosos&#8221;, puntualiz\u00f3 el abogado en Twitter.<br \/>\nLa vicepresidenta, Marta Luc\u00eda Ram\u00edrez, calific\u00f3 de &#8220;insensatos&#8221; los bloqueos porque afectan a la poblaci\u00f3n en general que tiene que pagar m\u00e1s por los alimentos debido al desabastecimiento.<br \/>\n&#8220;Bajo ninguna circunstancia, debemos permitir que se siga afectando a toda la gente que necesita recibir los suministros, alimentos y materias primas para la industria, porque esto genera p\u00e9rdidas econ\u00f3micas inmensas. Hay cientos de millones de pesos botados en las v\u00edas, con alimentos que se descomponen.<br \/>\nEchar a perder esa comida, significa que perdemos todos: los campesinos y los colombianos, que recibimos productos mucho m\u00e1s costosos&#8221;.<br \/>\nCritic\u00f3 Ram\u00edrez y argument\u00f3 que hay cinco centrales de abastos &#8220;reportando los niveles m\u00e1s altos de escasez&#8221;, en referencia a Cali, Armenia, Neiva, Villavicencio y Popay\u00e1n.<br \/>\nLa funcionaria dijo que en los dos d\u00edas anteriores &#8220;estos bloqueos han generado una disminuci\u00f3n en el flujo de alimentos&#8221; y sostuvo que el primero de mayo la llegada de alimentos a las principales centrales de abastos se redujo de 11.412 toneladas a 3.208, de acuerdo a datos del Departamento Administrativo Nacional de Estad\u00edstica (DANE).<br \/>\nRam\u00edrez record\u00f3 que el presidente, Iv\u00e1n Duque, mantiene desde hace un par de d\u00edas reuniones con diferentes sectores sociales, pol\u00edticos, judiciales y econ\u00f3micos en busca de salidas para ponerle fin al paro, que se propici\u00f3 por la decisi\u00f3n del Ejecutivo de impulsar en el Congreso una reforma tributaria que cargaba con m\u00e1s impuestos a la clase media.<\/p>\n","protected":false},"excerpt":{"rendered":"<p>Fiscal\u00eda amenaza con expropiaciones, gobierno urge a di\u00e1logo BOGOTA 08 MAY &#8211; Al menos 140 cortes de v\u00edas y carreteras del pa\u00eds tiene documentados el&hellip;<\/p>\n","protected":false},"author":99,"featured_media":497603,"comment_status":"open","ping_status":"open","sticky":false,"template":"","format":"standard","meta":{"footnotes":""},"categories":[23],"tags":[],"class_list":["post-497601","post","type-post","status-publish","format-standard","has-post-thumbnail","hentry","category-latinoamerica"],"_links":{"self":[{"href":"https:\/\/diarioelpopular.com\/index.php\/wp-json\/wp\/v2\/posts\/497601","targetHints":{"allow":["GET"]}}],"collection":[{"href":"https:\/\/diarioelpopular.com\/index.php\/wp-json\/wp\/v2\/posts"}],"about":[{"href":"https:\/\/diarioelpopular.com\/index.php\/wp-json\/wp\/v2\/types\/post"}],"author":[{"embeddable":true,"href":"https:\/\/diarioelpopular.com\/index.php\/wp-json\/wp\/v2\/users\/99"}],"replies":[{"embeddable":true,"href":"https:\/\/diarioelpopular.com\/index.php\/wp-json\/wp\/v2\/comments?post=497601"}],"version-history":[{"count":1,"href":"https:\/\/diarioelpopular.com\/index.php\/wp-json\/wp\/v2\/posts\/497601\/revisions"}],"predecessor-version":[{"id":497604,"href":"https:\/\/diarioelpopular.com\/index.php\/wp-json\/wp\/v2\/posts\/497601\/revisions\/497604"}],"wp:featuredmedia":[{"embeddable":true,"href":"https:\/\/diarioelpopular.com\/index.php\/wp-json\/wp\/v2\/media\/497603"}],"wp:attachment":[{"href":"https:\/\/diarioelpopular.com\/index.php\/wp-json\/wp\/v2\/media?parent=497601"}],"wp:term":[{"taxonomy":"category","embeddable":true,"href":"https:\/\/diarioelpopular.com\/index.php\/wp-json\/wp\/v2\/categories?post=497601"},{"taxonomy":"post_tag","embeddable":true,"href":"https:\/\/diarioelpopular.com\/index.php\/wp-json\/wp\/v2\/tags?post=497601"}],"curies":[{"name":"wp","href":"https:\/\/api.w.org\/{rel}","templated":true}]}}