{"id":497605,"date":"2021-05-08T12:09:57","date_gmt":"2021-05-08T16:09:57","guid":{"rendered":"https:\/\/diarioelpopular.com\/?p=497605"},"modified":"2021-05-08T12:09:57","modified_gmt":"2021-05-08T16:09:57","slug":"mexico-mas-violencia-de-cara-a-las-elecciones","status":"publish","type":"post","link":"https:\/\/diarioelpopular.com\/index.php\/2021\/05\/08\/mexico-mas-violencia-de-cara-a-las-elecciones\/","title":{"rendered":"M\u00e9xico: M\u00e1s violencia de cara a las elecciones"},"content":{"rendered":"<div id=\"attachment_497606\" style=\"width: 646px\" class=\"wp-caption alignnone\"><img loading=\"lazy\" decoding=\"async\" aria-describedby=\"caption-attachment-497606\" class=\"size-custom-full-size wp-image-497606\" src=\"https:\/\/diarioelpopular.com\/wp-content\/uploads\/2021\/05\/1.fe0f643a06b768db0a9a2fd3488404ca-636x357.jpg\" alt=\"\" width=\"636\" height=\"357\" srcset=\"https:\/\/diarioelpopular.com\/wp-content\/uploads\/2021\/05\/1.fe0f643a06b768db0a9a2fd3488404ca-636x357.jpg 636w, https:\/\/diarioelpopular.com\/wp-content\/uploads\/2021\/05\/1.fe0f643a06b768db0a9a2fd3488404ca-300x168.jpg 300w, https:\/\/diarioelpopular.com\/wp-content\/uploads\/2021\/05\/1.fe0f643a06b768db0a9a2fd3488404ca-768x431.jpg 768w, https:\/\/diarioelpopular.com\/wp-content\/uploads\/2021\/05\/1.fe0f643a06b768db0a9a2fd3488404ca-1990x1116.jpg 1990w, https:\/\/diarioelpopular.com\/wp-content\/uploads\/2021\/05\/1.fe0f643a06b768db0a9a2fd3488404ca-1200x673.jpg 1200w, https:\/\/diarioelpopular.com\/wp-content\/uploads\/2021\/05\/1.fe0f643a06b768db0a9a2fd3488404ca-130x73.jpg 130w, https:\/\/diarioelpopular.com\/wp-content\/uploads\/2021\/05\/1.fe0f643a06b768db0a9a2fd3488404ca.jpg 1024w\" sizes=\"auto, (max-width: 636px) 100vw, 636px\" \/><p id=\"caption-attachment-497606\" class=\"wp-caption-text\"><br \/><em>Violencia pol\u00edtica en M\u00e9xico, una constante de los \u00faltimos d\u00edas<\/em><\/p><\/div>\n<h4><em><strong>Este proceso 2021 es ya el segundo m\u00e1s sangriento de los \u00faltimos 20 a\u00f1os<\/strong><\/em><\/h4>\n<p><em><strong>CIUDAD DE MEXICO, 08 MAY &#8211;<\/strong><\/em> La violencia pol\u00edtica se ense\u00f1orea en vastas zonas del territorio mexicano a un mes de las hist\u00f3ricas elecciones del 6 de junio, a las que han sido convocadas casi 95 millones de personas, convirti\u00e9ndose en el proceso m\u00e1s sangriento de los \u00faltimos 20 a\u00f1os.<\/p>\n<p>Seg\u00fan el Cuarto Informe de Violencia Pol\u00edtica en M\u00e9xico 2021, de la firma Etellekt Consultores, al menos 79 pol\u00edticos han sido asesinados durante las actuales campa\u00f1as, 31 de los cuales eran aspirantes o candidatos en los comicios. Este fat\u00eddico guarismo supera en 29,5% a las 61 v\u00edctimas mortales del ciclo electoral intermedio de 2015. Mientras tanto, dice el reporte, las &#8220;agresiones globales&#8221; (homicidios dolosos, amenazas, privaciones ilegales de la libertad, robos, intimidaciones y otros delitos), registradas hasta el 30 de abril de 2021, superan en 64% las cifras de violencia de 2017-2018, considerado &#8220;el m\u00e1s violento de la historia&#8221;.<\/p>\n<p>Los mexicanos deber\u00e1n elegir a 21.000 cargos de distintos niveles, entre los que figuran 500 diputados federales y 15 gobernadores (casi la mitad del total), en lo que se considera los comicios m\u00e1s concurridos de la historia en este pa\u00eds latinoamericano. Las agresiones en contra de pol\u00edticos, aspirantes y candidatos en el actual proceso abarcaron a 31 estados y 321 municipios de M\u00e9xico (13% del total), de acuerdo con la consultora.<\/p>\n<p>&#8220;La violencia pol\u00edtica representa no s\u00f3lo un atentado a la democracia, compromete tambi\u00e9n la independencia, autonom\u00eda e integridad de las futuras autoridades electas y designadas en muchas de estas localidades&#8221;, advirti\u00f3 la firma.<\/p>\n<p>&#8220;Algunos candidatos podr\u00edan acceder al poder mediante el uso de m\u00e9todos violentos en contra de sus adversarios, lo que a mediano plazo podr\u00eda traducirse en autoridades corruptas y en fen\u00f3menos subyacentes como el desv\u00edo de recursos o en actos de negligencia criminal&#8221;, a\u00f1adi\u00f3. Hace un mes, el presidente Andr\u00e9s L\u00f3pez Obrador anunci\u00f3 un Plan para prevenir violencia pol\u00edtica en elecciones del 6 de junio, que plantea brindar protecci\u00f3n a los candidatos a cargos electivos &#8220;con el objetivo de evitar amenazas, agresiones o intimidaciones antes y durante&#8221; la jornada.<\/p>\n<p>&#8220;Queremos enfrentarlo para que se garantice la libertad de todos y que sean los ciudadanos los que elijan, no los grupos de intereses creados, no la delincuencia organizada, no la delincuencia de cuello blanco. Que no haya candidatos a modo, que no haya grandes electores&#8221;, dijo el mandatario. En esta estrategia participan los gobiernos de los 32 estados y la Comisi\u00f3n Nacional de Derechos Humanos, pero la protecci\u00f3n es voluntaria y s\u00f3lo se brinda a los aspirantes que lo solicitan.<\/p>\n<p>Apenas esta semana, la candidata de una coalici\u00f3n encabezada por el Partico Verde a la alcald\u00eda de Puerto Morelos, en el estado sure\u00f1o de Quintana Roo, Merari Mu\u00f1oz, denunci\u00f3 que teme por su vida luego que su equipo de seguridad fue &#8220;amenazado por sujetos armados&#8221; despu\u00e9s de un tiroteo. Merari debi\u00f3 entrar a sustituir a su marido, Ignacio S\u00e1nchez, asesinado el pasado 24 de febrero. &#8220;Interpondr\u00e9 personalmente una denuncia ante la Fiscal\u00eda Estatal. Mi integridad, mi vida est\u00e1 en riesgo y por eso exijo garant\u00edas de seguridad para seguir desarrollando con tranquilidad mi campa\u00f1a&#8221;, indic\u00f3 la aspirante.<\/p>\n<p>Mu\u00f1oz se\u00f1al\u00f3 que busca &#8220;evitar que se repita el artero y cobarde crimen que se cometi\u00f3 contra mi esposo Nacho S\u00e1nchez, que hasta hoy sigue impune&#8221; y exigi\u00f3 &#8220;justicia&#8221; a las autoridades para dar &#8220;con los autores intelectuales y materiales de los hechos y se les castigue con todo el rigor de la ley&#8221;. La aspirante a la alcald\u00eda revel\u00f3 que hombres armados balearon una vivienda en el barrio Leona Vicario, cerca de donde realizar\u00eda un acto de proselitismo. La ministra de Seguridad y Protecci\u00f3n Ciudadana, Icela Rodr\u00edguez, se\u00f1al\u00f3 que a medida que se acerca la cita con las urnas &#8220;las organizaciones criminales buscan fortalecer su operaci\u00f3n mediante la intimidaci\u00f3n y el aumento de su influencia pol\u00edtica&#8221;.<\/p>\n","protected":false},"excerpt":{"rendered":"<p>Este proceso 2021 es ya el segundo m\u00e1s sangriento de los \u00faltimos 20 a\u00f1os CIUDAD DE MEXICO, 08 MAY &#8211; La violencia pol\u00edtica se ense\u00f1orea&hellip;<\/p>\n","protected":false},"author":99,"featured_media":497606,"comment_status":"open","ping_status":"open","sticky":false,"template":"","format":"standard","meta":{"footnotes":""},"categories":[23],"tags":[],"class_list":["post-497605","post","type-post","status-publish","format-standard","has-post-thumbnail","hentry","category-latinoamerica"],"_links":{"self":[{"href":"https:\/\/diarioelpopular.com\/index.php\/wp-json\/wp\/v2\/posts\/497605","targetHints":{"allow":["GET"]}}],"collection":[{"href":"https:\/\/diarioelpopular.com\/index.php\/wp-json\/wp\/v2\/posts"}],"about":[{"href":"https:\/\/diarioelpopular.com\/index.php\/wp-json\/wp\/v2\/types\/post"}],"author":[{"embeddable":true,"href":"https:\/\/diarioelpopular.com\/index.php\/wp-json\/wp\/v2\/users\/99"}],"replies":[{"embeddable":true,"href":"https:\/\/diarioelpopular.com\/index.php\/wp-json\/wp\/v2\/comments?post=497605"}],"version-history":[{"count":1,"href":"https:\/\/diarioelpopular.com\/index.php\/wp-json\/wp\/v2\/posts\/497605\/revisions"}],"predecessor-version":[{"id":497607,"href":"https:\/\/diarioelpopular.com\/index.php\/wp-json\/wp\/v2\/posts\/497605\/revisions\/497607"}],"wp:featuredmedia":[{"embeddable":true,"href":"https:\/\/diarioelpopular.com\/index.php\/wp-json\/wp\/v2\/media\/497606"}],"wp:attachment":[{"href":"https:\/\/diarioelpopular.com\/index.php\/wp-json\/wp\/v2\/media?parent=497605"}],"wp:term":[{"taxonomy":"category","embeddable":true,"href":"https:\/\/diarioelpopular.com\/index.php\/wp-json\/wp\/v2\/categories?post=497605"},{"taxonomy":"post_tag","embeddable":true,"href":"https:\/\/diarioelpopular.com\/index.php\/wp-json\/wp\/v2\/tags?post=497605"}],"curies":[{"name":"wp","href":"https:\/\/api.w.org\/{rel}","templated":true}]}}