{"id":497635,"date":"2021-05-09T12:17:31","date_gmt":"2021-05-09T16:17:31","guid":{"rendered":"https:\/\/diarioelpopular.com\/?p=497635"},"modified":"2021-05-09T12:17:31","modified_gmt":"2021-05-09T16:17:31","slug":"peru-excandidato-pide-la-muerte-de-pedro-castillo","status":"publish","type":"post","link":"https:\/\/diarioelpopular.com\/index.php\/2021\/05\/09\/peru-excandidato-pide-la-muerte-de-pedro-castillo\/","title":{"rendered":"Per\u00fa: Excandidato pide la muerte de Pedro Castillo"},"content":{"rendered":"<p><img loading=\"lazy\" decoding=\"async\" class=\"alignnone size-custom-full-size wp-image-497637\" src=\"https:\/\/diarioelpopular.com\/wp-content\/uploads\/2021\/05\/1.5ffed92cb78968793494db46a06867f2-636x424.jpg\" alt=\"\" width=\"636\" height=\"424\" srcset=\"https:\/\/diarioelpopular.com\/wp-content\/uploads\/2021\/05\/1.5ffed92cb78968793494db46a06867f2-636x424.jpg 636w, https:\/\/diarioelpopular.com\/wp-content\/uploads\/2021\/05\/1.5ffed92cb78968793494db46a06867f2-300x200.jpg 300w, https:\/\/diarioelpopular.com\/wp-content\/uploads\/2021\/05\/1.5ffed92cb78968793494db46a06867f2-768x512.jpg 768w, https:\/\/diarioelpopular.com\/wp-content\/uploads\/2021\/05\/1.5ffed92cb78968793494db46a06867f2-110x73.jpg 110w, https:\/\/diarioelpopular.com\/wp-content\/uploads\/2021\/05\/1.5ffed92cb78968793494db46a06867f2.jpg 827w\" sizes=\"auto, (max-width: 636px) 100vw, 636px\" \/><\/p>\n<p><em>Pedro Castillo (izquierda) en un acto de la campa\u00f1a por el balotaje presidencial<\/em><\/p>\n<p>&nbsp;<\/p>\n<p><em><strong>LIMA 09 MAY &#8211;<\/strong><\/em> El ex candidato presidencial de Per\u00fa Rafael L\u00f3pez Aliaga fue denunciado ante la Fiscal\u00eda por pedir, durante un acto p\u00fablico, la muerte del postulante de extrema izquierda Pedro Castillo (Per\u00fa Libre).<br \/>\nL\u00f3pez Aliaga (ultraderecha) tambi\u00e9n vocifer\u00f3 por la muerte del fundador y secretario general de esa agrupaci\u00f3n de izquierda, Vladimir Cerr\u00f3n.<br \/>\n&#8220;No sabe Castillo d\u00f3nde est\u00e1 parado, est\u00e1 manipulado. Muerte al comunismo, muerte a Cerr\u00f3n y a Castillo, no puede pasar eso ac\u00e1&#8221;, espet\u00f3 L\u00f3pez Aliaga ante cientos de seguidores.<br \/>\nLa denuncia en su contra fue presentada por el abogado Edison Tito Peralta ante el despacho 22\u00b0 de la Fiscal\u00eda Provincial en lo Penal de Lima, por los presuntos delitos de amenaza de muerte e incitaci\u00f3n al odio, inform\u00f3 este domingo la emisora RPP en su portal web.<br \/>\nLas furibundas declaraciones del l\u00edder de extrema derecha ocurrieron en un acto pol\u00edtico a favor de la candidata de centro derecha Keiko Fujimori (Fuerza Popular).<br \/>\nLa hija de Alberto Fujimori -expresidente de Per\u00fa actualmente en prisi\u00f3n por condenas de corrupci\u00f3n- se enfrentar\u00e1 con Castillo en la segunda vuelta de las elecciones presidenciales 2021, el 6 de junio.<\/p>\n","protected":false},"excerpt":{"rendered":"<p>Pedro Castillo (izquierda) en un acto de la campa\u00f1a por el balotaje presidencial &nbsp; LIMA 09 MAY &#8211; El ex candidato presidencial de Per\u00fa Rafael&hellip;<\/p>\n","protected":false},"author":99,"featured_media":497637,"comment_status":"open","ping_status":"open","sticky":false,"template":"","format":"standard","meta":{"footnotes":""},"categories":[23],"tags":[],"class_list":["post-497635","post","type-post","status-publish","format-standard","has-post-thumbnail","hentry","category-latinoamerica"],"_links":{"self":[{"href":"https:\/\/diarioelpopular.com\/index.php\/wp-json\/wp\/v2\/posts\/497635","targetHints":{"allow":["GET"]}}],"collection":[{"href":"https:\/\/diarioelpopular.com\/index.php\/wp-json\/wp\/v2\/posts"}],"about":[{"href":"https:\/\/diarioelpopular.com\/index.php\/wp-json\/wp\/v2\/types\/post"}],"author":[{"embeddable":true,"href":"https:\/\/diarioelpopular.com\/index.php\/wp-json\/wp\/v2\/users\/99"}],"replies":[{"embeddable":true,"href":"https:\/\/diarioelpopular.com\/index.php\/wp-json\/wp\/v2\/comments?post=497635"}],"version-history":[{"count":1,"href":"https:\/\/diarioelpopular.com\/index.php\/wp-json\/wp\/v2\/posts\/497635\/revisions"}],"predecessor-version":[{"id":497638,"href":"https:\/\/diarioelpopular.com\/index.php\/wp-json\/wp\/v2\/posts\/497635\/revisions\/497638"}],"wp:featuredmedia":[{"embeddable":true,"href":"https:\/\/diarioelpopular.com\/index.php\/wp-json\/wp\/v2\/media\/497637"}],"wp:attachment":[{"href":"https:\/\/diarioelpopular.com\/index.php\/wp-json\/wp\/v2\/media?parent=497635"}],"wp:term":[{"taxonomy":"category","embeddable":true,"href":"https:\/\/diarioelpopular.com\/index.php\/wp-json\/wp\/v2\/categories?post=497635"},{"taxonomy":"post_tag","embeddable":true,"href":"https:\/\/diarioelpopular.com\/index.php\/wp-json\/wp\/v2\/tags?post=497635"}],"curies":[{"name":"wp","href":"https:\/\/api.w.org\/{rel}","templated":true}]}}