{"id":497640,"date":"2021-05-09T12:35:39","date_gmt":"2021-05-09T16:35:39","guid":{"rendered":"https:\/\/diarioelpopular.com\/?p=497640"},"modified":"2021-05-09T12:35:39","modified_gmt":"2021-05-09T16:35:39","slug":"duque-sitiado-por-las-protestas-y-las-criticas-a-su-manejo-de-la-crisis-en-colombia","status":"publish","type":"post","link":"https:\/\/diarioelpopular.com\/index.php\/2021\/05\/09\/duque-sitiado-por-las-protestas-y-las-criticas-a-su-manejo-de-la-crisis-en-colombia\/","title":{"rendered":"Duque, sitiado por las protestas y las cr\u00edticas a su manejo de la crisis en Colombia"},"content":{"rendered":"<h4><img loading=\"lazy\" decoding=\"async\" class=\"alignnone size-custom-full-size wp-image-497641\" src=\"https:\/\/diarioelpopular.com\/wp-content\/uploads\/2021\/05\/AFP_99K9NM-636x357.jpg\" alt=\"\" width=\"636\" height=\"357\" srcset=\"https:\/\/diarioelpopular.com\/wp-content\/uploads\/2021\/05\/AFP_99K9NM-636x357.jpg 636w, https:\/\/diarioelpopular.com\/wp-content\/uploads\/2021\/05\/AFP_99K9NM-300x168.jpg 300w, https:\/\/diarioelpopular.com\/wp-content\/uploads\/2021\/05\/AFP_99K9NM.jpg 768w, https:\/\/diarioelpopular.com\/wp-content\/uploads\/2021\/05\/AFP_99K9NM-130x73.jpg 130w\" sizes=\"auto, (max-width: 636px) 100vw, 636px\" \/><\/h4>\n<h4><em><strong>Con las calles ardiendo de ira contra su gobierno, Iv\u00e1n Duque luce err\u00e1tico cuando no desconectado de una Colombia en crisis, seg\u00fan analistas.<\/strong><\/em><\/h4>\n<p><span class=\"dateline\"><em><strong>BOGOT\u00c1. 09 MAY.-<\/strong><\/em>\u00a0<\/span>Cientos de miles de personas han salido a protestar contra su gobierno desde el 28 de abril. Un pa\u00eds empobrecido por la pandemia y con la violencia de vuelta en los campos tras el pacto de paz con la poderosa guerrilla terrorista FARC, volc\u00f3 su frustraci\u00f3n hacia el mandatario de 44 a\u00f1os.<\/p>\n<p>En 2019 un in\u00e9dito movimiento estudiantil le dio el primer aviso al presidente m\u00e1s joven de los \u00faltimos tiempos. Desde entonces le exigen un cambio de rumbo.<\/p>\n<p>Tras d\u00e9cadas de estigmatizaci\u00f3n de la protesta social -entonces vinculada con la insurgencia armada- los j\u00f3venes le perdieron el miedo a la movilizaci\u00f3n, pero tambi\u00e9n los sindicatos, transportistas, ind\u00edgenas, se apoderaron de las calles.<\/p>\n<p>Aunque mayoritariamente pac\u00edficas, las protestas de los \u00faltimos d\u00edas han dejado al menos 26 muertos y un millar de heridos entre manifestantes y uniformados.<\/p>\n<div class=\"zone grid combo\">\n<div id=\"zone-el-103\" class=\"zone zone-el\"><span style=\"line-height: 1.5;\">La fuerza p\u00fablica est\u00e1 en la mira, incluso de la comunidad internacional, por la represi\u00f3n a los manifestantes muchos de ellos asaltando, robando y vandalizando propiedad privada. Mientras el gobierno se escuda en la ret\u00f3rica del vandalismo, la infiltraci\u00f3n de los grupos armados, de los ataques coordinados contra los polic\u00edas.<\/span><\/div>\n<\/div>\n<p>Duque \u201cda una imagen de estar aislado de la realidad\u201d y \u201ctiene el sol en la espalda desde que lleg\u00f3 la pandemia\u201d, dice a la AFP Jairo Libreros, analista pol\u00edtico de la Universidad Externado.<\/p>\n<h3>&#8211; A TUMBOS &#8211;<\/h3>\n<p>Tras cuatro d\u00edas de presi\u00f3n en las calles, Duque retir\u00f3 el proyecto de reforma tributaria que castigaba a la clase media y hab\u00eda dado pie a las protestas. Al d\u00eda siguiente renunci\u00f3 el ministro de Hacienda. Y una semana despu\u00e9s del inicio de las movilizaciones el presidente cedi\u00f3 al di\u00e1logo, aunque invit\u00f3 primero a quienes no estaban en las calles.<\/p>\n<p>Para Sandra Borda, analista de la Universidad de Los Andes, es \u201cuna conversaci\u00f3n de ellos con ellos mismos\u201d.<\/p>\n<div class=\"zone grid combo\">\n<div id=\"zone-el-105\" class=\"zone zone-el\"><span style=\"line-height: 1.5;\">Ante la persistencia de la protesta, el gobierno despleg\u00f3 47,500 uniformados en todo el pa\u00eds, para \u201cgarantizar la tranquilidad\u201d.<\/span><\/div>\n<\/div>\n<p>La comunidad internacional denunci\u00f3 al un\u00edsono agresiones de la fuerza p\u00fablica durante las manifestaciones. Esa decisi\u00f3n \u201ces ponerle fuego a la hoguera, es una medida poco asertiva que confirma la desconexi\u00f3n que existe entre la (presidencial) Casa de Nari\u00f1o y unos problemas que son inminentemente sociales\u201d, indica Libreros.<\/p>\n<h3>&#8211; CIFRAS EN CUESTI\u00d3N &#8211;<\/h3>\n<p>Desde que lleg\u00f3 la pandemia en marzo de 2020, Duque aparec\u00eda a diario en televisi\u00f3n en el programa \u201cprevenci\u00f3n y acci\u00f3n\u201d. El espacio hizo menos frecuentes las ruedas de prensa y entrevistas.<\/p>\n<p>Es \u201cun espacio absolutamente de burbuja, (\u2026) en c\u00edrculo cerrado\u201d sin lugar para el debate, comenta Yann Basset, experto de la Universidad del Rosario. Desde hace cinco noches dej\u00f3 de emitirse.<\/p>\n<p>En medio del caos de los disturbios que siguieron a las protestas, la confusi\u00f3n tambi\u00e9n rein\u00f3 en las cifras.<\/p>\n<p>En Cali, por ejemplo, siete personas murieron seg\u00fan la alcald\u00eda local y 15 de acuerdo con la Defensor\u00eda del Pueblo (Ombudsman) y la Fiscal\u00eda. Pero para la ONG Temblores, que revisa presuntos casos de abuso de autoridad, van 47 muertos en total, 35 de ellos en esa ciudad.<\/p>\n<p>\u201cLas entidades que deber\u00edan estar encargadas de velar por la seguridad de la gente (\u2026) son todos organismos de seguridad que el gobierno coopt\u00f3 y donde puso funcionarios que son \u00edntimos amigos del presidente\u201d, declara Borda.<\/p>\n<p>Las datos aumentaron la desconfianza hacia las instituciones. Y para la analista Laura Gil \u201cson tan contundentes los videos (sobre abusos policiales) que no importan las cifras\u201d. \u201cCon la militarizaci\u00f3n de las ciudades y el abuso policial (\u2026) perdi\u00f3 el apoyo de la comunidad internacional\u201d, a\u00f1ade.<\/p>\n<h3>&#8211; SOLITARIO &#8211;<\/h3>\n<p>Duque desoy\u00f3 a expertos, acad\u00e9micos, opositores e incluso aliados cuando le advirtieron sobre la inconveniencia de un alza de impuestos en medio de la pandemia.<\/p>\n<p>\u201cTodo el mundo le advirti\u00f3 (\u2026) que pol\u00edticamente no era viable\u201d, dice Basset. \u201cEso muestra bien la incapacidad del gobierno al leer la situaci\u00f3n\u201d, explica.<\/p>\n<p>La iniciativa pretend\u00eda incrementar el IVA de algunos productos y ampliar la base de contribuyentes, en un pa\u00eds en el que el 42,5% de la poblaci\u00f3n es pobre y el 16,8% no tiene empleo.<\/p>\n<p>\u201cFallamos seguramente en la comunicaci\u00f3n\u201d, concedi\u00f3 el mandatario en un encuentro con medios. \u201cSe estaba buscando una herramienta para que el 50% de los hogares m\u00e1s pobres tuvieran un ingreso\u201d, a\u00f1adi\u00f3.<\/p>\n<p>A pesar de que solo el 4,6% de los 50 millones de colombianos est\u00e1n vacunados contra el covid-19, las protestas masivas no parecen ceder. Casi tres millones ya se han contagiado y al menos 76,000 fallecieron por coronavirus.<\/p>\n<p>A un a\u00f1o de las elecciones y con la izquierda subiendo en las encuestas, se aproxima \u201cuna campa\u00f1a presidencial que pinta ser no polarizada, sino radical\u201d, sentencia Libreros.<\/p>\n","protected":false},"excerpt":{"rendered":"<p>Con las calles ardiendo de ira contra su gobierno, Iv\u00e1n Duque luce err\u00e1tico cuando no desconectado de una Colombia en crisis, seg\u00fan analistas. BOGOT\u00c1. 09&hellip;<\/p>\n","protected":false},"author":99,"featured_media":497641,"comment_status":"open","ping_status":"open","sticky":false,"template":"","format":"standard","meta":{"footnotes":""},"categories":[23],"tags":[],"class_list":["post-497640","post","type-post","status-publish","format-standard","has-post-thumbnail","hentry","category-latinoamerica"],"_links":{"self":[{"href":"https:\/\/diarioelpopular.com\/index.php\/wp-json\/wp\/v2\/posts\/497640","targetHints":{"allow":["GET"]}}],"collection":[{"href":"https:\/\/diarioelpopular.com\/index.php\/wp-json\/wp\/v2\/posts"}],"about":[{"href":"https:\/\/diarioelpopular.com\/index.php\/wp-json\/wp\/v2\/types\/post"}],"author":[{"embeddable":true,"href":"https:\/\/diarioelpopular.com\/index.php\/wp-json\/wp\/v2\/users\/99"}],"replies":[{"embeddable":true,"href":"https:\/\/diarioelpopular.com\/index.php\/wp-json\/wp\/v2\/comments?post=497640"}],"version-history":[{"count":1,"href":"https:\/\/diarioelpopular.com\/index.php\/wp-json\/wp\/v2\/posts\/497640\/revisions"}],"predecessor-version":[{"id":497642,"href":"https:\/\/diarioelpopular.com\/index.php\/wp-json\/wp\/v2\/posts\/497640\/revisions\/497642"}],"wp:featuredmedia":[{"embeddable":true,"href":"https:\/\/diarioelpopular.com\/index.php\/wp-json\/wp\/v2\/media\/497641"}],"wp:attachment":[{"href":"https:\/\/diarioelpopular.com\/index.php\/wp-json\/wp\/v2\/media?parent=497640"}],"wp:term":[{"taxonomy":"category","embeddable":true,"href":"https:\/\/diarioelpopular.com\/index.php\/wp-json\/wp\/v2\/categories?post=497640"},{"taxonomy":"post_tag","embeddable":true,"href":"https:\/\/diarioelpopular.com\/index.php\/wp-json\/wp\/v2\/tags?post=497640"}],"curies":[{"name":"wp","href":"https:\/\/api.w.org\/{rel}","templated":true}]}}