{"id":497653,"date":"2021-05-10T12:06:01","date_gmt":"2021-05-10T16:06:01","guid":{"rendered":"https:\/\/diarioelpopular.com\/?p=497653"},"modified":"2021-05-10T12:06:01","modified_gmt":"2021-05-10T16:06:01","slug":"fernandez-en-europa-la-deuda-es-el-eje","status":"publish","type":"post","link":"https:\/\/diarioelpopular.com\/index.php\/2021\/05\/10\/fernandez-en-europa-la-deuda-es-el-eje\/","title":{"rendered":"Fern\u00e1ndez en Europa, la deuda es el eje"},"content":{"rendered":"<h4><img loading=\"lazy\" decoding=\"async\" class=\"alignnone size-custom-full-size wp-image-497654\" src=\"https:\/\/diarioelpopular.com\/wp-content\/uploads\/2021\/05\/1.7d2adb925cb8ef8c4ed927f5b7ef49fd-636x417.jpg\" alt=\"\" width=\"636\" height=\"417\" srcset=\"https:\/\/diarioelpopular.com\/wp-content\/uploads\/2021\/05\/1.7d2adb925cb8ef8c4ed927f5b7ef49fd-636x417.jpg 636w, https:\/\/diarioelpopular.com\/wp-content\/uploads\/2021\/05\/1.7d2adb925cb8ef8c4ed927f5b7ef49fd-300x197.jpg 300w, https:\/\/diarioelpopular.com\/wp-content\/uploads\/2021\/05\/1.7d2adb925cb8ef8c4ed927f5b7ef49fd-768x503.jpg 768w, https:\/\/diarioelpopular.com\/wp-content\/uploads\/2021\/05\/1.7d2adb925cb8ef8c4ed927f5b7ef49fd-85x55.jpg 85w, https:\/\/diarioelpopular.com\/wp-content\/uploads\/2021\/05\/1.7d2adb925cb8ef8c4ed927f5b7ef49fd-111x73.jpg 111w, https:\/\/diarioelpopular.com\/wp-content\/uploads\/2021\/05\/1.7d2adb925cb8ef8c4ed927f5b7ef49fd.jpg 827w\" sizes=\"auto, (max-width: 636px) 100vw, 636px\" \/><\/h4>\n<p><em>Alberto Fern\u00e1ndez, presidente de Argentina, de gira en Europa (foto: ANSA)<\/em><\/p>\n<h4><em><strong>Respaldos para aliviar compromisos con FMI y Club de Par\u00eds<\/strong><\/em><\/h4>\n<p><em><strong>BUENOS AIRES 10 MAY &#8211;<\/strong><\/em> El presidente de Argentina, Alberto Fern\u00e1ndez, arrib\u00f3 este domingo a Portugal para iniciar su gira europea, que incluir\u00e1 visitas a Espa\u00f1a, Francia e Italia y un encuentro con el papa Francisco, con el objetivo central puesto en mitigar los efectos de la deuda externa de su pa\u00eds.<br \/>\nEl eje del periplo, que el mandatario realiza acompa\u00f1ado -entre otros- por el ministro de Econom\u00eda, Mart\u00edn Guzman, es sumar respaldos para avanzar en la negociaci\u00f3n con el Fondo Monetario Internacional (FMI) y con el Club de Par\u00eds.<br \/>\nSe trata de cancelar los vencimientos de capital que implican un total cercano a los 7.000 millones de d\u00f3lares.<br \/>\nEl principal objetivo es lograr consensos pol\u00edticos en Europa que le permita a la Argentina cerrar un programa sustentable con el FMI y que permita postergar los pagos de capital de este a\u00f1o a marzo de 2022.<br \/>\nTambi\u00e9n retrasar el pago al Club de Par\u00eds que vence en julio, por sus dos meses de gracia.<br \/>\nMa\u00f1ana Fern\u00e1ndez -que tambi\u00e9n viaja acompa\u00f1ado por la primera dama Fabiola Y\u00e1\u00f1ez, y el canciller Felipe Sol\u00e1- afrontar\u00e1 reuniones con el presidente de Portugal, Marcelo Rebelo de Sousa, y con el primer ministro Antonio Costa.<br \/>\nEl premier socialista comparte con el argentino la necesidad de aliviar la situaci\u00f3n econ\u00f3mica de los pa\u00edses con econom\u00edas d\u00e9biles que son deudores del FMI, adem\u00e1s de lograr un mecanismo internacional que permita una distribuci\u00f3n equitativa de las vacunas contra el Covid-19.<br \/>\nEn su escala en Lisboa, Fern\u00e1ndez tambi\u00e9n abordar\u00e1 la situaci\u00f3n del Cambio Clim\u00e1tico y el Acuerdo de Par\u00eds, reportaron fuentes de Presidencia.<br \/>\nEl acuerdo de libre comercio Mercosur-Uni\u00f3n Europea, que a\u00fan no est\u00e1 vigente por ciertos reclamos agropecuarios de Francia e Irlanda que traban su aprobaci\u00f3n en los parlamentos, ser\u00e1 otro de los temas de la agenda.<br \/>\nTras cumplir el cronograma en Portugal, la comitiva argentina volar\u00e1n directo a Madrid. El martes, en la capital espa\u00f1ola, Fern\u00e1ndez ser\u00e1 recibido en el Palacio de la Zarzuela por el Rey Felipe VI y continuaci\u00f3n almorzar\u00e1 con Pedro S\u00e1nchez, jefe de Gobierno.<br \/>\nLuego llegar\u00e1 a Par\u00eds para ser recibido por Emmanuel Macron y el jueves estar\u00e1 en Roma, donde se entrevistar\u00e1 con el presidente Sergio Mattarella y tambi\u00e9n con el premier Mario Draghi, pero antes, en la ma\u00f1ana, tendr\u00e1 una cita &#8220;a solas&#8221; con el papa Francisco.<\/p>\n","protected":false},"excerpt":{"rendered":"<p>Alberto Fern\u00e1ndez, presidente de Argentina, de gira en Europa (foto: ANSA) Respaldos para aliviar compromisos con FMI y Club de Par\u00eds BUENOS AIRES 10 MAY&hellip;<\/p>\n","protected":false},"author":99,"featured_media":497654,"comment_status":"open","ping_status":"open","sticky":false,"template":"","format":"standard","meta":{"footnotes":""},"categories":[23],"tags":[],"class_list":["post-497653","post","type-post","status-publish","format-standard","has-post-thumbnail","hentry","category-latinoamerica"],"_links":{"self":[{"href":"https:\/\/diarioelpopular.com\/index.php\/wp-json\/wp\/v2\/posts\/497653","targetHints":{"allow":["GET"]}}],"collection":[{"href":"https:\/\/diarioelpopular.com\/index.php\/wp-json\/wp\/v2\/posts"}],"about":[{"href":"https:\/\/diarioelpopular.com\/index.php\/wp-json\/wp\/v2\/types\/post"}],"author":[{"embeddable":true,"href":"https:\/\/diarioelpopular.com\/index.php\/wp-json\/wp\/v2\/users\/99"}],"replies":[{"embeddable":true,"href":"https:\/\/diarioelpopular.com\/index.php\/wp-json\/wp\/v2\/comments?post=497653"}],"version-history":[{"count":1,"href":"https:\/\/diarioelpopular.com\/index.php\/wp-json\/wp\/v2\/posts\/497653\/revisions"}],"predecessor-version":[{"id":497655,"href":"https:\/\/diarioelpopular.com\/index.php\/wp-json\/wp\/v2\/posts\/497653\/revisions\/497655"}],"wp:featuredmedia":[{"embeddable":true,"href":"https:\/\/diarioelpopular.com\/index.php\/wp-json\/wp\/v2\/media\/497654"}],"wp:attachment":[{"href":"https:\/\/diarioelpopular.com\/index.php\/wp-json\/wp\/v2\/media?parent=497653"}],"wp:term":[{"taxonomy":"category","embeddable":true,"href":"https:\/\/diarioelpopular.com\/index.php\/wp-json\/wp\/v2\/categories?post=497653"},{"taxonomy":"post_tag","embeddable":true,"href":"https:\/\/diarioelpopular.com\/index.php\/wp-json\/wp\/v2\/tags?post=497653"}],"curies":[{"name":"wp","href":"https:\/\/api.w.org\/{rel}","templated":true}]}}