{"id":497656,"date":"2021-05-10T12:14:46","date_gmt":"2021-05-10T16:14:46","guid":{"rendered":"https:\/\/diarioelpopular.com\/?p=497656"},"modified":"2021-05-10T12:14:46","modified_gmt":"2021-05-10T16:14:46","slug":"bolsonaro-felicita-a-policia-tras-matanza-de-delincuentes-en-rio","status":"publish","type":"post","link":"https:\/\/diarioelpopular.com\/index.php\/2021\/05\/10\/bolsonaro-felicita-a-policia-tras-matanza-de-delincuentes-en-rio\/","title":{"rendered":"Bolsonaro felicita a polic\u00eda tras matanza de delincuentes en R\u00edo"},"content":{"rendered":"<h4><img loading=\"lazy\" decoding=\"async\" class=\"alignnone size-custom-full-size wp-image-497657\" src=\"https:\/\/diarioelpopular.com\/wp-content\/uploads\/2021\/05\/08fb75438531373fcad94556e947a466-636x424.jpg\" alt=\"\" width=\"636\" height=\"424\" srcset=\"https:\/\/diarioelpopular.com\/wp-content\/uploads\/2021\/05\/08fb75438531373fcad94556e947a466-636x424.jpg 636w, https:\/\/diarioelpopular.com\/wp-content\/uploads\/2021\/05\/08fb75438531373fcad94556e947a466-300x200.jpg 300w, https:\/\/diarioelpopular.com\/wp-content\/uploads\/2021\/05\/08fb75438531373fcad94556e947a466-768x512.jpg 768w, https:\/\/diarioelpopular.com\/wp-content\/uploads\/2021\/05\/08fb75438531373fcad94556e947a466-110x73.jpg 110w, https:\/\/diarioelpopular.com\/wp-content\/uploads\/2021\/05\/08fb75438531373fcad94556e947a466.jpg 827w\" sizes=\"auto, (max-width: 636px) 100vw, 636px\" \/><\/h4>\n<p><em>La operaci\u00f3n de la polic\u00eda en contra de la delincuencia \u00a0realizada en la favela Jacarezhinho, en R\u00edo de Janeiro <\/em><\/p>\n<h4><em><strong>ONU y OEA recomiendan investigar muerte 28 personas en favela<\/strong><\/em><\/h4>\n<p><em><strong>BRASILIA, 10 MAY &#8211;<\/strong><\/em> El presidente brasile\u00f1o, Jair Bolsonaro, felicit\u00f3 a la polic\u00eda de R\u00edo de Janeiro por la operaci\u00f3n en una favela, que dej\u00f3 28 supuestos delincuentes muertos y dio lugar a cuestionamientos de la ONU, OEA y de organizaciones de derechos humanos.<br \/>\n&#8220;Felicito a la Polic\u00eda Civil de R\u00edo de Janeiro&#8221;, afirm\u00f3 el presidente en las redes sociales.<br \/>\n&#8220;Al tratar como v\u00edctimas a los traficantes que roban, matan y destruyen familias, los medios y la izquierda los igualan a los ciudadanos comunes que respetan las leyes y al pr\u00f3jimo&#8221;, se\u00f1al\u00f3 el jefe de Estado.<br \/>\nVeintisiete civiles y un polic\u00eda fallecieron en la incursi\u00f3n de las fuerzas de seguridad ocurrida el jueves pasado en la favela Jacarezhinho, en la zona norte de la ciudad de R\u00edo, dominada por los narcos de la organizaci\u00f3n Comando Vermelho.<br \/>\nPartidos opositores impulsan una investigaci\u00f3n sobre el accionar policial y la responsabilidad del gobernador Claudio Castro, un aliado de Bolsonaro.<br \/>\nLa Polic\u00eda Civil inform\u00f3 que 25 de los 27 delincuentes fallecidos en la balacera ten\u00edan extensos antecedentes judiciales.<br \/>\nEn cambio, el diario Estado de San Pablo public\u00f3 en datos no confirmados que 9 de los 27 muertos no ten\u00edan orden de captura en su contra ni ten\u00edan antecedentes judiciales.<br \/>\nLa incursi\u00f3n policial en Jacareizinho fue considerada como la m\u00e1s &#8220;letal&#8221; en la historia de una ciudad marcada por la extrema violencia, y mereci\u00f3 cuestionamientos y pedidos de investigaciones independientes por parte de la ONU, OEA, Orden de Abogados de Brasil, Amnist\u00eda Internacional, Human Rights Watchs y la Comisi\u00f3n Paulo Evaristo Arns.<br \/>\nConsiderar a los peligrosos delincuentes como &#8220;v\u00edctimas&#8221; es una &#8220;ofensa para el pueblo que vive como reh\u00e9n de la agobiante criminalidad&#8221;, poste\u00f3 Bolsonaro en la noche de ayer.<br \/>\nHoras antes Bolsonaro realiz\u00f3 una recorrida por Brasilia a bordo de una motocicleta para conmemorar el D\u00eda de la Madre.<br \/>\nEl mandatario estuvo acompa\u00f1ado por centenas de motociclistas varios de los cuales portaban banderas brasile\u00f1as y el general Walter Souza Braga Netto, ministro de Defensa.<br \/>\nSin el tapabocas recomendado para evitar el contagio del coronavirus el mandatario estrech\u00f3 las manos y abraz\u00f3 a varios simpatizantes.<br \/>\n&#8220;El a\u00f1o pasado tuvimos un problema grav\u00edsimo con la pandemia, pero poco a poco lo estamos venciendo&#8221;, asegur\u00f3 y repiti\u00f3 su rechazo al aislamiento social implementado por varios gobiernos regionales.<br \/>\n&#8220;Pueden estar seguros, como jefe supremo de las Fuerzas Armadas (les digo) que jam\u00e1s mi Ej\u00e9rcito ir\u00e1 a las calles para mantenerlos dentro de sus casas&#8221;, prometi\u00f3 Bolsonaro ante un nutrido grupo de seguidores concentrado en la residencia oficial de Brasilia.<br \/>\nAdem\u00e1s, agradeci\u00f3 el apoyo expresado a &#8220;un gobierno que se identifica en gran medida con el Ej\u00e9rcito&#8221; y convoc\u00f3 a un acto el s\u00e1bado pr\u00f3ximo en defensa de la familia.<\/p>\n","protected":false},"excerpt":{"rendered":"<p>La operaci\u00f3n de la polic\u00eda en contra de la delincuencia \u00a0realizada en la favela Jacarezhinho, en R\u00edo de Janeiro ONU y OEA recomiendan investigar muerte&hellip;<\/p>\n","protected":false},"author":99,"featured_media":497657,"comment_status":"open","ping_status":"open","sticky":false,"template":"","format":"standard","meta":{"footnotes":""},"categories":[23],"tags":[],"class_list":["post-497656","post","type-post","status-publish","format-standard","has-post-thumbnail","hentry","category-latinoamerica"],"_links":{"self":[{"href":"https:\/\/diarioelpopular.com\/index.php\/wp-json\/wp\/v2\/posts\/497656","targetHints":{"allow":["GET"]}}],"collection":[{"href":"https:\/\/diarioelpopular.com\/index.php\/wp-json\/wp\/v2\/posts"}],"about":[{"href":"https:\/\/diarioelpopular.com\/index.php\/wp-json\/wp\/v2\/types\/post"}],"author":[{"embeddable":true,"href":"https:\/\/diarioelpopular.com\/index.php\/wp-json\/wp\/v2\/users\/99"}],"replies":[{"embeddable":true,"href":"https:\/\/diarioelpopular.com\/index.php\/wp-json\/wp\/v2\/comments?post=497656"}],"version-history":[{"count":1,"href":"https:\/\/diarioelpopular.com\/index.php\/wp-json\/wp\/v2\/posts\/497656\/revisions"}],"predecessor-version":[{"id":497658,"href":"https:\/\/diarioelpopular.com\/index.php\/wp-json\/wp\/v2\/posts\/497656\/revisions\/497658"}],"wp:featuredmedia":[{"embeddable":true,"href":"https:\/\/diarioelpopular.com\/index.php\/wp-json\/wp\/v2\/media\/497657"}],"wp:attachment":[{"href":"https:\/\/diarioelpopular.com\/index.php\/wp-json\/wp\/v2\/media?parent=497656"}],"wp:term":[{"taxonomy":"category","embeddable":true,"href":"https:\/\/diarioelpopular.com\/index.php\/wp-json\/wp\/v2\/categories?post=497656"},{"taxonomy":"post_tag","embeddable":true,"href":"https:\/\/diarioelpopular.com\/index.php\/wp-json\/wp\/v2\/tags?post=497656"}],"curies":[{"name":"wp","href":"https:\/\/api.w.org\/{rel}","templated":true}]}}