{"id":497659,"date":"2021-05-10T12:34:24","date_gmt":"2021-05-10T16:34:24","guid":{"rendered":"https:\/\/diarioelpopular.com\/?p=497659"},"modified":"2021-05-10T12:34:24","modified_gmt":"2021-05-10T16:34:24","slug":"colombia-visita-de-duque-en-cali-tras-hechos-de-violencia","status":"publish","type":"post","link":"https:\/\/diarioelpopular.com\/index.php\/2021\/05\/10\/colombia-visita-de-duque-en-cali-tras-hechos-de-violencia\/","title":{"rendered":"Colombia: Visita de Duque en Cali tras hechos de violencia"},"content":{"rendered":"<p>&nbsp;<\/p>\n<p><img loading=\"lazy\" decoding=\"async\" class=\"alignnone size-custom-full-size wp-image-497661\" src=\"https:\/\/diarioelpopular.com\/wp-content\/uploads\/2021\/05\/whatsapp-image-2021-05-10-at-5-03-19-am_37691936_20210510060343-1-636x400.jpg\" alt=\"\" width=\"636\" height=\"400\" srcset=\"https:\/\/diarioelpopular.com\/wp-content\/uploads\/2021\/05\/whatsapp-image-2021-05-10-at-5-03-19-am_37691936_20210510060343-1-636x400.jpg 636w, https:\/\/diarioelpopular.com\/wp-content\/uploads\/2021\/05\/whatsapp-image-2021-05-10-at-5-03-19-am_37691936_20210510060343-1-300x189.jpg 300w, https:\/\/diarioelpopular.com\/wp-content\/uploads\/2021\/05\/whatsapp-image-2021-05-10-at-5-03-19-am_37691936_20210510060343-1-116x73.jpg 116w, https:\/\/diarioelpopular.com\/wp-content\/uploads\/2021\/05\/whatsapp-image-2021-05-10-at-5-03-19-am_37691936_20210510060343-1.jpg 756w\" sizes=\"auto, (max-width: 636px) 100vw, 636px\" \/><\/p>\n<p><em>El mandatario vol\u00f3 a la ciudad de Cali en la medianoche del domingo para <b><\/b>presidir un Consejo de Seguridad. <b><\/b>FOTO CORTES\u00cdA PRESIDENCIA<\/em><\/p>\n<p><em><strong>CALI, 10 MAY.-<\/strong><\/em>Tras el llamado del alcalde de Cali Jorge Iv\u00e1n Ospina y de la gobernadora Clara Luz Rold\u00e1n al presidente Iv\u00e1n Duque de que hiciera presencia en el departamento tras las confrontaciones de este domingo, el mandatario hizo una visita rel\u00e1mpago a la capital del Valle para presidir un Consejo de Seguridad en el que anunci\u00f3 dos medidas para contener la violencia en la ciudad: m\u00e1s despliegue de la Fuerza P\u00fablica y la limitaci\u00f3n al ingreso al departamento.<\/p>\n<p>El pasado domingo el mandatario explic\u00f3 que \u201cpor prudencia\u201d no viajar\u00eda a Cali, para \u201cno distraer el trabajo de la Fuerza P\u00fablica\u201d, pero luego de que muchos cale\u00f1os pidieran su visita, viaj\u00f3 en la noche para reunirse con las autoridades locales para darles instrucciones, tanto al Alcalde como a la Gobernadora, para evitar que la situaci\u00f3n de orden p\u00fablico se salga de control en todo el territorio vallecaucano.<\/p>\n<p>El Jefe de Estado arrib\u00f3 a las 11:30 de la noche y revis\u00f3 las instrucciones impartidas a los ministros de Interior y Defensa y termin\u00f3 su visita a las 3:30 a.m. de este lunes. El mandatario regres\u00f3 a Bogot\u00e1 hacia las 4:00 a.m. para cumplir agenda de Gobierno pues tiene el encuentro con representantes del comit\u00e9 del paro.<\/p>\n<p>&nbsp;<\/p>\n<p>Al alcalde de Cali le indic\u00f3 que habr\u00e1 un \u201cm\u00e1ximo apoyo y colaboraci\u00f3n de las fuerzas para que con el m\u00e1ximo despliegue le garanticen a los ciudadanos su protecci\u00f3n y eviten situaciones que puedan poner en riesgo a la ciudadan\u00eda\u201d.<\/p>\n<p>Agreg\u00f3 que \u201cla Fuerza p\u00fablica est\u00e1 para proteger a la ciudadan\u00eda, proteger la vida, honra bienes derechos y libertades de todos los ciudadanos de esta ciudad y departamento, por eso damos esta instrucci\u00f3n\u201d.<\/p>\n<p>Del mismo modo, inst\u00f3 a la Gobernadora a que haya limitaci\u00f3n a la movilidad en los accesos al departamento.<\/p>\n<p><img loading=\"lazy\" decoding=\"async\" class=\"alignnone size-custom-full-size wp-image-497663\" src=\"https:\/\/diarioelpopular.com\/wp-content\/uploads\/2021\/05\/20210510-637562060524369846_37690386_20210509192812-1-636x400.jpg\" alt=\"\" width=\"636\" height=\"400\" srcset=\"https:\/\/diarioelpopular.com\/wp-content\/uploads\/2021\/05\/20210510-637562060524369846_37690386_20210509192812-1-636x400.jpg 636w, https:\/\/diarioelpopular.com\/wp-content\/uploads\/2021\/05\/20210510-637562060524369846_37690386_20210509192812-1-300x189.jpg 300w, https:\/\/diarioelpopular.com\/wp-content\/uploads\/2021\/05\/20210510-637562060524369846_37690386_20210509192812-1-116x73.jpg 116w, https:\/\/diarioelpopular.com\/wp-content\/uploads\/2021\/05\/20210510-637562060524369846_37690386_20210509192812-1.jpg 756w\" sizes=\"auto, (max-width: 636px) 100vw, 636px\" \/><\/p>\n<p>\u201cEstamos en una situaci\u00f3n no solamente de m\u00e1xima tensi\u00f3n si no donde necesitamos que se controle el flujo de personas hacia el departamento dadas las circunstancias de orden p\u00fablico\u201d, argument\u00f3.<\/p>\n<p>De otro lado, pidi\u00f3 a quienes est\u00e1n bloqueando las v\u00edas que levanten los cercos que tienen instalados, pues \u201cest\u00e1n atentando contra los ciudadanos\u201d.<\/p>\n<p>\u201cNuestra funci\u00f3n es que los ciudadanos de esta ciudad y este departamento puedan recuperar su tranquilidad y eso no se lograr\u00e1 si no hay un levantamiento de bloqueos, con el eje central de permitir el restablecimiento de la cadena de abastecimiento\u201d, sostuvo.<\/p>\n<p>Tambi\u00e9n, solicit\u00f3 al Ministerio del Interior a hacer presencia en el departamento con las diferentes agencias para acompa\u00f1ar temas de car\u00e1cter social \u201cque ayuden a conjurar esta situaci\u00f3n de grave estado de orden p\u00fablico\u201d.<\/p>\n<p>As\u00ed mismo, imparti\u00f3 instrucciones a esta cartera para que entable un di\u00e1logo con las comunidades ind\u00edgenas para que se reconozca el derecho a la movilidad en el territorio, evitando una confrontaci\u00f3n.<\/p>\n<p><em><strong>Mensaje a los j\u00f3venes<\/strong><\/em><\/p>\n<p><img loading=\"lazy\" decoding=\"async\" class=\"alignnone size-custom-full-size wp-image-497664\" src=\"https:\/\/diarioelpopular.com\/wp-content\/uploads\/2021\/05\/20210510-637562061137508939_37690380_20210509192820-636x400.jpg\" alt=\"\" width=\"636\" height=\"400\" srcset=\"https:\/\/diarioelpopular.com\/wp-content\/uploads\/2021\/05\/20210510-637562061137508939_37690380_20210509192820-636x400.jpg 636w, https:\/\/diarioelpopular.com\/wp-content\/uploads\/2021\/05\/20210510-637562061137508939_37690380_20210509192820-300x189.jpg 300w, https:\/\/diarioelpopular.com\/wp-content\/uploads\/2021\/05\/20210510-637562061137508939_37690380_20210509192820-116x73.jpg 116w, https:\/\/diarioelpopular.com\/wp-content\/uploads\/2021\/05\/20210510-637562061137508939_37690380_20210509192820.jpg 756w\" sizes=\"auto, (max-width: 636px) 100vw, 636px\" \/><\/p>\n<p>Duque tambi\u00e9n se refiri\u00f3 de forma directa a los j\u00f3venes que han participado en las manifestaciones que se han llevado a cabo en Cali y el Valle.<\/p>\n<p>Dijo que conoce \u201csus necesidades, sus reclamaciones, sus propuestas\u201d, y junto al ICBF, DPS y la Consejer\u00eda para la juventud de la Presidencia priorizar\u00e1n una serie de \u201cintervenciones que son necesarias para generar una vocaci\u00f3n de esperanza y de futuro para nuestra juventud\u201d. En ese sentido dijo que se trabajar\u00e1 para brindar matr\u00edcula gratis en la universidad p\u00fablica, participaci\u00f3n pol\u00edtica, emprendimiento, conectividad, participaci\u00f3n en din\u00e1micas culturales y de transformaci\u00f3n ambiental.<\/p>\n<p>\u201cEste es un mensaje que esperamos llegue, para que con estos espacios tengamos claro que la juventud debe participar y se debe vincular para que sus propuestas sean las que nos permitan llegar a soluciones r\u00e1pidas y concretas\u201d, concluy\u00f3.a<\/p>\n","protected":false},"excerpt":{"rendered":"<p>&nbsp; El mandatario vol\u00f3 a la ciudad de Cali en la medianoche del domingo para presidir un Consejo de Seguridad. FOTO CORTES\u00cdA PRESIDENCIA CALI, 10&hellip;<\/p>\n","protected":false},"author":99,"featured_media":497661,"comment_status":"open","ping_status":"open","sticky":false,"template":"","format":"standard","meta":{"footnotes":""},"categories":[23],"tags":[],"class_list":["post-497659","post","type-post","status-publish","format-standard","has-post-thumbnail","hentry","category-latinoamerica"],"_links":{"self":[{"href":"https:\/\/diarioelpopular.com\/index.php\/wp-json\/wp\/v2\/posts\/497659","targetHints":{"allow":["GET"]}}],"collection":[{"href":"https:\/\/diarioelpopular.com\/index.php\/wp-json\/wp\/v2\/posts"}],"about":[{"href":"https:\/\/diarioelpopular.com\/index.php\/wp-json\/wp\/v2\/types\/post"}],"author":[{"embeddable":true,"href":"https:\/\/diarioelpopular.com\/index.php\/wp-json\/wp\/v2\/users\/99"}],"replies":[{"embeddable":true,"href":"https:\/\/diarioelpopular.com\/index.php\/wp-json\/wp\/v2\/comments?post=497659"}],"version-history":[{"count":1,"href":"https:\/\/diarioelpopular.com\/index.php\/wp-json\/wp\/v2\/posts\/497659\/revisions"}],"predecessor-version":[{"id":497665,"href":"https:\/\/diarioelpopular.com\/index.php\/wp-json\/wp\/v2\/posts\/497659\/revisions\/497665"}],"wp:featuredmedia":[{"embeddable":true,"href":"https:\/\/diarioelpopular.com\/index.php\/wp-json\/wp\/v2\/media\/497661"}],"wp:attachment":[{"href":"https:\/\/diarioelpopular.com\/index.php\/wp-json\/wp\/v2\/media?parent=497659"}],"wp:term":[{"taxonomy":"category","embeddable":true,"href":"https:\/\/diarioelpopular.com\/index.php\/wp-json\/wp\/v2\/categories?post=497659"},{"taxonomy":"post_tag","embeddable":true,"href":"https:\/\/diarioelpopular.com\/index.php\/wp-json\/wp\/v2\/tags?post=497659"}],"curies":[{"name":"wp","href":"https:\/\/api.w.org\/{rel}","templated":true}]}}