{"id":497673,"date":"2021-05-11T11:12:57","date_gmt":"2021-05-11T15:12:57","guid":{"rendered":"https:\/\/diarioelpopular.com\/?p=497673"},"modified":"2021-05-11T11:12:57","modified_gmt":"2021-05-11T15:12:57","slug":"la-habana-empieza-a-estar-en-problemas","status":"publish","type":"post","link":"https:\/\/diarioelpopular.com\/index.php\/2021\/05\/11\/la-habana-empieza-a-estar-en-problemas\/","title":{"rendered":"La Habana, empieza a estar en problemas"},"content":{"rendered":"<h4><img loading=\"lazy\" decoding=\"async\" class=\"alignnone size-custom-full-size wp-image-497674\" src=\"https:\/\/diarioelpopular.com\/wp-content\/uploads\/2021\/05\/6ad953eee9d98210eaab70cee969322c-636x538.jpg\" alt=\"\" width=\"636\" height=\"538\" srcset=\"https:\/\/diarioelpopular.com\/wp-content\/uploads\/2021\/05\/6ad953eee9d98210eaab70cee969322c-636x538.jpg 636w, https:\/\/diarioelpopular.com\/wp-content\/uploads\/2021\/05\/6ad953eee9d98210eaab70cee969322c-300x254.jpg 300w, https:\/\/diarioelpopular.com\/wp-content\/uploads\/2021\/05\/6ad953eee9d98210eaab70cee969322c-768x650.jpg 768w, https:\/\/diarioelpopular.com\/wp-content\/uploads\/2021\/05\/6ad953eee9d98210eaab70cee969322c-86x73.jpg 86w, https:\/\/diarioelpopular.com\/wp-content\/uploads\/2021\/05\/6ad953eee9d98210eaab70cee969322c.jpg 827w\" sizes=\"auto, (max-width: 636px) 100vw, 636px\" \/><\/h4>\n<p><em>Se multiplican los casos de Covid.19 en La Habana<\/em><\/p>\n<h4><em><strong>Situaci\u00f3n se complica. La Habana la zona con m\u00e1s problemas<\/strong><\/em><\/h4>\n<p><em><strong>LA HABANA, 11 MAY &#8211;<\/strong> <\/em>Cuba report\u00f3 5.988 casos de Covid-19 en toda la isla con 1.116 nuevos contagios mientras que se publicaron detalles sobre la compleja situaci\u00f3n en La Habana.<br \/>\nLas cifras divulgadas el lunes, consideradas altas, incluyen 9 muertes con 23.864 personas hospitalizadas la mayor\u00eda bajo sospechas de estar infestadas.<br \/>\nLa propagaci\u00f3n se expande por toda la isla de m\u00e1s de 11 millones de habitantes con 31 cuarentenas.<br \/>\nEn La Habana surgieron en las \u00faltimas horas 581 nuevos casos de los 1.116 en todo el pa\u00eds. La capital y provincia de alrededor de dos millones de pobladores encabeza la incidencia nacional del coronavirus.<br \/>\nLas autoridades buscar\u00e1n aliviar el persistente rebrote que se incrementa desde enero de 2021 y tuvo momentos m\u00e1ximos en marzo y abril \u00faltimos con una campa\u00f1a de inmunizaci\u00f3n descrita como estudio de intervenci\u00f3n.<br \/>\nSobre esta vacunaci\u00f3n en la cual La Habana estar\u00e1 priorizada se usar\u00e1n dos candidatos vacunales nacionales y se pronostic\u00f3 oficialmente que incluir\u00e1 al 70 % de la poblaci\u00f3n cubana hasta agosto pr\u00f3ximo.<br \/>\nLa vacunaci\u00f3n en el marco del estudio de intervenci\u00f3n en la ciudad comenzar\u00e1 el mi\u00e9rcoles pr\u00f3ximo en siete de los municipios citadinos.<br \/>\nUn an\u00e1lisis oficial revel\u00f3 que en la demarcaci\u00f3n se observa una gran diversidad de variantes y patrones mutacionales aut\u00f3ctonos.<br \/>\nEn este marco ha existido un incremento, a partir de febrero pasado, de las variantes del virus notificadas en Sud\u00e1frica, Reino Unido y California, Estados Unidos.<br \/>\nEn Cuba enfermaron 117,097 personas desde que comenz\u00f3 la pandemia, con 741 fallecidos.<br \/>\nCuba anunci\u00f3 d\u00edas atr\u00e1s que la vacuna contra el coronavirus Abdala, en proceso de desarrollo por el Centro de Ingenier\u00eda Gen\u00e9tica y Biotecnolog\u00eda (CIGB) en la isla caribe\u00f1a, comenz\u00f3 a fabricarse a escala industrial.<br \/>\n&#8220;Abdala. Se fabrican lotes industriales de este candidato vacunal, en laboratorios de nuestra industria Biofarmac\u00e9utica&#8221;, inform\u00f3 la Presidencia de Cuba en su cuenta de la red social de Twitter sobre el inmunizante que est\u00e1 por entrar en el final de la fase III de ensayos cl\u00ednicos.<br \/>\nLlas autoridades sanitarias cubanas iniciar\u00e1n el proceso de vacunaci\u00f3n en siete municipios de La Habana, la provincia m\u00e1s afectada por la Covid-19 en la isla, para ampliar el estudio de intervenci\u00f3n con los proyectos vacunales Soberana 02 y Abdala, que incluir\u00e1 a cerca de 1,7 millones de pobladores, que recibir\u00e1n los f\u00e1rmacos. (<\/p>\n","protected":false},"excerpt":{"rendered":"<p>Se multiplican los casos de Covid.19 en La Habana Situaci\u00f3n se complica. La Habana la zona con m\u00e1s problemas LA HABANA, 11 MAY &#8211; Cuba&hellip;<\/p>\n","protected":false},"author":99,"featured_media":497674,"comment_status":"open","ping_status":"open","sticky":false,"template":"","format":"standard","meta":{"footnotes":""},"categories":[23],"tags":[],"class_list":["post-497673","post","type-post","status-publish","format-standard","has-post-thumbnail","hentry","category-latinoamerica"],"_links":{"self":[{"href":"https:\/\/diarioelpopular.com\/index.php\/wp-json\/wp\/v2\/posts\/497673","targetHints":{"allow":["GET"]}}],"collection":[{"href":"https:\/\/diarioelpopular.com\/index.php\/wp-json\/wp\/v2\/posts"}],"about":[{"href":"https:\/\/diarioelpopular.com\/index.php\/wp-json\/wp\/v2\/types\/post"}],"author":[{"embeddable":true,"href":"https:\/\/diarioelpopular.com\/index.php\/wp-json\/wp\/v2\/users\/99"}],"replies":[{"embeddable":true,"href":"https:\/\/diarioelpopular.com\/index.php\/wp-json\/wp\/v2\/comments?post=497673"}],"version-history":[{"count":1,"href":"https:\/\/diarioelpopular.com\/index.php\/wp-json\/wp\/v2\/posts\/497673\/revisions"}],"predecessor-version":[{"id":497675,"href":"https:\/\/diarioelpopular.com\/index.php\/wp-json\/wp\/v2\/posts\/497673\/revisions\/497675"}],"wp:featuredmedia":[{"embeddable":true,"href":"https:\/\/diarioelpopular.com\/index.php\/wp-json\/wp\/v2\/media\/497674"}],"wp:attachment":[{"href":"https:\/\/diarioelpopular.com\/index.php\/wp-json\/wp\/v2\/media?parent=497673"}],"wp:term":[{"taxonomy":"category","embeddable":true,"href":"https:\/\/diarioelpopular.com\/index.php\/wp-json\/wp\/v2\/categories?post=497673"},{"taxonomy":"post_tag","embeddable":true,"href":"https:\/\/diarioelpopular.com\/index.php\/wp-json\/wp\/v2\/tags?post=497673"}],"curies":[{"name":"wp","href":"https:\/\/api.w.org\/{rel}","templated":true}]}}