{"id":497676,"date":"2021-05-11T11:15:37","date_gmt":"2021-05-11T15:15:37","guid":{"rendered":"https:\/\/diarioelpopular.com\/?p=497676"},"modified":"2021-05-11T11:15:37","modified_gmt":"2021-05-11T15:15:37","slug":"capital-chilena-sale-de-confinamiento-total","status":"publish","type":"post","link":"https:\/\/diarioelpopular.com\/index.php\/2021\/05\/11\/capital-chilena-sale-de-confinamiento-total\/","title":{"rendered":"Capital chilena sale de confinamiento total"},"content":{"rendered":"<div id=\"attachment_497677\" style=\"width: 646px\" class=\"wp-caption alignnone\"><img loading=\"lazy\" decoding=\"async\" aria-describedby=\"caption-attachment-497677\" class=\"size-custom-full-size wp-image-497677\" src=\"https:\/\/diarioelpopular.com\/wp-content\/uploads\/2021\/05\/2f2d8e4c09269716d31cca95539e6cf4-636x424.jpg\" alt=\"\" width=\"636\" height=\"424\" srcset=\"https:\/\/diarioelpopular.com\/wp-content\/uploads\/2021\/05\/2f2d8e4c09269716d31cca95539e6cf4-636x424.jpg 636w, https:\/\/diarioelpopular.com\/wp-content\/uploads\/2021\/05\/2f2d8e4c09269716d31cca95539e6cf4-300x200.jpg 300w, https:\/\/diarioelpopular.com\/wp-content\/uploads\/2021\/05\/2f2d8e4c09269716d31cca95539e6cf4-768x512.jpg 768w, https:\/\/diarioelpopular.com\/wp-content\/uploads\/2021\/05\/2f2d8e4c09269716d31cca95539e6cf4-110x73.jpg 110w, https:\/\/diarioelpopular.com\/wp-content\/uploads\/2021\/05\/2f2d8e4c09269716d31cca95539e6cf4.jpg 827w\" sizes=\"auto, (max-width: 636px) 100vw, 636px\" \/><p id=\"caption-attachment-497677\" class=\"wp-caption-text\"><em>Reapertura de negocios en Santiago de Chile (foto: EPA)<\/em><\/p><\/div>\n<h4><em><strong>Cuarentena habr\u00e1 s\u00f3lo los fines de semana<\/strong><\/em><\/h4>\n<p><em><strong>SANTIAGO DE CHILE, 11 MAY &#8211;<\/strong><\/em> Santiago Centro, la capital chilena, saldr\u00e1 de cuarentena total este jueves y solo se mantendr\u00e1 en confinamiento los fines de semana, anunciaron las autoridades sanitarias.<br \/>\nCon ella, 15 comunas de las 52 que componen la regi\u00f3n Metropolitana quedar\u00e1n en fase 2.<br \/>\nLa raz\u00f3n principal para salir de la estricta medida sanitaria se debi\u00f3 a una disminuci\u00f3n de los contagios por Covid-19.<br \/>\n&#8220;Hemos visto que la tendencia en la \u00faltima semana, es que ha disminuido un 7% el n\u00famero de casos, y ha disminuido un 14% en los \u00faltimos 14 d\u00edas&#8221;, expres\u00f3 la subsecretaria de Salud, Paula Daza.<br \/>\n&#8220;Lo otro que hemos visto, es que Santiago ha mejorado en forma importante la b\u00fasqueda activa de casos, y el traslado de personas a las residencias sanitarias. Obviamente hay un tema en la positividad, que ha ido bajando en los \u00faltimos d\u00edas y tenemos que seguir bajando&#8221;, enfatiz\u00f3.<br \/>\nDaza agreg\u00f3 que la comuna de Santiago &#8220;es una de las comunas que lleva m\u00e1s tiempo en cuarentena -47 d\u00edas-, y es por eso que la tendencia positiva en cuanto a la incidencia, la disminuci\u00f3n de la positividad en los \u00faltimos d\u00edas, la mejor b\u00fasqueda activa de casos, y la red integrada de salud que permite una mayor soltura en las camas cr\u00edticas, nos ha permitido ir avanzando paso a paso particularmente en aquellos lugares y comunas donde el n\u00famero de casos y positividad ha ido mejorando&#8221;.<br \/>\nEn cuanto a las otras comunas que llevan el mismo tiempo confinadas y no saldr\u00e1n del Paso 1, la subsecretaria respondi\u00f3 que &#8220;han ido disminuyendo (sus casos), pero tienen una positividad m\u00e1s alta, y ese indicador nos hace tomar decisiones siendo algo m\u00e1s prudentes en permitir avanzar, y en esas comunas estamos fortaleciendo nuestra estrategia de testeo a trav\u00e9s de ant\u00edgeno, sino que en aquellas que tienen mayor incidencia de casos, con tasa de vacunaci\u00f3n m\u00e1s baja, fortalecer la estrategia de ir a vacunar, por lo que esperamos que prontamente puedan ir avanzando&#8221;.<br \/>\nEl ministerio de Salud report\u00f3, en tanto, hoy 5.357 nuevos casos de coronavirus -500 casos m\u00e1s que hace una semana cuando se informaron 4.874 pacientes- totalizando a la fecha 1.252.808 contagios, de los cuales 35.954 se mantienen activos (el lunes pasado 38.732), indic\u00f3 el subsecretario de Redes Asistenciales, Alberto Dougnac.<br \/>\nEn las \u00faltimas 24 horas se confirmaron 100 fallecidos por causas asociadas a Covid-19 (el lunes pasado se reportaron 98 decesos), con lo que el n\u00famero total de v\u00edctimas fatales desde la llegada de la pandemia subi\u00f3 a 27.318 en todo el pa\u00eds.<br \/>\nEn cuanto a los pacientes m\u00e1s graves, hay 3.137 internados en Unidad de Cuidados Intensivos (hace una semana eran 3.303), y de ellas 2.613 conectadas a un ventilador mec\u00e1nico (frente a las 2.797 de hace 7 d\u00edas).<br \/>\nLa red de laboratorios inform\u00f3 los resultados de 66.350 test PCR (versus los 60.737 del pasado lunes), con una positividad de 7,47% a nivel nacional y de 9% en la Regi\u00f3n Metropolitana. (el lunes pasado fue de 7,58% y 9%, respectivamente).<\/p>\n","protected":false},"excerpt":{"rendered":"<p>Cuarentena habr\u00e1 s\u00f3lo los fines de semana SANTIAGO DE CHILE, 11 MAY &#8211; Santiago Centro, la capital chilena, saldr\u00e1 de cuarentena total este jueves y&hellip;<\/p>\n","protected":false},"author":99,"featured_media":497677,"comment_status":"open","ping_status":"open","sticky":false,"template":"","format":"standard","meta":{"footnotes":""},"categories":[23],"tags":[],"class_list":["post-497676","post","type-post","status-publish","format-standard","has-post-thumbnail","hentry","category-latinoamerica"],"_links":{"self":[{"href":"https:\/\/diarioelpopular.com\/index.php\/wp-json\/wp\/v2\/posts\/497676","targetHints":{"allow":["GET"]}}],"collection":[{"href":"https:\/\/diarioelpopular.com\/index.php\/wp-json\/wp\/v2\/posts"}],"about":[{"href":"https:\/\/diarioelpopular.com\/index.php\/wp-json\/wp\/v2\/types\/post"}],"author":[{"embeddable":true,"href":"https:\/\/diarioelpopular.com\/index.php\/wp-json\/wp\/v2\/users\/99"}],"replies":[{"embeddable":true,"href":"https:\/\/diarioelpopular.com\/index.php\/wp-json\/wp\/v2\/comments?post=497676"}],"version-history":[{"count":1,"href":"https:\/\/diarioelpopular.com\/index.php\/wp-json\/wp\/v2\/posts\/497676\/revisions"}],"predecessor-version":[{"id":497678,"href":"https:\/\/diarioelpopular.com\/index.php\/wp-json\/wp\/v2\/posts\/497676\/revisions\/497678"}],"wp:featuredmedia":[{"embeddable":true,"href":"https:\/\/diarioelpopular.com\/index.php\/wp-json\/wp\/v2\/media\/497677"}],"wp:attachment":[{"href":"https:\/\/diarioelpopular.com\/index.php\/wp-json\/wp\/v2\/media?parent=497676"}],"wp:term":[{"taxonomy":"category","embeddable":true,"href":"https:\/\/diarioelpopular.com\/index.php\/wp-json\/wp\/v2\/categories?post=497676"},{"taxonomy":"post_tag","embeddable":true,"href":"https:\/\/diarioelpopular.com\/index.php\/wp-json\/wp\/v2\/tags?post=497676"}],"curies":[{"name":"wp","href":"https:\/\/api.w.org\/{rel}","templated":true}]}}